{"id":1601,"date":"2016-05-20T14:27:24","date_gmt":"2016-05-20T12:27:24","guid":{"rendered":"https:\/\/socialpubli.com\/news\/?p=1601"},"modified":"2025-09-15T12:13:14","modified_gmt":"2025-09-15T10:13:14","slug":"evolucion-de-los-logos-de-las-redes-sociales","status":"publish","type":"post","link":"https:\/\/socialpubli.com\/blog\/es\/evolucion-de-los-logos-de-las-redes-sociales\/","title":{"rendered":"Evoluci\u00f3n de los logos de las redes sociales"},"content":{"rendered":"<p>La semana pasada nos despertamos con la noticia de que Instagram hab\u00eda renovado su imagen cambiando su m\u00edtico icono y \u00a1vaya revoluci\u00f3n hubo por las redes sociales! Pero no es la \u00fanica red social que ha cambiado con el tiempo, cada vez son m\u00e1s las que se unen a hacer el icono m\u00e1s simple y f\u00e1cil de asociar, y si no \u00a1echa un vistazo!<\/p>\n<p>&nbsp;<\/p>\n<p><img fetchpriority=\"high\" decoding=\"async\" class=\"aligncenter wp-image-1605 size-full\" src=\"https:\/\/socialpubli.com\/blog\/wp-content\/uploads\/2016\/05\/ins1.png\" alt=\"Instagram\" width=\"473\" height=\"207\" srcset=\"https:\/\/socialpubli.com\/blog\/wp-content\/uploads\/2016\/05\/ins1.png 473w, https:\/\/socialpubli.com\/blog\/wp-content\/uploads\/2016\/05\/ins1-200x88.png 200w, https:\/\/socialpubli.com\/blog\/wp-content\/uploads\/2016\/05\/ins1-300x131.png 300w, https:\/\/socialpubli.com\/blog\/wp-content\/uploads\/2016\/05\/ins1-400x175.png 400w, https:\/\/socialpubli.com\/blog\/wp-content\/uploads\/2016\/05\/ins1-50x22.png 50w\" sizes=\"(max-width: 473px) 100vw, 473px\" \/><\/p>\n<p>&nbsp;<\/p>\n<h2>Instagram<\/h2>\n<p>Instagram ha sido el \u00faltimo en el cambio de imagen, ahora es una c\u00e1mara colorida y viva, aunque nunca se nos olvidar\u00e1 su c\u00e1mara tradicional.<\/p>\n<p>Ya ha habido reacciones en las redes sociales de todo tipo, incluso han hecho gifs de ello.<\/p>\n<p>&nbsp;<\/p>\n<p><img decoding=\"async\" class=\"aligncenter wp-image-1607 size-full\" src=\"https:\/\/socialpubli.com\/blog\/wp-content\/uploads\/2016\/05\/tw1.png\" alt=\"Twitter\" width=\"526\" height=\"179\" srcset=\"https:\/\/socialpubli.com\/blog\/wp-content\/uploads\/2016\/05\/tw1.png 526w, https:\/\/socialpubli.com\/blog\/wp-content\/uploads\/2016\/05\/tw1-200x68.png 200w, https:\/\/socialpubli.com\/blog\/wp-content\/uploads\/2016\/05\/tw1-300x102.png 300w, https:\/\/socialpubli.com\/blog\/wp-content\/uploads\/2016\/05\/tw1-400x136.png 400w, https:\/\/socialpubli.com\/blog\/wp-content\/uploads\/2016\/05\/tw1-50x17.png 50w\" sizes=\"(max-width: 526px) 100vw, 526px\" \/><\/p>\n<p>&nbsp;<\/p>\n<h2>Twitter<\/h2>\n<p>El m\u00edtico pajarito de Twitter no siempre se ha presentado como lo vemos ahora, todos conocemos el icono del p\u00e1jaro azul que nos acompa\u00f1a cada d\u00eda para ponernos al d\u00eda de cualquier cosa que pase por el mundo.<\/p>\n<p>En 2006 era verde, \u00a1incre\u00edble pero cierto! En relieve, ten\u00eda verde claro y oscuro y su nombre era <em>Twttr<\/em>.<\/p>\n<p>Despu\u00e9s llegaron las letras azules y en 2010 se present\u00f3 las letras seguidas del p\u00e1jaro. No fue hasta 2012 cuando se vio al p\u00e1jaro solo y con un tono de azul m\u00e1s oscuro que al principio.<\/p>\n<p>El pajarito de Twitter tambi\u00e9n ha evolucionado con los a\u00f1os hasta convertirse en un dise\u00f1o m\u00e1s plano y sencillo.<\/p>\n<p><img decoding=\"async\" class=\"aligncenter wp-image-1608 size-full\" src=\"https:\/\/socialpubli.com\/blog\/wp-content\/uploads\/2016\/05\/Twitter.png\" alt=\"Twitter\" width=\"573\" height=\"139\" srcset=\"https:\/\/socialpubli.com\/blog\/wp-content\/uploads\/2016\/05\/Twitter.png 573w, https:\/\/socialpubli.com\/blog\/wp-content\/uploads\/2016\/05\/Twitter-200x49.png 200w, https:\/\/socialpubli.com\/blog\/wp-content\/uploads\/2016\/05\/Twitter-300x73.png 300w, https:\/\/socialpubli.com\/blog\/wp-content\/uploads\/2016\/05\/Twitter-400x97.png 400w, https:\/\/socialpubli.com\/blog\/wp-content\/uploads\/2016\/05\/Twitter-50x12.png 50w\" sizes=\"(max-width: 573px) 100vw, 573px\" \/><\/p>\n<p>Y Twitter no solo ha cambiado su imagen por fuera, tambi\u00e9n lo ha hecho por dentro, el a\u00f1o pasado cambiaron la estrella del fav. Por el coraz\u00f3n de like y no hab\u00eda mejor manera mostrar las reacciones de los propios usuarios de Twitter que por su plataforma.<\/p>\n<p><script src=\"\/\/platform.twitter.com\/widgets.js\" async=\"\" charset=\"utf-8\"><\/script><\/p>\n<h2>Tuenti<\/h2>\n<p>Nuestro querido Tuenti, tambi\u00e9n tuvo varios cambios hasta que desapareci\u00f3. Pero los cambios no fueron muy significativos, simplemente fue una cuesti\u00f3n de color. \u00a1Qu\u00e9 recuerdos nos traes querido Tuenti!<\/p>\n<p><img loading=\"lazy\" decoding=\"async\" class=\"aligncenter wp-image-1610 size-full\" src=\"https:\/\/socialpubli.com\/blog\/wp-content\/uploads\/2016\/05\/facebook.png\" alt=\"facebook\" width=\"695\" height=\"197\" srcset=\"https:\/\/socialpubli.com\/blog\/wp-content\/uploads\/2016\/05\/facebook.png 695w, https:\/\/socialpubli.com\/blog\/wp-content\/uploads\/2016\/05\/facebook-200x57.png 200w, https:\/\/socialpubli.com\/blog\/wp-content\/uploads\/2016\/05\/facebook-300x85.png 300w, https:\/\/socialpubli.com\/blog\/wp-content\/uploads\/2016\/05\/facebook-680x193.png 680w, https:\/\/socialpubli.com\/blog\/wp-content\/uploads\/2016\/05\/facebook-400x113.png 400w, https:\/\/socialpubli.com\/blog\/wp-content\/uploads\/2016\/05\/facebook-50x14.png 50w\" sizes=\"(max-width: 695px) 100vw, 695px\" \/><\/p>\n<p>&nbsp;<\/p>\n<h2>Facebook<\/h2>\n<p>Desde que en 2004 apareci\u00f3 la reina de las redes sociales, hemos podido ver una transformaci\u00f3n tanto fuera como por dentro. Y es que Facebook no iba a ser menos que las otras y la renovaci\u00f3n le ha sentado muy, pero que muy bien.<\/p>\n<p>Al principio se llamaba <em>The Facebook<\/em>, y despu\u00e9s con el nombre definitivo cambiaron la tipograf\u00eda.<\/p>\n<p>Adem\u00e1s, cada vez innovan m\u00e1s para que interactuemos en la red, \u00bflo \u00faltimo? Las nuevas reacciones para valorar las publicaciones de la gente. \u00a1Desde me encanta hasta me enoja!<\/p>\n<p><img loading=\"lazy\" decoding=\"async\" class=\"aligncenter wp-image-1611 size-large\" src=\"https:\/\/socialpubli.com\/blog\/wp-content\/uploads\/2016\/05\/Facebook-reactions-1024x180.png\" alt=\"Facebook \" width=\"1024\" height=\"180\" srcset=\"https:\/\/socialpubli.com\/blog\/wp-content\/uploads\/2016\/05\/Facebook-reactions-1024x180.png 1024w, https:\/\/socialpubli.com\/blog\/wp-content\/uploads\/2016\/05\/Facebook-reactions-200x35.png 200w, https:\/\/socialpubli.com\/blog\/wp-content\/uploads\/2016\/05\/Facebook-reactions-300x53.png 300w, https:\/\/socialpubli.com\/blog\/wp-content\/uploads\/2016\/05\/Facebook-reactions-768x135.png 768w, https:\/\/socialpubli.com\/blog\/wp-content\/uploads\/2016\/05\/Facebook-reactions-860x151.png 860w, https:\/\/socialpubli.com\/blog\/wp-content\/uploads\/2016\/05\/Facebook-reactions-680x119.png 680w, https:\/\/socialpubli.com\/blog\/wp-content\/uploads\/2016\/05\/Facebook-reactions-400x70.png 400w, https:\/\/socialpubli.com\/blog\/wp-content\/uploads\/2016\/05\/Facebook-reactions-50x9.png 50w, https:\/\/socialpubli.com\/blog\/wp-content\/uploads\/2016\/05\/Facebook-reactions.png 1289w\" sizes=\"(max-width: 1024px) 100vw, 1024px\" \/><\/p>\n<p>\u00a1Como ves esto de las redes no para! Y a ti, \u00bfqu\u00e9 reacci\u00f3n te provocan los cambios en las redes sociales?<\/p>\n","protected":false},"excerpt":{"rendered":"<p>La semana pasada nos despertamos con la noticia de que Instagram hab\u00eda renovado su imagen cambiando su m\u00edtico icono y \u00a1vaya revoluci\u00f3n hubo por las redes sociales! Pero no es la \u00fanica red social que ha cambiado con el tiempo, cada vez son m\u00e1s las que se unen a hacer el icono m\u00e1s simple y [&hellip;]<\/p>\n","protected":false},"author":2,"featured_media":772,"comment_status":"closed","ping_status":"closed","sticky":false,"template":"","format":"standard","meta":{"footnotes":""},"categories":[16],"tags":[40,29,26],"class_list":["post-1601","post","type-post","status-publish","format-standard","has-post-thumbnail","hentry","category-redes-sociales","tag-consejos-instagram","tag-facebook","tag-twitter"],"yoast_head":"<!-- This site is optimized with the Yoast SEO plugin v27.0 - https:\/\/yoast.com\/product\/yoast-seo-wordpress\/ -->\n<title>Evoluci\u00f3n de los logos de las redes sociales | SocialPubli Blog<\/title>\n<meta name=\"description\" content=\"La semana pasada nos despertamos con la noticia de que Instagram hab\u00eda renovado su imagen cambiando su m\u00edtico icono. \u00a1Vaya revoluci\u00f3n hubo por las redes!\" \/>\n<meta name=\"robots\" content=\"index, follow, max-snippet:-1, max-image-preview:large, max-video-preview:-1\" \/>\n<link rel=\"canonical\" href=\"https:\/\/socialpubli.com\/blog\/es\/evolucion-de-los-logos-de-las-redes-sociales\/\" \/>\n<meta property=\"og:locale\" content=\"es_ES\" \/>\n<meta property=\"og:type\" content=\"article\" \/>\n<meta property=\"og:title\" content=\"Evoluci\u00f3n de los logos de las redes sociales | SocialPubli Blog\" \/>\n<meta property=\"og:description\" content=\"La semana pasada nos despertamos con la noticia de que Instagram hab\u00eda renovado su imagen cambiando su m\u00edtico icono. \u00a1Vaya revoluci\u00f3n hubo por las redes!\" \/>\n<meta property=\"og:url\" content=\"https:\/\/socialpubli.com\/blog\/es\/evolucion-de-los-logos-de-las-redes-sociales\/\" \/>\n<meta property=\"og:site_name\" content=\"Social Publi Blog\" \/>\n<meta property=\"article:published_time\" content=\"2016-05-20T12:27:24+00:00\" \/>\n<meta property=\"article:modified_time\" content=\"2025-09-15T10:13:14+00:00\" \/>\n<meta property=\"og:image\" content=\"https:\/\/socialpubli.com\/blog\/wp-content\/uploads\/2015\/09\/8464661409_32aa7a26a6_b.jpg\" \/>\n\t<meta property=\"og:image:width\" content=\"960\" \/>\n\t<meta property=\"og:image:height\" content=\"756\" \/>\n\t<meta property=\"og:image:type\" content=\"image\/jpeg\" \/>\n<meta name=\"author\" content=\"Redacci\u00f3n\" \/>\n<meta name=\"twitter:card\" content=\"summary_large_image\" \/>\n<meta name=\"twitter:label1\" content=\"Escrito por\" \/>\n\t<meta name=\"twitter:data1\" content=\"Redacci\u00f3n\" \/>\n\t<meta name=\"twitter:label2\" content=\"Tiempo de lectura\" \/>\n\t<meta name=\"twitter:data2\" content=\"4 minutos\" \/>\n<script type=\"application\/ld+json\" class=\"yoast-schema-graph\">{\"@context\":\"https:\/\/schema.org\",\"@graph\":[{\"@type\":\"Article\",\"@id\":\"https:\/\/socialpubli.com\/blog\/es\/evolucion-de-los-logos-de-las-redes-sociales\/#article\",\"isPartOf\":{\"@id\":\"https:\/\/socialpubli.com\/blog\/es\/evolucion-de-los-logos-de-las-redes-sociales\/\"},\"author\":{\"name\":\"Redacci\u00f3n\",\"@id\":\"https:\/\/socialpubli.com\/blog\/#\/schema\/person\/26d7b037bc6b8f6a7086b73d14ce5d63\"},\"headline\":\"Evoluci\u00f3n de los logos de las redes sociales\",\"datePublished\":\"2016-05-20T12:27:24+00:00\",\"dateModified\":\"2025-09-15T10:13:14+00:00\",\"mainEntityOfPage\":{\"@id\":\"https:\/\/socialpubli.com\/blog\/es\/evolucion-de-los-logos-de-las-redes-sociales\/\"},\"wordCount\":453,\"publisher\":{\"@id\":\"https:\/\/socialpubli.com\/blog\/#organization\"},\"image\":{\"@id\":\"https:\/\/socialpubli.com\/blog\/es\/evolucion-de-los-logos-de-las-redes-sociales\/#primaryimage\"},\"thumbnailUrl\":\"https:\/\/socialpubli.com\/blog\/wp-content\/uploads\/2015\/09\/8464661409_32aa7a26a6_b.jpg\",\"keywords\":[\"Consejos Instagram\",\"facebook\",\"twitter\"],\"articleSection\":[\"Redes Sociales\"],\"inLanguage\":\"es\"},{\"@type\":\"WebPage\",\"@id\":\"https:\/\/socialpubli.com\/blog\/es\/evolucion-de-los-logos-de-las-redes-sociales\/\",\"url\":\"https:\/\/socialpubli.com\/blog\/es\/evolucion-de-los-logos-de-las-redes-sociales\/\",\"name\":\"Evoluci\u00f3n de los logos de las redes sociales | SocialPubli Blog\",\"isPartOf\":{\"@id\":\"https:\/\/socialpubli.com\/blog\/#website\"},\"primaryImageOfPage\":{\"@id\":\"https:\/\/socialpubli.com\/blog\/es\/evolucion-de-los-logos-de-las-redes-sociales\/#primaryimage\"},\"image\":{\"@id\":\"https:\/\/socialpubli.com\/blog\/es\/evolucion-de-los-logos-de-las-redes-sociales\/#primaryimage\"},\"thumbnailUrl\":\"https:\/\/socialpubli.com\/blog\/wp-content\/uploads\/2015\/09\/8464661409_32aa7a26a6_b.jpg\",\"datePublished\":\"2016-05-20T12:27:24+00:00\",\"dateModified\":\"2025-09-15T10:13:14+00:00\",\"description\":\"La semana pasada nos despertamos con la noticia de que Instagram hab\u00eda renovado su imagen cambiando su m\u00edtico icono. \u00a1Vaya revoluci\u00f3n hubo por las redes!\",\"breadcrumb\":{\"@id\":\"https:\/\/socialpubli.com\/blog\/es\/evolucion-de-los-logos-de-las-redes-sociales\/#breadcrumb\"},\"inLanguage\":\"es\",\"potentialAction\":[{\"@type\":\"ReadAction\",\"target\":[\"https:\/\/socialpubli.com\/blog\/es\/evolucion-de-los-logos-de-las-redes-sociales\/\"]}]},{\"@type\":\"ImageObject\",\"inLanguage\":\"es\",\"@id\":\"https:\/\/socialpubli.com\/blog\/es\/evolucion-de-los-logos-de-las-redes-sociales\/#primaryimage\",\"url\":\"https:\/\/socialpubli.com\/blog\/wp-content\/uploads\/2015\/09\/8464661409_32aa7a26a6_b.jpg\",\"contentUrl\":\"https:\/\/socialpubli.com\/blog\/wp-content\/uploads\/2015\/09\/8464661409_32aa7a26a6_b.jpg\",\"width\":960,\"height\":756,\"caption\":\"Redes Sociales\"},{\"@type\":\"BreadcrumbList\",\"@id\":\"https:\/\/socialpubli.com\/blog\/es\/evolucion-de-los-logos-de-las-redes-sociales\/#breadcrumb\",\"itemListElement\":[{\"@type\":\"ListItem\",\"position\":1,\"name\":\"Portada\",\"item\":\"https:\/\/socialpubli.com\/blog\/\"},{\"@type\":\"ListItem\",\"position\":2,\"name\":\"Evoluci\u00f3n de los logos de las redes sociales\"}]},{\"@type\":\"WebSite\",\"@id\":\"https:\/\/socialpubli.com\/blog\/#website\",\"url\":\"https:\/\/socialpubli.com\/blog\/\",\"name\":\"Social Publi Blog\",\"description\":\"Tendencias en marketing de influencers, branded content y estrategia en redes sociales.\",\"publisher\":{\"@id\":\"https:\/\/socialpubli.com\/blog\/#organization\"},\"potentialAction\":[{\"@type\":\"SearchAction\",\"target\":{\"@type\":\"EntryPoint\",\"urlTemplate\":\"https:\/\/socialpubli.com\/blog\/?s={search_term_string}\"},\"query-input\":{\"@type\":\"PropertyValueSpecification\",\"valueRequired\":true,\"valueName\":\"search_term_string\"}}],\"inLanguage\":\"es\"},{\"@type\":\"Organization\",\"@id\":\"https:\/\/socialpubli.com\/blog\/#organization\",\"name\":\"SocialPubli\",\"url\":\"https:\/\/socialpubli.com\/blog\/\",\"logo\":{\"@type\":\"ImageObject\",\"inLanguage\":\"es\",\"@id\":\"https:\/\/socialpubli.com\/blog\/#\/schema\/logo\/image\/\",\"url\":\"https:\/\/socialpubli.com\/blog\/wp-content\/uploads\/2017\/01\/logo-blog.png\",\"contentUrl\":\"https:\/\/socialpubli.com\/blog\/wp-content\/uploads\/2017\/01\/logo-blog.png\",\"width\":284,\"height\":53,\"caption\":\"SocialPubli\"},\"image\":{\"@id\":\"https:\/\/socialpubli.com\/blog\/#\/schema\/logo\/image\/\"}},{\"@type\":\"Person\",\"@id\":\"https:\/\/socialpubli.com\/blog\/#\/schema\/person\/26d7b037bc6b8f6a7086b73d14ce5d63\",\"name\":\"Redacci\u00f3n\",\"image\":{\"@type\":\"ImageObject\",\"inLanguage\":\"es\",\"@id\":\"https:\/\/socialpubli.com\/blog\/#\/schema\/person\/image\/\",\"url\":\"https:\/\/secure.gravatar.com\/avatar\/8eea57b285bdc2d2ad728ea4041506a69ae8e302228a422a8ef819d284c07da2?s=96&d=mm&r=g\",\"contentUrl\":\"https:\/\/secure.gravatar.com\/avatar\/8eea57b285bdc2d2ad728ea4041506a69ae8e302228a422a8ef819d284c07da2?s=96&d=mm&r=g\",\"caption\":\"Redacci\u00f3n\"},\"url\":\"https:\/\/socialpubli.com\/blog\/es\/author\/redaccion\/\"}]}<\/script>\n<!-- \/ Yoast SEO plugin. -->","yoast_head_json":{"title":"Evoluci\u00f3n de los logos de las redes sociales | SocialPubli Blog","description":"La semana pasada nos despertamos con la noticia de que Instagram hab\u00eda renovado su imagen cambiando su m\u00edtico icono. \u00a1Vaya revoluci\u00f3n hubo por las redes!","robots":{"index":"index","follow":"follow","max-snippet":"max-snippet:-1","max-image-preview":"max-image-preview:large","max-video-preview":"max-video-preview:-1"},"canonical":"https:\/\/socialpubli.com\/blog\/es\/evolucion-de-los-logos-de-las-redes-sociales\/","og_locale":"es_ES","og_type":"article","og_title":"Evoluci\u00f3n de los logos de las redes sociales | SocialPubli Blog","og_description":"La semana pasada nos despertamos con la noticia de que Instagram hab\u00eda renovado su imagen cambiando su m\u00edtico icono. \u00a1Vaya revoluci\u00f3n hubo por las redes!","og_url":"https:\/\/socialpubli.com\/blog\/es\/evolucion-de-los-logos-de-las-redes-sociales\/","og_site_name":"Social Publi Blog","article_published_time":"2016-05-20T12:27:24+00:00","article_modified_time":"2025-09-15T10:13:14+00:00","og_image":[{"width":960,"height":756,"url":"https:\/\/socialpubli.com\/blog\/wp-content\/uploads\/2015\/09\/8464661409_32aa7a26a6_b.jpg","type":"image\/jpeg"}],"author":"Redacci\u00f3n","twitter_card":"summary_large_image","twitter_misc":{"Escrito por":"Redacci\u00f3n","Tiempo de lectura":"4 minutos"},"schema":{"@context":"https:\/\/schema.org","@graph":[{"@type":"Article","@id":"https:\/\/socialpubli.com\/blog\/es\/evolucion-de-los-logos-de-las-redes-sociales\/#article","isPartOf":{"@id":"https:\/\/socialpubli.com\/blog\/es\/evolucion-de-los-logos-de-las-redes-sociales\/"},"author":{"name":"Redacci\u00f3n","@id":"https:\/\/socialpubli.com\/blog\/#\/schema\/person\/26d7b037bc6b8f6a7086b73d14ce5d63"},"headline":"Evoluci\u00f3n de los logos de las redes sociales","datePublished":"2016-05-20T12:27:24+00:00","dateModified":"2025-09-15T10:13:14+00:00","mainEntityOfPage":{"@id":"https:\/\/socialpubli.com\/blog\/es\/evolucion-de-los-logos-de-las-redes-sociales\/"},"wordCount":453,"publisher":{"@id":"https:\/\/socialpubli.com\/blog\/#organization"},"image":{"@id":"https:\/\/socialpubli.com\/blog\/es\/evolucion-de-los-logos-de-las-redes-sociales\/#primaryimage"},"thumbnailUrl":"https:\/\/socialpubli.com\/blog\/wp-content\/uploads\/2015\/09\/8464661409_32aa7a26a6_b.jpg","keywords":["Consejos Instagram","facebook","twitter"],"articleSection":["Redes Sociales"],"inLanguage":"es"},{"@type":"WebPage","@id":"https:\/\/socialpubli.com\/blog\/es\/evolucion-de-los-logos-de-las-redes-sociales\/","url":"https:\/\/socialpubli.com\/blog\/es\/evolucion-de-los-logos-de-las-redes-sociales\/","name":"Evoluci\u00f3n de los logos de las redes sociales | SocialPubli Blog","isPartOf":{"@id":"https:\/\/socialpubli.com\/blog\/#website"},"primaryImageOfPage":{"@id":"https:\/\/socialpubli.com\/blog\/es\/evolucion-de-los-logos-de-las-redes-sociales\/#primaryimage"},"image":{"@id":"https:\/\/socialpubli.com\/blog\/es\/evolucion-de-los-logos-de-las-redes-sociales\/#primaryimage"},"thumbnailUrl":"https:\/\/socialpubli.com\/blog\/wp-content\/uploads\/2015\/09\/8464661409_32aa7a26a6_b.jpg","datePublished":"2016-05-20T12:27:24+00:00","dateModified":"2025-09-15T10:13:14+00:00","description":"La semana pasada nos despertamos con la noticia de que Instagram hab\u00eda renovado su imagen cambiando su m\u00edtico icono. \u00a1Vaya revoluci\u00f3n hubo por las redes!","breadcrumb":{"@id":"https:\/\/socialpubli.com\/blog\/es\/evolucion-de-los-logos-de-las-redes-sociales\/#breadcrumb"},"inLanguage":"es","potentialAction":[{"@type":"ReadAction","target":["https:\/\/socialpubli.com\/blog\/es\/evolucion-de-los-logos-de-las-redes-sociales\/"]}]},{"@type":"ImageObject","inLanguage":"es","@id":"https:\/\/socialpubli.com\/blog\/es\/evolucion-de-los-logos-de-las-redes-sociales\/#primaryimage","url":"https:\/\/socialpubli.com\/blog\/wp-content\/uploads\/2015\/09\/8464661409_32aa7a26a6_b.jpg","contentUrl":"https:\/\/socialpubli.com\/blog\/wp-content\/uploads\/2015\/09\/8464661409_32aa7a26a6_b.jpg","width":960,"height":756,"caption":"Redes Sociales"},{"@type":"BreadcrumbList","@id":"https:\/\/socialpubli.com\/blog\/es\/evolucion-de-los-logos-de-las-redes-sociales\/#breadcrumb","itemListElement":[{"@type":"ListItem","position":1,"name":"Portada","item":"https:\/\/socialpubli.com\/blog\/"},{"@type":"ListItem","position":2,"name":"Evoluci\u00f3n de los logos de las redes sociales"}]},{"@type":"WebSite","@id":"https:\/\/socialpubli.com\/blog\/#website","url":"https:\/\/socialpubli.com\/blog\/","name":"Social Publi Blog","description":"Tendencias en marketing de influencers, branded content y estrategia en redes sociales.","publisher":{"@id":"https:\/\/socialpubli.com\/blog\/#organization"},"potentialAction":[{"@type":"SearchAction","target":{"@type":"EntryPoint","urlTemplate":"https:\/\/socialpubli.com\/blog\/?s={search_term_string}"},"query-input":{"@type":"PropertyValueSpecification","valueRequired":true,"valueName":"search_term_string"}}],"inLanguage":"es"},{"@type":"Organization","@id":"https:\/\/socialpubli.com\/blog\/#organization","name":"SocialPubli","url":"https:\/\/socialpubli.com\/blog\/","logo":{"@type":"ImageObject","inLanguage":"es","@id":"https:\/\/socialpubli.com\/blog\/#\/schema\/logo\/image\/","url":"https:\/\/socialpubli.com\/blog\/wp-content\/uploads\/2017\/01\/logo-blog.png","contentUrl":"https:\/\/socialpubli.com\/blog\/wp-content\/uploads\/2017\/01\/logo-blog.png","width":284,"height":53,"caption":"SocialPubli"},"image":{"@id":"https:\/\/socialpubli.com\/blog\/#\/schema\/logo\/image\/"}},{"@type":"Person","@id":"https:\/\/socialpubli.com\/blog\/#\/schema\/person\/26d7b037bc6b8f6a7086b73d14ce5d63","name":"Redacci\u00f3n","image":{"@type":"ImageObject","inLanguage":"es","@id":"https:\/\/socialpubli.com\/blog\/#\/schema\/person\/image\/","url":"https:\/\/secure.gravatar.com\/avatar\/8eea57b285bdc2d2ad728ea4041506a69ae8e302228a422a8ef819d284c07da2?s=96&d=mm&r=g","contentUrl":"https:\/\/secure.gravatar.com\/avatar\/8eea57b285bdc2d2ad728ea4041506a69ae8e302228a422a8ef819d284c07da2?s=96&d=mm&r=g","caption":"Redacci\u00f3n"},"url":"https:\/\/socialpubli.com\/blog\/es\/author\/redaccion\/"}]}},"_links":{"self":[{"href":"https:\/\/socialpubli.com\/blog\/es\/wp-json\/wp\/v2\/posts\/1601","targetHints":{"allow":["GET"]}}],"collection":[{"href":"https:\/\/socialpubli.com\/blog\/es\/wp-json\/wp\/v2\/posts"}],"about":[{"href":"https:\/\/socialpubli.com\/blog\/es\/wp-json\/wp\/v2\/types\/post"}],"author":[{"embeddable":true,"href":"https:\/\/socialpubli.com\/blog\/es\/wp-json\/wp\/v2\/users\/2"}],"replies":[{"embeddable":true,"href":"https:\/\/socialpubli.com\/blog\/es\/wp-json\/wp\/v2\/comments?post=1601"}],"version-history":[{"count":11,"href":"https:\/\/socialpubli.com\/blog\/es\/wp-json\/wp\/v2\/posts\/1601\/revisions"}],"predecessor-version":[{"id":27533,"href":"https:\/\/socialpubli.com\/blog\/es\/wp-json\/wp\/v2\/posts\/1601\/revisions\/27533"}],"wp:featuredmedia":[{"embeddable":true,"href":"https:\/\/socialpubli.com\/blog\/es\/wp-json\/wp\/v2\/media\/772"}],"wp:attachment":[{"href":"https:\/\/socialpubli.com\/blog\/es\/wp-json\/wp\/v2\/media?parent=1601"}],"wp:term":[{"taxonomy":"category","embeddable":true,"href":"https:\/\/socialpubli.com\/blog\/es\/wp-json\/wp\/v2\/categories?post=1601"},{"taxonomy":"post_tag","embeddable":true,"href":"https:\/\/socialpubli.com\/blog\/es\/wp-json\/wp\/v2\/tags?post=1601"}],"curies":[{"name":"wp","href":"https:\/\/api.w.org\/{rel}","templated":true}]}}