{"id":17121,"date":"2023-08-02T12:30:07","date_gmt":"2023-08-02T10:30:07","guid":{"rendered":"https:\/\/socialpubli.com\/blog\/?p=17121"},"modified":"2025-08-21T13:36:26","modified_gmt":"2025-08-21T11:36:26","slug":"darme-de-baja-linkedin","status":"publish","type":"post","link":"https:\/\/socialpubli.com\/blog\/es\/darme-de-baja-linkedin\/","title":{"rendered":"C\u00f3mo darme de baja en LinkedIn"},"content":{"rendered":"<p>Existen multitud de razones por las que alguien querr\u00eda <strong>darse de baja en LinkedIn<\/strong>.<\/p>\n<p>Esta red social de tem\u00e1tica profesional, puede ayudarte a encontrar trabajo y a realizar conexiones laborales. Sin embargo, para mantener una cuenta de LinkedIn activa y con repercusi\u00f3n, debes aportar un esfuerzo constante. Hoy te explicaremos <strong>c\u00f3mo eliminar tu cuenta de LinkedIn<\/strong> de forma definitiva y de una manera muy sencilla.<\/p>\n<p><em>Te recomendamos: <a href=\"https:\/\/socialpubli.com\/es\/blog\/encontrar-trabajo-con-las-redes-sociales\/\">Encontrar trabajo con las Redes Sociales<\/a><\/em><\/p>\n<h2>Darme de baja en LinkedIn<\/h2>\n<p>Antes de eliminar tu cuenta de<a href=\"https:\/\/www.linkedin.com\/\"> LinkedIn<\/a>, debes saber que este <strong>proceso ser\u00e1 permanente<\/strong> y que no podr\u00e1s recuperarla. Es decir, <strong>borrar\u00e1s<\/strong>\u00a0toda la informaci\u00f3n que hayas recopilado, publicado y compartido. Adem\u00e1s, <strong>dejar\u00e1s de tener acceso<\/strong> a tu perfil para siempre.<\/p>\n<figure id=\"attachment_17134\" aria-describedby=\"caption-attachment-17134\" style=\"width: 472px\" class=\"wp-caption aligncenter\"><a href=\"https:\/\/socialpubli.com\/blog\/wp-content\/uploads\/2023\/07\/200.gif\"><img fetchpriority=\"high\" decoding=\"async\" class=\" wp-image-17134\" src=\"https:\/\/socialpubli.com\/blog\/wp-content\/uploads\/2023\/07\/200.gif\" alt=\"Borrar una cuenta de LinkedIn\" width=\"472\" height=\"266\" \/><\/a><figcaption id=\"caption-attachment-17134\" class=\"wp-caption-text\">Borrar una cuenta de LinkedIn<\/figcaption><\/figure>\n<p>Recuerda que tienes la opci\u00f3n de <strong>pausar la cuenta<\/strong> en el caso de que quieras darte un <strong>descanso indefinido<\/strong>. As\u00ed, ocultar\u00e1s tu perfil y actividad temporalmente sin tener que cerrar tu cuenta radicalmente.<\/p>\n<h3>Razones para borrar tu perfil de LinkedIn<\/h3>\n<p>Como mencionamos anteriormente, existen diversas razones por las que alguien querr\u00eda eliminar su cuenta de LinkedIn para siempre. Estos son algunos ejemplos de peso mayor:<\/p>\n<ul>\n<li>Privacidad y seguridad. Quiz\u00e1s te sientes inc\u00f3modo con la cantidad de informaci\u00f3n personal y profesional compartida en LinkedIn.<\/li>\n<li>Falta de relevancia o interacci\u00f3n. No obtienes beneficios profesionales o no recibes suficiente interacci\u00f3n con tu red de contactos. Por eso es mejor centrarte en otras plataformas m\u00e1s adecuadas para tus objetivos.<\/li>\n<li>Reducci\u00f3n del tiempo en redes sociales. Buscas simplificar tu presencia en l\u00ednea y priorizas tu productividad borrando cuentas no esenciales.<\/li>\n<li>Cambio de carrera o enfoque profesional. Al cambiar de industria o profesi\u00f3n, es posible que LinkedIn ya no se ajuste a tus necesidades y objetivos laborales.<\/li>\n<li>Experiencia negativa o falta de autenticidad. Adem\u00e1s, experiencias negativas con conexiones poco genuinas o spam pueden desalentarte. D\u00e1ndote de baja en LinkedIn evitar\u00e1s interacciones in\u00fatiles.<\/li>\n<\/ul>\n<h2>Pasos para darme de baja en LinkedIn permanentemente<\/h2>\n<p>En el caso de que finalmente decidas eliminar tu cuenta de LinkedIn, sigue los siguientes pasos:<\/p>\n<p>1. En primer lugar, si tienes una suscripci\u00f3n a LinkedIn Premium, tendr\u00e1s que cancelarla. De igual manera, si eres propietario de alg\u00fan grupo, tendr\u00e1s que dejarlo.<\/p>\n<p>2. Ahora ya puedes comenzar a eliminar tu cuenta. Pulsa en el icono Yo que aparece junto a tu avatar en la parte superior derecha de la pantalla.<\/p>\n<p>3. En el men\u00fa desplegable que aparece, selecciona Ajustes y privacidad que est\u00e1 en el apartado de Cuenta.<\/p>\n<figure id=\"attachment_17122\" aria-describedby=\"caption-attachment-17122\" style=\"width: 698px\" class=\"wp-caption aligncenter\"><a href=\"https:\/\/socialpubli.com\/blog\/wp-content\/uploads\/2023\/07\/Captura-de-Pantalla-2023-07-31-a-las-11.32.04.png\"><img decoding=\"async\" class=\"wp-image-17122\" src=\"https:\/\/socialpubli.com\/blog\/wp-content\/uploads\/2023\/07\/Captura-de-Pantalla-2023-07-31-a-las-11.32.04.png\" alt=\"Darme de baja de LinkedIn\" width=\"698\" height=\"490\" srcset=\"https:\/\/socialpubli.com\/blog\/wp-content\/uploads\/2023\/07\/Captura-de-Pantalla-2023-07-31-a-las-11.32.04.png 786w, https:\/\/socialpubli.com\/blog\/wp-content\/uploads\/2023\/07\/Captura-de-Pantalla-2023-07-31-a-las-11.32.04-300x211.png 300w, https:\/\/socialpubli.com\/blog\/wp-content\/uploads\/2023\/07\/Captura-de-Pantalla-2023-07-31-a-las-11.32.04-768x539.png 768w\" sizes=\"(max-width: 698px) 100vw, 698px\" \/><\/a><figcaption id=\"caption-attachment-17122\" class=\"wp-caption-text\">Darme de baja de LinkedIn<\/figcaption><\/figure>\n<p>4. Entra en Preferencias de la cuenta y haz clic en el bot\u00f3n Cerrar cuenta que aparece en el apartado de Gesti\u00f3n de la cuenta.<\/p>\n<figure id=\"attachment_17126\" aria-describedby=\"caption-attachment-17126\" style=\"width: 832px\" class=\"wp-caption aligncenter\"><a href=\"https:\/\/socialpubli.com\/blog\/wp-content\/uploads\/2023\/07\/Captura-de-Pantalla-2023-07-31-a-las-11.34.27.png\"><img decoding=\"async\" class=\" wp-image-17126\" src=\"https:\/\/socialpubli.com\/blog\/wp-content\/uploads\/2023\/07\/Captura-de-Pantalla-2023-07-31-a-las-11.34.27-1024x549.png\" alt=\"C\u00f3mo darme de baja en LinkedIn\" width=\"832\" height=\"446\" srcset=\"https:\/\/socialpubli.com\/blog\/wp-content\/uploads\/2023\/07\/Captura-de-Pantalla-2023-07-31-a-las-11.34.27-1024x549.png 1024w, https:\/\/socialpubli.com\/blog\/wp-content\/uploads\/2023\/07\/Captura-de-Pantalla-2023-07-31-a-las-11.34.27-300x161.png 300w, https:\/\/socialpubli.com\/blog\/wp-content\/uploads\/2023\/07\/Captura-de-Pantalla-2023-07-31-a-las-11.34.27-768x412.png 768w, https:\/\/socialpubli.com\/blog\/wp-content\/uploads\/2023\/07\/Captura-de-Pantalla-2023-07-31-a-las-11.34.27.png 1532w\" sizes=\"(max-width: 832px) 100vw, 832px\" \/><\/a><figcaption id=\"caption-attachment-17126\" class=\"wp-caption-text\">C\u00f3mo darme de baja en LinkedIn<\/figcaption><\/figure>\n<p>5. La red social te pedir\u00e1 una explicaci\u00f3n. Elige la respuesta correcta y describe brevemente con tus palabras la raz\u00f3n.<\/p>\n<p>6. Introduce la contrase\u00f1a de tu cuenta y finalmente, selecciona Hecho.<\/p>\n<p><em>No te pierdas: <a href=\"https:\/\/socialpubli.com\/es\/blog\/como-eliminar-cuenta-instagram\/\">\u00bfC\u00f3mo eliminar una cuenta de Instagram?<\/a><\/em><\/p>\n<h3>C\u00f3mo recuperar una cuenta de LinkedIn eliminada<\/h3>\n<p>Solo podr\u00e1s reabrir tu cuenta de LinkedIn si han pasado <strong>menos de 20 d\u00edas<\/strong> desde que la eliminaste. Una vez acabado este plazo, tu cuenta <strong>se borrar\u00e1 del sistema para siempre<\/strong> y no podr\u00e1s recuperarla nunca m\u00e1s.<\/p>\n","protected":false},"excerpt":{"rendered":"<p>Existen multitud de razones por las que alguien querr\u00eda darse de baja en LinkedIn. Esta red social de tem\u00e1tica profesional, puede ayudarte a encontrar trabajo y a realizar conexiones laborales. Sin embargo, para mantener una cuenta de LinkedIn activa y con repercusi\u00f3n, debes aportar un esfuerzo constante. Hoy te explicaremos c\u00f3mo eliminar tu cuenta de [&hellip;]<\/p>\n","protected":false},"author":19,"featured_media":17130,"comment_status":"closed","ping_status":"closed","sticky":false,"template":"","format":"standard","meta":{"footnotes":""},"categories":[16],"tags":[],"class_list":["post-17121","post","type-post","status-publish","format-standard","has-post-thumbnail","hentry","category-redes-sociales"],"yoast_head":"<!-- This site is optimized with the Yoast SEO plugin v27.0 - https:\/\/yoast.com\/product\/yoast-seo-wordpress\/ -->\n<title>C\u00f3mo darme de baja en LinkedIn | SocialPubli Blog<\/title>\n<meta name=\"description\" content=\"Aprende c\u00f3mo darme de baja en LinkedIn de manera f\u00e1cil. Sigue los pasos necesarios para desactivar tu perfil y gestionar tus preferencias de privacidad.\" \/>\n<meta name=\"robots\" content=\"index, follow, max-snippet:-1, max-image-preview:large, max-video-preview:-1\" \/>\n<link rel=\"canonical\" href=\"https:\/\/socialpubli.com\/blog\/es\/darme-de-baja-linkedin\/\" \/>\n<meta property=\"og:locale\" content=\"es_ES\" \/>\n<meta property=\"og:type\" content=\"article\" \/>\n<meta property=\"og:title\" content=\"C\u00f3mo darme de baja en LinkedIn | SocialPubli Blog\" \/>\n<meta property=\"og:description\" content=\"Aprende c\u00f3mo darme de baja en LinkedIn de manera f\u00e1cil. Sigue los pasos necesarios para desactivar tu perfil y gestionar tus preferencias de privacidad.\" \/>\n<meta property=\"og:url\" content=\"https:\/\/socialpubli.com\/blog\/es\/darme-de-baja-linkedin\/\" \/>\n<meta property=\"og:site_name\" content=\"Social Publi Blog\" \/>\n<meta property=\"article:published_time\" content=\"2023-08-02T10:30:07+00:00\" \/>\n<meta property=\"article:modified_time\" content=\"2025-08-21T11:36:26+00:00\" \/>\n<meta property=\"og:image\" content=\"https:\/\/socialpubli.com\/blog\/wp-content\/uploads\/2023\/07\/2023.08.02.EliminarLK.png\" \/>\n\t<meta property=\"og:image:width\" content=\"1067\" \/>\n\t<meta property=\"og:image:height\" content=\"556\" \/>\n\t<meta property=\"og:image:type\" content=\"image\/png\" \/>\n<meta name=\"author\" content=\"Contenidos SocialPubli\" \/>\n<meta name=\"twitter:card\" content=\"summary_large_image\" \/>\n<meta name=\"twitter:label1\" content=\"Escrito por\" \/>\n\t<meta name=\"twitter:data1\" content=\"Contenidos SocialPubli\" \/>\n\t<meta name=\"twitter:label2\" content=\"Tiempo de lectura\" \/>\n\t<meta name=\"twitter:data2\" content=\"4 minutos\" \/>\n<script type=\"application\/ld+json\" class=\"yoast-schema-graph\">{\"@context\":\"https:\/\/schema.org\",\"@graph\":[{\"@type\":\"Article\",\"@id\":\"https:\/\/socialpubli.com\/blog\/es\/darme-de-baja-linkedin\/#article\",\"isPartOf\":{\"@id\":\"https:\/\/socialpubli.com\/blog\/es\/darme-de-baja-linkedin\/\"},\"author\":{\"name\":\"Contenidos SocialPubli\",\"@id\":\"https:\/\/socialpubli.com\/blog\/#\/schema\/person\/3503a1e36cdf7ae10de5ed9cd93e58a6\"},\"headline\":\"C\u00f3mo darme de baja en LinkedIn\",\"datePublished\":\"2023-08-02T10:30:07+00:00\",\"dateModified\":\"2025-08-21T11:36:26+00:00\",\"mainEntityOfPage\":{\"@id\":\"https:\/\/socialpubli.com\/blog\/es\/darme-de-baja-linkedin\/\"},\"wordCount\":588,\"publisher\":{\"@id\":\"https:\/\/socialpubli.com\/blog\/#organization\"},\"image\":{\"@id\":\"https:\/\/socialpubli.com\/blog\/es\/darme-de-baja-linkedin\/#primaryimage\"},\"thumbnailUrl\":\"https:\/\/socialpubli.com\/blog\/wp-content\/uploads\/2023\/07\/2023.08.02.EliminarLK.png\",\"articleSection\":[\"Redes Sociales\"],\"inLanguage\":\"es\"},{\"@type\":\"WebPage\",\"@id\":\"https:\/\/socialpubli.com\/blog\/es\/darme-de-baja-linkedin\/\",\"url\":\"https:\/\/socialpubli.com\/blog\/es\/darme-de-baja-linkedin\/\",\"name\":\"C\u00f3mo darme de baja en LinkedIn | SocialPubli Blog\",\"isPartOf\":{\"@id\":\"https:\/\/socialpubli.com\/blog\/#website\"},\"primaryImageOfPage\":{\"@id\":\"https:\/\/socialpubli.com\/blog\/es\/darme-de-baja-linkedin\/#primaryimage\"},\"image\":{\"@id\":\"https:\/\/socialpubli.com\/blog\/es\/darme-de-baja-linkedin\/#primaryimage\"},\"thumbnailUrl\":\"https:\/\/socialpubli.com\/blog\/wp-content\/uploads\/2023\/07\/2023.08.02.EliminarLK.png\",\"datePublished\":\"2023-08-02T10:30:07+00:00\",\"dateModified\":\"2025-08-21T11:36:26+00:00\",\"description\":\"Aprende c\u00f3mo darme de baja en LinkedIn de manera f\u00e1cil. Sigue los pasos necesarios para desactivar tu perfil y gestionar tus preferencias de privacidad.\",\"breadcrumb\":{\"@id\":\"https:\/\/socialpubli.com\/blog\/es\/darme-de-baja-linkedin\/#breadcrumb\"},\"inLanguage\":\"es\",\"potentialAction\":[{\"@type\":\"ReadAction\",\"target\":[\"https:\/\/socialpubli.com\/blog\/es\/darme-de-baja-linkedin\/\"]}]},{\"@type\":\"ImageObject\",\"inLanguage\":\"es\",\"@id\":\"https:\/\/socialpubli.com\/blog\/es\/darme-de-baja-linkedin\/#primaryimage\",\"url\":\"https:\/\/socialpubli.com\/blog\/wp-content\/uploads\/2023\/07\/2023.08.02.EliminarLK.png\",\"contentUrl\":\"https:\/\/socialpubli.com\/blog\/wp-content\/uploads\/2023\/07\/2023.08.02.EliminarLK.png\",\"width\":1067,\"height\":556,\"caption\":\"Darse de baja en LinkedIn\"},{\"@type\":\"BreadcrumbList\",\"@id\":\"https:\/\/socialpubli.com\/blog\/es\/darme-de-baja-linkedin\/#breadcrumb\",\"itemListElement\":[{\"@type\":\"ListItem\",\"position\":1,\"name\":\"Portada\",\"item\":\"https:\/\/socialpubli.com\/blog\/\"},{\"@type\":\"ListItem\",\"position\":2,\"name\":\"C\u00f3mo darme de baja en LinkedIn\"}]},{\"@type\":\"WebSite\",\"@id\":\"https:\/\/socialpubli.com\/blog\/#website\",\"url\":\"https:\/\/socialpubli.com\/blog\/\",\"name\":\"Social Publi Blog\",\"description\":\"Tendencias en marketing de influencers, branded content y estrategia en redes sociales.\",\"publisher\":{\"@id\":\"https:\/\/socialpubli.com\/blog\/#organization\"},\"potentialAction\":[{\"@type\":\"SearchAction\",\"target\":{\"@type\":\"EntryPoint\",\"urlTemplate\":\"https:\/\/socialpubli.com\/blog\/?s={search_term_string}\"},\"query-input\":{\"@type\":\"PropertyValueSpecification\",\"valueRequired\":true,\"valueName\":\"search_term_string\"}}],\"inLanguage\":\"es\"},{\"@type\":\"Organization\",\"@id\":\"https:\/\/socialpubli.com\/blog\/#organization\",\"name\":\"SocialPubli\",\"url\":\"https:\/\/socialpubli.com\/blog\/\",\"logo\":{\"@type\":\"ImageObject\",\"inLanguage\":\"es\",\"@id\":\"https:\/\/socialpubli.com\/blog\/#\/schema\/logo\/image\/\",\"url\":\"https:\/\/socialpubli.com\/blog\/wp-content\/uploads\/2017\/01\/logo-blog.png\",\"contentUrl\":\"https:\/\/socialpubli.com\/blog\/wp-content\/uploads\/2017\/01\/logo-blog.png\",\"width\":284,\"height\":53,\"caption\":\"SocialPubli\"},\"image\":{\"@id\":\"https:\/\/socialpubli.com\/blog\/#\/schema\/logo\/image\/\"}},{\"@type\":\"Person\",\"@id\":\"https:\/\/socialpubli.com\/blog\/#\/schema\/person\/3503a1e36cdf7ae10de5ed9cd93e58a6\",\"name\":\"Contenidos SocialPubli\",\"image\":{\"@type\":\"ImageObject\",\"inLanguage\":\"es\",\"@id\":\"https:\/\/socialpubli.com\/blog\/#\/schema\/person\/image\/\",\"url\":\"https:\/\/secure.gravatar.com\/avatar\/6500bcb0c09a6cc2eb3046eb2a3105074865958285edf4dd34a48718c081c4a4?s=96&d=mm&r=g\",\"contentUrl\":\"https:\/\/secure.gravatar.com\/avatar\/6500bcb0c09a6cc2eb3046eb2a3105074865958285edf4dd34a48718c081c4a4?s=96&d=mm&r=g\",\"caption\":\"Contenidos SocialPubli\"},\"url\":\"https:\/\/socialpubli.com\/blog\/es\/author\/contenidos\/\"}]}<\/script>\n<!-- \/ Yoast SEO plugin. -->","yoast_head_json":{"title":"C\u00f3mo darme de baja en LinkedIn | SocialPubli Blog","description":"Aprende c\u00f3mo darme de baja en LinkedIn de manera f\u00e1cil. Sigue los pasos necesarios para desactivar tu perfil y gestionar tus preferencias de privacidad.","robots":{"index":"index","follow":"follow","max-snippet":"max-snippet:-1","max-image-preview":"max-image-preview:large","max-video-preview":"max-video-preview:-1"},"canonical":"https:\/\/socialpubli.com\/blog\/es\/darme-de-baja-linkedin\/","og_locale":"es_ES","og_type":"article","og_title":"C\u00f3mo darme de baja en LinkedIn | SocialPubli Blog","og_description":"Aprende c\u00f3mo darme de baja en LinkedIn de manera f\u00e1cil. Sigue los pasos necesarios para desactivar tu perfil y gestionar tus preferencias de privacidad.","og_url":"https:\/\/socialpubli.com\/blog\/es\/darme-de-baja-linkedin\/","og_site_name":"Social Publi Blog","article_published_time":"2023-08-02T10:30:07+00:00","article_modified_time":"2025-08-21T11:36:26+00:00","og_image":[{"width":1067,"height":556,"url":"https:\/\/socialpubli.com\/blog\/wp-content\/uploads\/2023\/07\/2023.08.02.EliminarLK.png","type":"image\/png"}],"author":"Contenidos SocialPubli","twitter_card":"summary_large_image","twitter_misc":{"Escrito por":"Contenidos SocialPubli","Tiempo de lectura":"4 minutos"},"schema":{"@context":"https:\/\/schema.org","@graph":[{"@type":"Article","@id":"https:\/\/socialpubli.com\/blog\/es\/darme-de-baja-linkedin\/#article","isPartOf":{"@id":"https:\/\/socialpubli.com\/blog\/es\/darme-de-baja-linkedin\/"},"author":{"name":"Contenidos SocialPubli","@id":"https:\/\/socialpubli.com\/blog\/#\/schema\/person\/3503a1e36cdf7ae10de5ed9cd93e58a6"},"headline":"C\u00f3mo darme de baja en LinkedIn","datePublished":"2023-08-02T10:30:07+00:00","dateModified":"2025-08-21T11:36:26+00:00","mainEntityOfPage":{"@id":"https:\/\/socialpubli.com\/blog\/es\/darme-de-baja-linkedin\/"},"wordCount":588,"publisher":{"@id":"https:\/\/socialpubli.com\/blog\/#organization"},"image":{"@id":"https:\/\/socialpubli.com\/blog\/es\/darme-de-baja-linkedin\/#primaryimage"},"thumbnailUrl":"https:\/\/socialpubli.com\/blog\/wp-content\/uploads\/2023\/07\/2023.08.02.EliminarLK.png","articleSection":["Redes Sociales"],"inLanguage":"es"},{"@type":"WebPage","@id":"https:\/\/socialpubli.com\/blog\/es\/darme-de-baja-linkedin\/","url":"https:\/\/socialpubli.com\/blog\/es\/darme-de-baja-linkedin\/","name":"C\u00f3mo darme de baja en LinkedIn | SocialPubli Blog","isPartOf":{"@id":"https:\/\/socialpubli.com\/blog\/#website"},"primaryImageOfPage":{"@id":"https:\/\/socialpubli.com\/blog\/es\/darme-de-baja-linkedin\/#primaryimage"},"image":{"@id":"https:\/\/socialpubli.com\/blog\/es\/darme-de-baja-linkedin\/#primaryimage"},"thumbnailUrl":"https:\/\/socialpubli.com\/blog\/wp-content\/uploads\/2023\/07\/2023.08.02.EliminarLK.png","datePublished":"2023-08-02T10:30:07+00:00","dateModified":"2025-08-21T11:36:26+00:00","description":"Aprende c\u00f3mo darme de baja en LinkedIn de manera f\u00e1cil. Sigue los pasos necesarios para desactivar tu perfil y gestionar tus preferencias de privacidad.","breadcrumb":{"@id":"https:\/\/socialpubli.com\/blog\/es\/darme-de-baja-linkedin\/#breadcrumb"},"inLanguage":"es","potentialAction":[{"@type":"ReadAction","target":["https:\/\/socialpubli.com\/blog\/es\/darme-de-baja-linkedin\/"]}]},{"@type":"ImageObject","inLanguage":"es","@id":"https:\/\/socialpubli.com\/blog\/es\/darme-de-baja-linkedin\/#primaryimage","url":"https:\/\/socialpubli.com\/blog\/wp-content\/uploads\/2023\/07\/2023.08.02.EliminarLK.png","contentUrl":"https:\/\/socialpubli.com\/blog\/wp-content\/uploads\/2023\/07\/2023.08.02.EliminarLK.png","width":1067,"height":556,"caption":"Darse de baja en LinkedIn"},{"@type":"BreadcrumbList","@id":"https:\/\/socialpubli.com\/blog\/es\/darme-de-baja-linkedin\/#breadcrumb","itemListElement":[{"@type":"ListItem","position":1,"name":"Portada","item":"https:\/\/socialpubli.com\/blog\/"},{"@type":"ListItem","position":2,"name":"C\u00f3mo darme de baja en LinkedIn"}]},{"@type":"WebSite","@id":"https:\/\/socialpubli.com\/blog\/#website","url":"https:\/\/socialpubli.com\/blog\/","name":"Social Publi Blog","description":"Tendencias en marketing de influencers, branded content y estrategia en redes sociales.","publisher":{"@id":"https:\/\/socialpubli.com\/blog\/#organization"},"potentialAction":[{"@type":"SearchAction","target":{"@type":"EntryPoint","urlTemplate":"https:\/\/socialpubli.com\/blog\/?s={search_term_string}"},"query-input":{"@type":"PropertyValueSpecification","valueRequired":true,"valueName":"search_term_string"}}],"inLanguage":"es"},{"@type":"Organization","@id":"https:\/\/socialpubli.com\/blog\/#organization","name":"SocialPubli","url":"https:\/\/socialpubli.com\/blog\/","logo":{"@type":"ImageObject","inLanguage":"es","@id":"https:\/\/socialpubli.com\/blog\/#\/schema\/logo\/image\/","url":"https:\/\/socialpubli.com\/blog\/wp-content\/uploads\/2017\/01\/logo-blog.png","contentUrl":"https:\/\/socialpubli.com\/blog\/wp-content\/uploads\/2017\/01\/logo-blog.png","width":284,"height":53,"caption":"SocialPubli"},"image":{"@id":"https:\/\/socialpubli.com\/blog\/#\/schema\/logo\/image\/"}},{"@type":"Person","@id":"https:\/\/socialpubli.com\/blog\/#\/schema\/person\/3503a1e36cdf7ae10de5ed9cd93e58a6","name":"Contenidos SocialPubli","image":{"@type":"ImageObject","inLanguage":"es","@id":"https:\/\/socialpubli.com\/blog\/#\/schema\/person\/image\/","url":"https:\/\/secure.gravatar.com\/avatar\/6500bcb0c09a6cc2eb3046eb2a3105074865958285edf4dd34a48718c081c4a4?s=96&d=mm&r=g","contentUrl":"https:\/\/secure.gravatar.com\/avatar\/6500bcb0c09a6cc2eb3046eb2a3105074865958285edf4dd34a48718c081c4a4?s=96&d=mm&r=g","caption":"Contenidos SocialPubli"},"url":"https:\/\/socialpubli.com\/blog\/es\/author\/contenidos\/"}]}},"_links":{"self":[{"href":"https:\/\/socialpubli.com\/blog\/es\/wp-json\/wp\/v2\/posts\/17121","targetHints":{"allow":["GET"]}}],"collection":[{"href":"https:\/\/socialpubli.com\/blog\/es\/wp-json\/wp\/v2\/posts"}],"about":[{"href":"https:\/\/socialpubli.com\/blog\/es\/wp-json\/wp\/v2\/types\/post"}],"author":[{"embeddable":true,"href":"https:\/\/socialpubli.com\/blog\/es\/wp-json\/wp\/v2\/users\/19"}],"replies":[{"embeddable":true,"href":"https:\/\/socialpubli.com\/blog\/es\/wp-json\/wp\/v2\/comments?post=17121"}],"version-history":[{"count":3,"href":"https:\/\/socialpubli.com\/blog\/es\/wp-json\/wp\/v2\/posts\/17121\/revisions"}],"predecessor-version":[{"id":17145,"href":"https:\/\/socialpubli.com\/blog\/es\/wp-json\/wp\/v2\/posts\/17121\/revisions\/17145"}],"wp:featuredmedia":[{"embeddable":true,"href":"https:\/\/socialpubli.com\/blog\/es\/wp-json\/wp\/v2\/media\/17130"}],"wp:attachment":[{"href":"https:\/\/socialpubli.com\/blog\/es\/wp-json\/wp\/v2\/media?parent=17121"}],"wp:term":[{"taxonomy":"category","embeddable":true,"href":"https:\/\/socialpubli.com\/blog\/es\/wp-json\/wp\/v2\/categories?post=17121"},{"taxonomy":"post_tag","embeddable":true,"href":"https:\/\/socialpubli.com\/blog\/es\/wp-json\/wp\/v2\/tags?post=17121"}],"curies":[{"name":"wp","href":"https:\/\/api.w.org\/{rel}","templated":true}]}}