{"id":24556,"date":"2024-10-04T14:00:10","date_gmt":"2024-10-04T12:00:10","guid":{"rendered":"https:\/\/socialpubli.com\/blog\/?p=24556"},"modified":"2025-06-25T10:01:48","modified_gmt":"2025-06-25T08:01:48","slug":"aniversario-instagram","status":"publish","type":"post","link":"https:\/\/socialpubli.com\/blog\/es\/aniversario-instagram\/","title":{"rendered":"Celebramos el aniversario de Instagram"},"content":{"rendered":"<p><span style=\"font-weight: 400;\">Instagram celebra sus 14 a\u00f1os de \u00e9xito con una evoluci\u00f3n que va desde emular las t\u00edpicas im\u00e1genes de c\u00e1mara Polaroid, hasta ser una de las plataformas sociales m\u00e1s vers\u00e1tiles, capaz de crear nuevas celebridades, vender toda clase de productos y servicios, servir como altavoz para el activismo y conectar diariamente a millones de personas alrededor del mundo.<\/span><\/p>\n<p><span style=\"font-weight: 400;\">Instagram, una de las plataformas m\u00e1s influyentes de la era digital, celebra un nuevo aniversario, y con ello, es el momento perfecto para reflexionar sobre su impresionante evoluci\u00f3n. Desde su lanzamiento en 2010, esta red social ha transformado la forma en que compartimos nuestras vidas, nos conectamos con otros y hasta c\u00f3mo las marcas interact\u00faan con sus audiencias. Lo que <\/span><b>comenz\u00f3 como una sencilla aplicaci\u00f3n para compartir fotos<\/b><span style=\"font-weight: 400;\"> con filtros ha crecido hasta convertirse en un gigante global que impulsa tendencias, influye en culturas y redefine el concepto de comunidad online. Acomp\u00e1\u00f1anos a explorar los hitos clave que han marcado la historia de Instagram y su impacto en nuestras vidas a lo largo de los a\u00f1os.<\/span><\/p>\n<h2><b>El legado de Instagram: 14 a\u00f1os de evoluci\u00f3n y revoluci\u00f3n visual<\/b><\/h2>\n<p><span style=\"font-weight: 400;\">Instagram, una de las plataformas m\u00e1s influyentes de la \u00faltima d\u00e9cada, celebra su aniversario y nos invita a reflexionar sobre su recorrido y su impacto. Lanzada oficialmente el 6 de octubre de 2010 por Kevin Systrom y Mike Krieger, esta aplicaci\u00f3n inicialmente se centraba en ofrecer a los usuarios una forma sencilla de compartir fotos y aplicar filtros. En menos de dos meses, ya hab\u00eda capturado la atenci\u00f3n de m\u00e1s de un mill\u00f3n de usuarios, marcando el comienzo de una revoluci\u00f3n visual que redefinir\u00eda el mundo de las redes sociales.<\/span><\/p>\n<p style=\"text-align: center;\">Tambien puede interesarte: <a href=\"https:\/\/socialpubli.com\/es\/boost\">booost<\/a><\/p>\n<h2><b>Los primeros pasos: una comunidad visual<\/b><\/h2>\n<p><span style=\"font-weight: 400;\">Instagram naci\u00f3 como una plataforma fotogr\u00e1fica para dispositivos iOS, permitiendo a los usuarios aplicar filtros vintage a sus im\u00e1genes y compartirlas instant\u00e1neamente con su comunidad. Esto, sumado a su interfaz intuitiva, <\/span><b>la convirti\u00f3 r\u00e1pidamente en una aplicaci\u00f3n favorita entre los entusiastas de la fotograf\u00eda<\/b><span style=\"font-weight: 400;\"> y el p\u00fablico en general. Su capacidad para simplificar el proceso de edici\u00f3n y publicaci\u00f3n de im\u00e1genes en una era en la que las c\u00e1maras de los smartphones empezaban a mejorar marc\u00f3 la diferencia.<\/span><\/p>\n<p><span style=\"font-weight: 400;\">El \u00e9xito fue tan arrollador que, en abril de <\/span><b>2012,<\/b><span style=\"font-weight: 400;\"> solo dos a\u00f1os despu\u00e9s de su lanzamiento, Facebook adquiri\u00f3 Instagram por<\/span><b> 1.000 millones de d\u00f3lares.<\/b><span style=\"font-weight: 400;\"> Esta adquisici\u00f3n ayud\u00f3 a impulsar a\u00fan m\u00e1s la plataforma, d\u00e1ndole acceso a una base de usuarios mucho mayor y a los recursos necesarios para expandir su funcionalidad.<\/span><\/p>\n<h2><b>Evoluci\u00f3n constante<\/b><\/h2>\n<p><span style=\"font-weight: 400;\">Lo que empez\u00f3 como una simple app para compartir fotos ha evolucionado enormemente en los \u00faltimos 14 a\u00f1os. Instagram ha ido adapt\u00e1ndose a las tendencias del mercado y a las demandas de sus usuarios. En <\/span><b>2013 introdujo la posibilidad de compartir videos cortos, ampliando las formas de expresi\u00f3n creativa.<\/b><span style=\"font-weight: 400;\"> Luego, en 2016, llegaron las populares \u00abInstagram Stories\u00bb, una funci\u00f3n inspirada en Snapchat que permite a los usuarios compartir contenido ef\u00edmero. Con esto, Instagram no solo mantuvo su relevancia frente a la competencia, sino que tambi\u00e9n se consolid\u00f3 como una plataforma esencial para el marketing y la promoci\u00f3n personal.<\/span><\/p>\n<p><span style=\"font-weight: 400;\">Con m\u00e1s de mil millones de usuarios activos mensuales, Instagram ha demostrado ser mucho m\u00e1s que una simple aplicaci\u00f3n de fotograf\u00eda. Hoy en d\u00eda, es un espacio donde empresas, influencers y usuarios comparten su d\u00eda a d\u00eda, promocionan productos y servicios, y crean comunidades globales.<\/span><\/p>\n<h2><b>Futuro y sostenibilidad<\/b><\/h2>\n<p><span style=\"font-weight: 400;\">En su evoluci\u00f3n constante, Instagram sigue buscando nuevas formas de innovar. Desde el reciente impulso de <\/span><b>\u00abInstagram Reels\u00bb <\/b><span style=\"font-weight: 400;\">para competir con TikTok, hasta las funcionalidades de compras en l\u00ednea, la plataforma contin\u00faa adapt\u00e1ndose a las necesidades del mundo digital moderno. Sin duda, el legado de Instagram seguir\u00e1 marcando la pauta en la forma en que nos conectamos y expresamos visualmente.<\/span><\/p>\n<p><span style=\"font-weight: 400;\">\u00bfQui\u00e9n podr\u00eda haber imaginado que, en poco m\u00e1s de una d\u00e9cada, una simple aplicaci\u00f3n para compartir fotos llegar\u00eda a tener un impacto tan global?<\/span><\/p>\n<p style=\"text-align: center;\">Tambien puede interesarte:\u00a0<a href=\"https:\/\/socialpubli.com\/es\/blog\/registrarse-instagram\/\">registrarse en instagram<\/a><\/p>\n","protected":false},"excerpt":{"rendered":"<p>Instagram celebra sus 14 a\u00f1os de \u00e9xito con una evoluci\u00f3n que va desde emular las t\u00edpicas im\u00e1genes de c\u00e1mara Polaroid, hasta ser una de las plataformas sociales m\u00e1s vers\u00e1tiles, capaz de crear nuevas celebridades, vender toda clase de productos y servicios, servir como altavoz para el activismo y conectar diariamente a millones de personas alrededor [&hellip;]<\/p>\n","protected":false},"author":19,"featured_media":24566,"comment_status":"closed","ping_status":"closed","sticky":false,"template":"","format":"standard","meta":{"footnotes":""},"categories":[16],"tags":[948,949,951,48,25,950,422],"class_list":["post-24556","post","type-post","status-publish","format-standard","has-post-thumbnail","hentry","category-redes-sociales","tag-aniversario","tag-aplicacion","tag-era-digital","tag-instagram","tag-redes-sociales","tag-revolucion","tag-tiktok"],"yoast_head":"<!-- This site is optimized with the Yoast SEO plugin v27.0 - https:\/\/yoast.com\/product\/yoast-seo-wordpress\/ -->\n<title>Celebramos el aniversario de Instagram | SocialPubli Blog<\/title>\n<meta name=\"description\" content=\"Aprovechando el aniversario de Instagram, te contamos su evoluci\u00f3n y c\u00f3mo ha cambiado desde sus inicios. \u00a1No te pierdas este interesante recorrido!\" \/>\n<meta name=\"robots\" content=\"index, follow, max-snippet:-1, max-image-preview:large, max-video-preview:-1\" \/>\n<link rel=\"canonical\" href=\"https:\/\/socialpubli.com\/blog\/es\/aniversario-instagram\/\" \/>\n<meta property=\"og:locale\" content=\"es_ES\" \/>\n<meta property=\"og:type\" content=\"article\" \/>\n<meta property=\"og:title\" content=\"Celebramos el aniversario de Instagram | SocialPubli Blog\" \/>\n<meta property=\"og:description\" content=\"Aprovechando el aniversario de Instagram, te contamos su evoluci\u00f3n y c\u00f3mo ha cambiado desde sus inicios. \u00a1No te pierdas este interesante recorrido!\" \/>\n<meta property=\"og:url\" content=\"https:\/\/socialpubli.com\/blog\/es\/aniversario-instagram\/\" \/>\n<meta property=\"og:site_name\" content=\"Social Publi Blog\" \/>\n<meta property=\"article:published_time\" content=\"2024-10-04T12:00:10+00:00\" \/>\n<meta property=\"article:modified_time\" content=\"2025-06-25T08:01:48+00:00\" \/>\n<meta property=\"og:image\" content=\"https:\/\/socialpubli.com\/blog\/wp-content\/uploads\/2024\/10\/2024.10.04-AniversarioInstagram.png\" \/>\n\t<meta property=\"og:image:width\" content=\"1067\" \/>\n\t<meta property=\"og:image:height\" content=\"556\" \/>\n\t<meta property=\"og:image:type\" content=\"image\/png\" \/>\n<meta name=\"author\" content=\"Contenidos SocialPubli\" \/>\n<meta name=\"twitter:card\" content=\"summary_large_image\" \/>\n<meta name=\"twitter:label1\" content=\"Escrito por\" \/>\n\t<meta name=\"twitter:data1\" content=\"Contenidos SocialPubli\" \/>\n\t<meta name=\"twitter:label2\" content=\"Tiempo de lectura\" \/>\n\t<meta name=\"twitter:data2\" content=\"4 minutos\" \/>\n<script type=\"application\/ld+json\" class=\"yoast-schema-graph\">{\"@context\":\"https:\/\/schema.org\",\"@graph\":[{\"@type\":\"Article\",\"@id\":\"https:\/\/socialpubli.com\/blog\/es\/aniversario-instagram\/#article\",\"isPartOf\":{\"@id\":\"https:\/\/socialpubli.com\/blog\/es\/aniversario-instagram\/\"},\"author\":{\"name\":\"Contenidos SocialPubli\",\"@id\":\"https:\/\/socialpubli.com\/blog\/#\/schema\/person\/3503a1e36cdf7ae10de5ed9cd93e58a6\"},\"headline\":\"Celebramos el aniversario de Instagram\",\"datePublished\":\"2024-10-04T12:00:10+00:00\",\"dateModified\":\"2025-06-25T08:01:48+00:00\",\"mainEntityOfPage\":{\"@id\":\"https:\/\/socialpubli.com\/blog\/es\/aniversario-instagram\/\"},\"wordCount\":716,\"publisher\":{\"@id\":\"https:\/\/socialpubli.com\/blog\/#organization\"},\"image\":{\"@id\":\"https:\/\/socialpubli.com\/blog\/es\/aniversario-instagram\/#primaryimage\"},\"thumbnailUrl\":\"https:\/\/socialpubli.com\/blog\/wp-content\/uploads\/2024\/10\/2024.10.04-AniversarioInstagram.png\",\"keywords\":[\"aniversario\",\"aplicacion\",\"era digital\",\"Instagram\",\"Redes Sociales\",\"revolucion\",\"TikTok\"],\"articleSection\":[\"Redes Sociales\"],\"inLanguage\":\"es\"},{\"@type\":\"WebPage\",\"@id\":\"https:\/\/socialpubli.com\/blog\/es\/aniversario-instagram\/\",\"url\":\"https:\/\/socialpubli.com\/blog\/es\/aniversario-instagram\/\",\"name\":\"Celebramos el aniversario de Instagram | SocialPubli Blog\",\"isPartOf\":{\"@id\":\"https:\/\/socialpubli.com\/blog\/#website\"},\"primaryImageOfPage\":{\"@id\":\"https:\/\/socialpubli.com\/blog\/es\/aniversario-instagram\/#primaryimage\"},\"image\":{\"@id\":\"https:\/\/socialpubli.com\/blog\/es\/aniversario-instagram\/#primaryimage\"},\"thumbnailUrl\":\"https:\/\/socialpubli.com\/blog\/wp-content\/uploads\/2024\/10\/2024.10.04-AniversarioInstagram.png\",\"datePublished\":\"2024-10-04T12:00:10+00:00\",\"dateModified\":\"2025-06-25T08:01:48+00:00\",\"description\":\"Aprovechando el aniversario de Instagram, te contamos su evoluci\u00f3n y c\u00f3mo ha cambiado desde sus inicios. \u00a1No te pierdas este interesante recorrido!\",\"breadcrumb\":{\"@id\":\"https:\/\/socialpubli.com\/blog\/es\/aniversario-instagram\/#breadcrumb\"},\"inLanguage\":\"es\",\"potentialAction\":[{\"@type\":\"ReadAction\",\"target\":[\"https:\/\/socialpubli.com\/blog\/es\/aniversario-instagram\/\"]}]},{\"@type\":\"ImageObject\",\"inLanguage\":\"es\",\"@id\":\"https:\/\/socialpubli.com\/blog\/es\/aniversario-instagram\/#primaryimage\",\"url\":\"https:\/\/socialpubli.com\/blog\/wp-content\/uploads\/2024\/10\/2024.10.04-AniversarioInstagram.png\",\"contentUrl\":\"https:\/\/socialpubli.com\/blog\/wp-content\/uploads\/2024\/10\/2024.10.04-AniversarioInstagram.png\",\"width\":1067,\"height\":556},{\"@type\":\"BreadcrumbList\",\"@id\":\"https:\/\/socialpubli.com\/blog\/es\/aniversario-instagram\/#breadcrumb\",\"itemListElement\":[{\"@type\":\"ListItem\",\"position\":1,\"name\":\"Portada\",\"item\":\"https:\/\/socialpubli.com\/blog\/\"},{\"@type\":\"ListItem\",\"position\":2,\"name\":\"Celebramos el aniversario de Instagram\"}]},{\"@type\":\"WebSite\",\"@id\":\"https:\/\/socialpubli.com\/blog\/#website\",\"url\":\"https:\/\/socialpubli.com\/blog\/\",\"name\":\"Social Publi Blog\",\"description\":\"Tendencias en marketing de influencers, branded content y estrategia en redes sociales.\",\"publisher\":{\"@id\":\"https:\/\/socialpubli.com\/blog\/#organization\"},\"potentialAction\":[{\"@type\":\"SearchAction\",\"target\":{\"@type\":\"EntryPoint\",\"urlTemplate\":\"https:\/\/socialpubli.com\/blog\/?s={search_term_string}\"},\"query-input\":{\"@type\":\"PropertyValueSpecification\",\"valueRequired\":true,\"valueName\":\"search_term_string\"}}],\"inLanguage\":\"es\"},{\"@type\":\"Organization\",\"@id\":\"https:\/\/socialpubli.com\/blog\/#organization\",\"name\":\"SocialPubli\",\"url\":\"https:\/\/socialpubli.com\/blog\/\",\"logo\":{\"@type\":\"ImageObject\",\"inLanguage\":\"es\",\"@id\":\"https:\/\/socialpubli.com\/blog\/#\/schema\/logo\/image\/\",\"url\":\"https:\/\/socialpubli.com\/blog\/wp-content\/uploads\/2017\/01\/logo-blog.png\",\"contentUrl\":\"https:\/\/socialpubli.com\/blog\/wp-content\/uploads\/2017\/01\/logo-blog.png\",\"width\":284,\"height\":53,\"caption\":\"SocialPubli\"},\"image\":{\"@id\":\"https:\/\/socialpubli.com\/blog\/#\/schema\/logo\/image\/\"}},{\"@type\":\"Person\",\"@id\":\"https:\/\/socialpubli.com\/blog\/#\/schema\/person\/3503a1e36cdf7ae10de5ed9cd93e58a6\",\"name\":\"Contenidos SocialPubli\",\"image\":{\"@type\":\"ImageObject\",\"inLanguage\":\"es\",\"@id\":\"https:\/\/socialpubli.com\/blog\/#\/schema\/person\/image\/\",\"url\":\"https:\/\/secure.gravatar.com\/avatar\/6500bcb0c09a6cc2eb3046eb2a3105074865958285edf4dd34a48718c081c4a4?s=96&d=mm&r=g\",\"contentUrl\":\"https:\/\/secure.gravatar.com\/avatar\/6500bcb0c09a6cc2eb3046eb2a3105074865958285edf4dd34a48718c081c4a4?s=96&d=mm&r=g\",\"caption\":\"Contenidos SocialPubli\"},\"url\":\"https:\/\/socialpubli.com\/blog\/es\/author\/contenidos\/\"}]}<\/script>\n<!-- \/ Yoast SEO plugin. -->","yoast_head_json":{"title":"Celebramos el aniversario de Instagram | SocialPubli Blog","description":"Aprovechando el aniversario de Instagram, te contamos su evoluci\u00f3n y c\u00f3mo ha cambiado desde sus inicios. \u00a1No te pierdas este interesante recorrido!","robots":{"index":"index","follow":"follow","max-snippet":"max-snippet:-1","max-image-preview":"max-image-preview:large","max-video-preview":"max-video-preview:-1"},"canonical":"https:\/\/socialpubli.com\/blog\/es\/aniversario-instagram\/","og_locale":"es_ES","og_type":"article","og_title":"Celebramos el aniversario de Instagram | SocialPubli Blog","og_description":"Aprovechando el aniversario de Instagram, te contamos su evoluci\u00f3n y c\u00f3mo ha cambiado desde sus inicios. \u00a1No te pierdas este interesante recorrido!","og_url":"https:\/\/socialpubli.com\/blog\/es\/aniversario-instagram\/","og_site_name":"Social Publi Blog","article_published_time":"2024-10-04T12:00:10+00:00","article_modified_time":"2025-06-25T08:01:48+00:00","og_image":[{"width":1067,"height":556,"url":"https:\/\/socialpubli.com\/blog\/wp-content\/uploads\/2024\/10\/2024.10.04-AniversarioInstagram.png","type":"image\/png"}],"author":"Contenidos SocialPubli","twitter_card":"summary_large_image","twitter_misc":{"Escrito por":"Contenidos SocialPubli","Tiempo de lectura":"4 minutos"},"schema":{"@context":"https:\/\/schema.org","@graph":[{"@type":"Article","@id":"https:\/\/socialpubli.com\/blog\/es\/aniversario-instagram\/#article","isPartOf":{"@id":"https:\/\/socialpubli.com\/blog\/es\/aniversario-instagram\/"},"author":{"name":"Contenidos SocialPubli","@id":"https:\/\/socialpubli.com\/blog\/#\/schema\/person\/3503a1e36cdf7ae10de5ed9cd93e58a6"},"headline":"Celebramos el aniversario de Instagram","datePublished":"2024-10-04T12:00:10+00:00","dateModified":"2025-06-25T08:01:48+00:00","mainEntityOfPage":{"@id":"https:\/\/socialpubli.com\/blog\/es\/aniversario-instagram\/"},"wordCount":716,"publisher":{"@id":"https:\/\/socialpubli.com\/blog\/#organization"},"image":{"@id":"https:\/\/socialpubli.com\/blog\/es\/aniversario-instagram\/#primaryimage"},"thumbnailUrl":"https:\/\/socialpubli.com\/blog\/wp-content\/uploads\/2024\/10\/2024.10.04-AniversarioInstagram.png","keywords":["aniversario","aplicacion","era digital","Instagram","Redes Sociales","revolucion","TikTok"],"articleSection":["Redes Sociales"],"inLanguage":"es"},{"@type":"WebPage","@id":"https:\/\/socialpubli.com\/blog\/es\/aniversario-instagram\/","url":"https:\/\/socialpubli.com\/blog\/es\/aniversario-instagram\/","name":"Celebramos el aniversario de Instagram | SocialPubli Blog","isPartOf":{"@id":"https:\/\/socialpubli.com\/blog\/#website"},"primaryImageOfPage":{"@id":"https:\/\/socialpubli.com\/blog\/es\/aniversario-instagram\/#primaryimage"},"image":{"@id":"https:\/\/socialpubli.com\/blog\/es\/aniversario-instagram\/#primaryimage"},"thumbnailUrl":"https:\/\/socialpubli.com\/blog\/wp-content\/uploads\/2024\/10\/2024.10.04-AniversarioInstagram.png","datePublished":"2024-10-04T12:00:10+00:00","dateModified":"2025-06-25T08:01:48+00:00","description":"Aprovechando el aniversario de Instagram, te contamos su evoluci\u00f3n y c\u00f3mo ha cambiado desde sus inicios. \u00a1No te pierdas este interesante recorrido!","breadcrumb":{"@id":"https:\/\/socialpubli.com\/blog\/es\/aniversario-instagram\/#breadcrumb"},"inLanguage":"es","potentialAction":[{"@type":"ReadAction","target":["https:\/\/socialpubli.com\/blog\/es\/aniversario-instagram\/"]}]},{"@type":"ImageObject","inLanguage":"es","@id":"https:\/\/socialpubli.com\/blog\/es\/aniversario-instagram\/#primaryimage","url":"https:\/\/socialpubli.com\/blog\/wp-content\/uploads\/2024\/10\/2024.10.04-AniversarioInstagram.png","contentUrl":"https:\/\/socialpubli.com\/blog\/wp-content\/uploads\/2024\/10\/2024.10.04-AniversarioInstagram.png","width":1067,"height":556},{"@type":"BreadcrumbList","@id":"https:\/\/socialpubli.com\/blog\/es\/aniversario-instagram\/#breadcrumb","itemListElement":[{"@type":"ListItem","position":1,"name":"Portada","item":"https:\/\/socialpubli.com\/blog\/"},{"@type":"ListItem","position":2,"name":"Celebramos el aniversario de Instagram"}]},{"@type":"WebSite","@id":"https:\/\/socialpubli.com\/blog\/#website","url":"https:\/\/socialpubli.com\/blog\/","name":"Social Publi Blog","description":"Tendencias en marketing de influencers, branded content y estrategia en redes sociales.","publisher":{"@id":"https:\/\/socialpubli.com\/blog\/#organization"},"potentialAction":[{"@type":"SearchAction","target":{"@type":"EntryPoint","urlTemplate":"https:\/\/socialpubli.com\/blog\/?s={search_term_string}"},"query-input":{"@type":"PropertyValueSpecification","valueRequired":true,"valueName":"search_term_string"}}],"inLanguage":"es"},{"@type":"Organization","@id":"https:\/\/socialpubli.com\/blog\/#organization","name":"SocialPubli","url":"https:\/\/socialpubli.com\/blog\/","logo":{"@type":"ImageObject","inLanguage":"es","@id":"https:\/\/socialpubli.com\/blog\/#\/schema\/logo\/image\/","url":"https:\/\/socialpubli.com\/blog\/wp-content\/uploads\/2017\/01\/logo-blog.png","contentUrl":"https:\/\/socialpubli.com\/blog\/wp-content\/uploads\/2017\/01\/logo-blog.png","width":284,"height":53,"caption":"SocialPubli"},"image":{"@id":"https:\/\/socialpubli.com\/blog\/#\/schema\/logo\/image\/"}},{"@type":"Person","@id":"https:\/\/socialpubli.com\/blog\/#\/schema\/person\/3503a1e36cdf7ae10de5ed9cd93e58a6","name":"Contenidos SocialPubli","image":{"@type":"ImageObject","inLanguage":"es","@id":"https:\/\/socialpubli.com\/blog\/#\/schema\/person\/image\/","url":"https:\/\/secure.gravatar.com\/avatar\/6500bcb0c09a6cc2eb3046eb2a3105074865958285edf4dd34a48718c081c4a4?s=96&d=mm&r=g","contentUrl":"https:\/\/secure.gravatar.com\/avatar\/6500bcb0c09a6cc2eb3046eb2a3105074865958285edf4dd34a48718c081c4a4?s=96&d=mm&r=g","caption":"Contenidos SocialPubli"},"url":"https:\/\/socialpubli.com\/blog\/es\/author\/contenidos\/"}]}},"_links":{"self":[{"href":"https:\/\/socialpubli.com\/blog\/es\/wp-json\/wp\/v2\/posts\/24556","targetHints":{"allow":["GET"]}}],"collection":[{"href":"https:\/\/socialpubli.com\/blog\/es\/wp-json\/wp\/v2\/posts"}],"about":[{"href":"https:\/\/socialpubli.com\/blog\/es\/wp-json\/wp\/v2\/types\/post"}],"author":[{"embeddable":true,"href":"https:\/\/socialpubli.com\/blog\/es\/wp-json\/wp\/v2\/users\/19"}],"replies":[{"embeddable":true,"href":"https:\/\/socialpubli.com\/blog\/es\/wp-json\/wp\/v2\/comments?post=24556"}],"version-history":[{"count":3,"href":"https:\/\/socialpubli.com\/blog\/es\/wp-json\/wp\/v2\/posts\/24556\/revisions"}],"predecessor-version":[{"id":27093,"href":"https:\/\/socialpubli.com\/blog\/es\/wp-json\/wp\/v2\/posts\/24556\/revisions\/27093"}],"wp:featuredmedia":[{"embeddable":true,"href":"https:\/\/socialpubli.com\/blog\/es\/wp-json\/wp\/v2\/media\/24566"}],"wp:attachment":[{"href":"https:\/\/socialpubli.com\/blog\/es\/wp-json\/wp\/v2\/media?parent=24556"}],"wp:term":[{"taxonomy":"category","embeddable":true,"href":"https:\/\/socialpubli.com\/blog\/es\/wp-json\/wp\/v2\/categories?post=24556"},{"taxonomy":"post_tag","embeddable":true,"href":"https:\/\/socialpubli.com\/blog\/es\/wp-json\/wp\/v2\/tags?post=24556"}],"curies":[{"name":"wp","href":"https:\/\/api.w.org\/{rel}","templated":true}]}}