{"id":2522,"date":"2017-05-25T16:20:49","date_gmt":"2017-05-25T14:20:49","guid":{"rendered":"https:\/\/socialpubli.com\/news\/?p=2522\/"},"modified":"2017-05-25T16:20:49","modified_gmt":"2017-05-25T14:20:49","slug":"musical-ly-la-red-social-de-los-adolescentes","status":"publish","type":"post","link":"https:\/\/socialpubli.com\/blog\/es\/musical-ly-la-red-social-de-los-adolescentes\/","title":{"rendered":"Musical.ly, la red social de los adolescentes"},"content":{"rendered":"<p><span style=\"font-weight: 400;\">Musical.ly es una red social que combina m\u00fasica y v\u00eddeo y ha cosechado un gran \u00e9xito entre los j\u00f3venes de 11 a 16 a\u00f1os. Los \u00faltimos datos conocidos, de julio de 2016, indican que <strong>hab\u00eda 130 millones de usuarios registrados<\/strong> y se sub\u00edan 12 millones de v\u00eddeos al d\u00eda.<\/span><\/p>\n<p><span style=\"font-weight: 400;\">Son datos impresionantes, especialmente por el desconocimiento del p\u00fablico general fuera de la generaci\u00f3n del \u2018selfie\u2019. Sin embargo, tiene un gran <strong>potencial a la hora de crear influencers<\/strong>.<\/span><\/p>\n<p><span style=\"font-weight: 400;\">B\u00e1sicamente, los usuarios eligen una canci\u00f3n que les guste y se graban en v\u00eddeo como si hicieran un \u2018<strong>playback<\/strong>\u2019 (o lip sync) de entre 15 segundos y un minuto. Despu\u00e9s de grabarlo pueden cambiar la velocidad de alguna parte o a\u00f1adir filtros.<\/span><\/p>\n<p><span style=\"font-weight: 400;\">Se podr\u00eda decir que <strong>es la red social m\u00e1s creativa<\/strong>, porque los j\u00f3venes se esfuerzan en crear v\u00eddeos con movimientos de c\u00e1mara, coreograf\u00edas y gestos muy originales para complementar y adaptarse a la m\u00fasica. <\/span><\/p>\n<p><span style=\"font-weight: 400;\">Adem\u00e1s de la impresionante biblioteca de canciones, tambi\u00e9n pueden actuar en escenas de pel\u00edculas. La aplicaci\u00f3n pone el audio y los usuarios le dan vida.<\/span><\/p>\n<p><span style=\"font-weight: 400;\">Tiene las cosas t\u00edpicas de las redes sociales: likes, comentarios, un timeline con los usuarios que sigues, mensajes, e incluso v\u00eddeos en directo.<\/span><\/p>\n<p>Lo que m\u00e1s destaca es el sentimiento de comunidad de la red. Hay una pesta\u00f1a para descubrir nuevos usuarios y explorar entre los hashtags. Con estos <strong>hashtags se organizan concursos y desaf\u00edos<\/strong> entre todos los usuarios del mundo.<\/p>\n<h2>Fuente de influencers<\/h2>\n<p>https:\/\/www.youtube.com\/watch?v=bufh5EmleWs<\/p>\n<p><span style=\"font-weight: 400;\">Lo que m\u00e1s destaca es el sentimiento de comunidad de la red. Hay una pesta\u00f1a para descubrir nuevos usuarios y explorar entre los hashtags. Con estos <strong>hashtags se organizan concursos y desaf\u00edos<\/strong> entre todos los usuarios del mundo.<\/span><\/p>\n<p><span style=\"font-weight: 400;\">Gracias a Musical.ly han aparecido nuevos <a href=\"https:\/\/socialpubli.com\/news\/5-tipos-de-influencers\/\" target=\"_blank\" rel=\"noopener noreferrer\">influencers<\/a>, como Baby Ariel (con m\u00e1s de 10 millones de seguidores) o Jacob Sartorius, que ha conseguido lanzar su carrera musical. Sus seguidores estar\u00e1n contentos, porque aunque no interact\u00faen directamente, pueden hacer duetos virtuales con ellos.<\/span><\/p>\n<p><span style=\"font-weight: 400;\">Muchos famosos han aprovechado sus posibilidades y <strong>han hecho campa\u00f1as<\/strong>. Varios artistas musicales como Ariana Grande o Shakira tienen perfiles, e incluso cantantes como Adam Lambert han lanzado sencillos en la plataforma, incitando a que los usuarios hicieran sus propias versiones.<\/span><\/p>\n<p><span style=\"font-weight: 400;\">El \u00e9xito entre los m\u00e1s j\u00f3venes no ha pasado desapercibido por <strong>las marcas, que se han puesto manos a la obra<\/strong> para estar presentes en la red social. Algunas ofrecen su ropa a los usuarios para que la ense\u00f1en en sus v\u00eddeos. Otras han usado hashtags para sus campa\u00f1as, como #KitKatChallenge o #ShareACoke, en la que el ganador recib\u00eda una videollamada de Jason Derulo.<\/span><\/p>\n<p><span style=\"font-weight: 400;\">Musical.ly se mantiene en el top 20 de las aplicaciones m\u00e1s descargadas, as\u00ed que aunque est\u00e9 a la sombra de Facebook o Instagram, <strong>puede que se siga extendiendo hasta superar a Snapchat<\/strong>. \u00a0\u00a0<\/span><\/p>\n","protected":false},"excerpt":{"rendered":"<p>Musical.ly es una red social que combina m\u00fasica y v\u00eddeo y ha cosechado un gran \u00e9xito entre los j\u00f3venes de 11 a 16 a\u00f1os. Los \u00faltimos datos conocidos, de julio de 2016, indican que hab\u00eda 130 millones de usuarios registrados y se sub\u00edan 12 millones de v\u00eddeos al d\u00eda. Son datos impresionantes, especialmente por el [&hellip;]<\/p>\n","protected":false},"author":2,"featured_media":2526,"comment_status":"open","ping_status":"open","sticky":false,"template":"","format":"standard","meta":{"footnotes":""},"categories":[16],"tags":[31,59,25],"class_list":["post-2522","post","type-post","status-publish","format-standard","has-post-thumbnail","hentry","category-redes-sociales","tag-aplicaciones","tag-influencers","tag-redes-sociales"],"yoast_head":"<!-- This site is optimized with the Yoast SEO plugin v27.0 - https:\/\/yoast.com\/product\/yoast-seo-wordpress\/ -->\n<title>Musical.ly, la red social de los adolescentes | Social Publi Blog<\/title>\n<meta name=\"description\" content=\"Musical.ly es una red social que combina m\u00fasica y v\u00eddeo y ha cosechado un gran \u00e9xito entre j\u00f3venes de 11 a 16 a\u00f1os, que se han convertido en influencers.\" \/>\n<meta name=\"robots\" content=\"index, follow, max-snippet:-1, max-image-preview:large, max-video-preview:-1\" \/>\n<link rel=\"canonical\" href=\"https:\/\/socialpubli.com\/blog\/es\/musical-ly-la-red-social-de-los-adolescentes\/\" \/>\n<meta property=\"og:locale\" content=\"es_ES\" \/>\n<meta property=\"og:type\" content=\"article\" \/>\n<meta property=\"og:title\" content=\"Musical.ly, la red social de los adolescentes | Social Publi Blog\" \/>\n<meta property=\"og:description\" content=\"Musical.ly es una red social que combina m\u00fasica y v\u00eddeo y ha cosechado un gran \u00e9xito entre j\u00f3venes de 11 a 16 a\u00f1os, que se han convertido en influencers.\" \/>\n<meta property=\"og:url\" content=\"https:\/\/socialpubli.com\/blog\/es\/musical-ly-la-red-social-de-los-adolescentes\/\" \/>\n<meta property=\"og:site_name\" content=\"Social Publi Blog\" \/>\n<meta property=\"article:published_time\" content=\"2017-05-25T14:20:49+00:00\" \/>\n<meta property=\"og:image\" content=\"https:\/\/socialpubli.com\/blog\/wp-content\/uploads\/2017\/05\/musical.ly_-1.png\" \/>\n\t<meta property=\"og:image:width\" content=\"750\" \/>\n\t<meta property=\"og:image:height\" content=\"428\" \/>\n\t<meta property=\"og:image:type\" content=\"image\/png\" \/>\n<meta name=\"author\" content=\"Redacci\u00f3n\" \/>\n<meta name=\"twitter:card\" content=\"summary_large_image\" \/>\n<meta name=\"twitter:label1\" content=\"Escrito por\" \/>\n\t<meta name=\"twitter:data1\" content=\"Redacci\u00f3n\" \/>\n\t<meta name=\"twitter:label2\" content=\"Tiempo de lectura\" \/>\n\t<meta name=\"twitter:data2\" content=\"3 minutos\" \/>\n<script type=\"application\/ld+json\" class=\"yoast-schema-graph\">{\"@context\":\"https:\/\/schema.org\",\"@graph\":[{\"@type\":\"Article\",\"@id\":\"https:\/\/socialpubli.com\/blog\/es\/musical-ly-la-red-social-de-los-adolescentes\/#article\",\"isPartOf\":{\"@id\":\"https:\/\/socialpubli.com\/blog\/es\/musical-ly-la-red-social-de-los-adolescentes\/\"},\"author\":{\"name\":\"Redacci\u00f3n\",\"@id\":\"https:\/\/socialpubli.com\/blog\/#\/schema\/person\/26d7b037bc6b8f6a7086b73d14ce5d63\"},\"headline\":\"Musical.ly, la red social de los adolescentes\",\"datePublished\":\"2017-05-25T14:20:49+00:00\",\"mainEntityOfPage\":{\"@id\":\"https:\/\/socialpubli.com\/blog\/es\/musical-ly-la-red-social-de-los-adolescentes\/\"},\"wordCount\":515,\"commentCount\":0,\"publisher\":{\"@id\":\"https:\/\/socialpubli.com\/blog\/#organization\"},\"image\":{\"@id\":\"https:\/\/socialpubli.com\/blog\/es\/musical-ly-la-red-social-de-los-adolescentes\/#primaryimage\"},\"thumbnailUrl\":\"https:\/\/socialpubli.com\/blog\/wp-content\/uploads\/2017\/05\/musical.ly_-1.png\",\"keywords\":[\"Aplicaciones\",\"influencers\",\"Redes Sociales\"],\"articleSection\":[\"Redes Sociales\"],\"inLanguage\":\"es\",\"potentialAction\":[{\"@type\":\"CommentAction\",\"name\":\"Comment\",\"target\":[\"https:\/\/socialpubli.com\/blog\/es\/musical-ly-la-red-social-de-los-adolescentes\/#respond\"]}]},{\"@type\":\"WebPage\",\"@id\":\"https:\/\/socialpubli.com\/blog\/es\/musical-ly-la-red-social-de-los-adolescentes\/\",\"url\":\"https:\/\/socialpubli.com\/blog\/es\/musical-ly-la-red-social-de-los-adolescentes\/\",\"name\":\"Musical.ly, la red social de los adolescentes | Social Publi Blog\",\"isPartOf\":{\"@id\":\"https:\/\/socialpubli.com\/blog\/#website\"},\"primaryImageOfPage\":{\"@id\":\"https:\/\/socialpubli.com\/blog\/es\/musical-ly-la-red-social-de-los-adolescentes\/#primaryimage\"},\"image\":{\"@id\":\"https:\/\/socialpubli.com\/blog\/es\/musical-ly-la-red-social-de-los-adolescentes\/#primaryimage\"},\"thumbnailUrl\":\"https:\/\/socialpubli.com\/blog\/wp-content\/uploads\/2017\/05\/musical.ly_-1.png\",\"datePublished\":\"2017-05-25T14:20:49+00:00\",\"description\":\"Musical.ly es una red social que combina m\u00fasica y v\u00eddeo y ha cosechado un gran \u00e9xito entre j\u00f3venes de 11 a 16 a\u00f1os, que se han convertido en influencers.\",\"breadcrumb\":{\"@id\":\"https:\/\/socialpubli.com\/blog\/es\/musical-ly-la-red-social-de-los-adolescentes\/#breadcrumb\"},\"inLanguage\":\"es\",\"potentialAction\":[{\"@type\":\"ReadAction\",\"target\":[\"https:\/\/socialpubli.com\/blog\/es\/musical-ly-la-red-social-de-los-adolescentes\/\"]}]},{\"@type\":\"ImageObject\",\"inLanguage\":\"es\",\"@id\":\"https:\/\/socialpubli.com\/blog\/es\/musical-ly-la-red-social-de-los-adolescentes\/#primaryimage\",\"url\":\"https:\/\/socialpubli.com\/blog\/wp-content\/uploads\/2017\/05\/musical.ly_-1.png\",\"contentUrl\":\"https:\/\/socialpubli.com\/blog\/wp-content\/uploads\/2017\/05\/musical.ly_-1.png\",\"width\":\"750\",\"height\":\"428\",\"caption\":\"musical.ly\"},{\"@type\":\"BreadcrumbList\",\"@id\":\"https:\/\/socialpubli.com\/blog\/es\/musical-ly-la-red-social-de-los-adolescentes\/#breadcrumb\",\"itemListElement\":[{\"@type\":\"ListItem\",\"position\":1,\"name\":\"Portada\",\"item\":\"https:\/\/socialpubli.com\/blog\/\"},{\"@type\":\"ListItem\",\"position\":2,\"name\":\"Musical.ly, la red social de los adolescentes\"}]},{\"@type\":\"WebSite\",\"@id\":\"https:\/\/socialpubli.com\/blog\/#website\",\"url\":\"https:\/\/socialpubli.com\/blog\/\",\"name\":\"Social Publi Blog\",\"description\":\"Tendencias en marketing de influencers, branded content y estrategia en redes sociales.\",\"publisher\":{\"@id\":\"https:\/\/socialpubli.com\/blog\/#organization\"},\"potentialAction\":[{\"@type\":\"SearchAction\",\"target\":{\"@type\":\"EntryPoint\",\"urlTemplate\":\"https:\/\/socialpubli.com\/blog\/?s={search_term_string}\"},\"query-input\":{\"@type\":\"PropertyValueSpecification\",\"valueRequired\":true,\"valueName\":\"search_term_string\"}}],\"inLanguage\":\"es\"},{\"@type\":\"Organization\",\"@id\":\"https:\/\/socialpubli.com\/blog\/#organization\",\"name\":\"SocialPubli\",\"url\":\"https:\/\/socialpubli.com\/blog\/\",\"logo\":{\"@type\":\"ImageObject\",\"inLanguage\":\"es\",\"@id\":\"https:\/\/socialpubli.com\/blog\/#\/schema\/logo\/image\/\",\"url\":\"https:\/\/socialpubli.com\/blog\/wp-content\/uploads\/2017\/01\/logo-blog.png\",\"contentUrl\":\"https:\/\/socialpubli.com\/blog\/wp-content\/uploads\/2017\/01\/logo-blog.png\",\"width\":284,\"height\":53,\"caption\":\"SocialPubli\"},\"image\":{\"@id\":\"https:\/\/socialpubli.com\/blog\/#\/schema\/logo\/image\/\"}},{\"@type\":\"Person\",\"@id\":\"https:\/\/socialpubli.com\/blog\/#\/schema\/person\/26d7b037bc6b8f6a7086b73d14ce5d63\",\"name\":\"Redacci\u00f3n\",\"image\":{\"@type\":\"ImageObject\",\"inLanguage\":\"es\",\"@id\":\"https:\/\/socialpubli.com\/blog\/#\/schema\/person\/image\/\",\"url\":\"https:\/\/secure.gravatar.com\/avatar\/8eea57b285bdc2d2ad728ea4041506a69ae8e302228a422a8ef819d284c07da2?s=96&d=mm&r=g\",\"contentUrl\":\"https:\/\/secure.gravatar.com\/avatar\/8eea57b285bdc2d2ad728ea4041506a69ae8e302228a422a8ef819d284c07da2?s=96&d=mm&r=g\",\"caption\":\"Redacci\u00f3n\"},\"url\":\"https:\/\/socialpubli.com\/blog\/es\/author\/redaccion\/\"}]}<\/script>\n<!-- \/ Yoast SEO plugin. -->","yoast_head_json":{"title":"Musical.ly, la red social de los adolescentes | Social Publi Blog","description":"Musical.ly es una red social que combina m\u00fasica y v\u00eddeo y ha cosechado un gran \u00e9xito entre j\u00f3venes de 11 a 16 a\u00f1os, que se han convertido en influencers.","robots":{"index":"index","follow":"follow","max-snippet":"max-snippet:-1","max-image-preview":"max-image-preview:large","max-video-preview":"max-video-preview:-1"},"canonical":"https:\/\/socialpubli.com\/blog\/es\/musical-ly-la-red-social-de-los-adolescentes\/","og_locale":"es_ES","og_type":"article","og_title":"Musical.ly, la red social de los adolescentes | Social Publi Blog","og_description":"Musical.ly es una red social que combina m\u00fasica y v\u00eddeo y ha cosechado un gran \u00e9xito entre j\u00f3venes de 11 a 16 a\u00f1os, que se han convertido en influencers.","og_url":"https:\/\/socialpubli.com\/blog\/es\/musical-ly-la-red-social-de-los-adolescentes\/","og_site_name":"Social Publi Blog","article_published_time":"2017-05-25T14:20:49+00:00","og_image":[{"width":750,"height":428,"url":"https:\/\/socialpubli.com\/blog\/wp-content\/uploads\/2017\/05\/musical.ly_-1.png","type":"image\/png"}],"author":"Redacci\u00f3n","twitter_card":"summary_large_image","twitter_misc":{"Escrito por":"Redacci\u00f3n","Tiempo de lectura":"3 minutos"},"schema":{"@context":"https:\/\/schema.org","@graph":[{"@type":"Article","@id":"https:\/\/socialpubli.com\/blog\/es\/musical-ly-la-red-social-de-los-adolescentes\/#article","isPartOf":{"@id":"https:\/\/socialpubli.com\/blog\/es\/musical-ly-la-red-social-de-los-adolescentes\/"},"author":{"name":"Redacci\u00f3n","@id":"https:\/\/socialpubli.com\/blog\/#\/schema\/person\/26d7b037bc6b8f6a7086b73d14ce5d63"},"headline":"Musical.ly, la red social de los adolescentes","datePublished":"2017-05-25T14:20:49+00:00","mainEntityOfPage":{"@id":"https:\/\/socialpubli.com\/blog\/es\/musical-ly-la-red-social-de-los-adolescentes\/"},"wordCount":515,"commentCount":0,"publisher":{"@id":"https:\/\/socialpubli.com\/blog\/#organization"},"image":{"@id":"https:\/\/socialpubli.com\/blog\/es\/musical-ly-la-red-social-de-los-adolescentes\/#primaryimage"},"thumbnailUrl":"https:\/\/socialpubli.com\/blog\/wp-content\/uploads\/2017\/05\/musical.ly_-1.png","keywords":["Aplicaciones","influencers","Redes Sociales"],"articleSection":["Redes Sociales"],"inLanguage":"es","potentialAction":[{"@type":"CommentAction","name":"Comment","target":["https:\/\/socialpubli.com\/blog\/es\/musical-ly-la-red-social-de-los-adolescentes\/#respond"]}]},{"@type":"WebPage","@id":"https:\/\/socialpubli.com\/blog\/es\/musical-ly-la-red-social-de-los-adolescentes\/","url":"https:\/\/socialpubli.com\/blog\/es\/musical-ly-la-red-social-de-los-adolescentes\/","name":"Musical.ly, la red social de los adolescentes | Social Publi Blog","isPartOf":{"@id":"https:\/\/socialpubli.com\/blog\/#website"},"primaryImageOfPage":{"@id":"https:\/\/socialpubli.com\/blog\/es\/musical-ly-la-red-social-de-los-adolescentes\/#primaryimage"},"image":{"@id":"https:\/\/socialpubli.com\/blog\/es\/musical-ly-la-red-social-de-los-adolescentes\/#primaryimage"},"thumbnailUrl":"https:\/\/socialpubli.com\/blog\/wp-content\/uploads\/2017\/05\/musical.ly_-1.png","datePublished":"2017-05-25T14:20:49+00:00","description":"Musical.ly es una red social que combina m\u00fasica y v\u00eddeo y ha cosechado un gran \u00e9xito entre j\u00f3venes de 11 a 16 a\u00f1os, que se han convertido en influencers.","breadcrumb":{"@id":"https:\/\/socialpubli.com\/blog\/es\/musical-ly-la-red-social-de-los-adolescentes\/#breadcrumb"},"inLanguage":"es","potentialAction":[{"@type":"ReadAction","target":["https:\/\/socialpubli.com\/blog\/es\/musical-ly-la-red-social-de-los-adolescentes\/"]}]},{"@type":"ImageObject","inLanguage":"es","@id":"https:\/\/socialpubli.com\/blog\/es\/musical-ly-la-red-social-de-los-adolescentes\/#primaryimage","url":"https:\/\/socialpubli.com\/blog\/wp-content\/uploads\/2017\/05\/musical.ly_-1.png","contentUrl":"https:\/\/socialpubli.com\/blog\/wp-content\/uploads\/2017\/05\/musical.ly_-1.png","width":"750","height":"428","caption":"musical.ly"},{"@type":"BreadcrumbList","@id":"https:\/\/socialpubli.com\/blog\/es\/musical-ly-la-red-social-de-los-adolescentes\/#breadcrumb","itemListElement":[{"@type":"ListItem","position":1,"name":"Portada","item":"https:\/\/socialpubli.com\/blog\/"},{"@type":"ListItem","position":2,"name":"Musical.ly, la red social de los adolescentes"}]},{"@type":"WebSite","@id":"https:\/\/socialpubli.com\/blog\/#website","url":"https:\/\/socialpubli.com\/blog\/","name":"Social Publi Blog","description":"Tendencias en marketing de influencers, branded content y estrategia en redes sociales.","publisher":{"@id":"https:\/\/socialpubli.com\/blog\/#organization"},"potentialAction":[{"@type":"SearchAction","target":{"@type":"EntryPoint","urlTemplate":"https:\/\/socialpubli.com\/blog\/?s={search_term_string}"},"query-input":{"@type":"PropertyValueSpecification","valueRequired":true,"valueName":"search_term_string"}}],"inLanguage":"es"},{"@type":"Organization","@id":"https:\/\/socialpubli.com\/blog\/#organization","name":"SocialPubli","url":"https:\/\/socialpubli.com\/blog\/","logo":{"@type":"ImageObject","inLanguage":"es","@id":"https:\/\/socialpubli.com\/blog\/#\/schema\/logo\/image\/","url":"https:\/\/socialpubli.com\/blog\/wp-content\/uploads\/2017\/01\/logo-blog.png","contentUrl":"https:\/\/socialpubli.com\/blog\/wp-content\/uploads\/2017\/01\/logo-blog.png","width":284,"height":53,"caption":"SocialPubli"},"image":{"@id":"https:\/\/socialpubli.com\/blog\/#\/schema\/logo\/image\/"}},{"@type":"Person","@id":"https:\/\/socialpubli.com\/blog\/#\/schema\/person\/26d7b037bc6b8f6a7086b73d14ce5d63","name":"Redacci\u00f3n","image":{"@type":"ImageObject","inLanguage":"es","@id":"https:\/\/socialpubli.com\/blog\/#\/schema\/person\/image\/","url":"https:\/\/secure.gravatar.com\/avatar\/8eea57b285bdc2d2ad728ea4041506a69ae8e302228a422a8ef819d284c07da2?s=96&d=mm&r=g","contentUrl":"https:\/\/secure.gravatar.com\/avatar\/8eea57b285bdc2d2ad728ea4041506a69ae8e302228a422a8ef819d284c07da2?s=96&d=mm&r=g","caption":"Redacci\u00f3n"},"url":"https:\/\/socialpubli.com\/blog\/es\/author\/redaccion\/"}]}},"_links":{"self":[{"href":"https:\/\/socialpubli.com\/blog\/es\/wp-json\/wp\/v2\/posts\/2522","targetHints":{"allow":["GET"]}}],"collection":[{"href":"https:\/\/socialpubli.com\/blog\/es\/wp-json\/wp\/v2\/posts"}],"about":[{"href":"https:\/\/socialpubli.com\/blog\/es\/wp-json\/wp\/v2\/types\/post"}],"author":[{"embeddable":true,"href":"https:\/\/socialpubli.com\/blog\/es\/wp-json\/wp\/v2\/users\/2"}],"replies":[{"embeddable":true,"href":"https:\/\/socialpubli.com\/blog\/es\/wp-json\/wp\/v2\/comments?post=2522"}],"version-history":[{"count":2,"href":"https:\/\/socialpubli.com\/blog\/es\/wp-json\/wp\/v2\/posts\/2522\/revisions"}],"predecessor-version":[{"id":2525,"href":"https:\/\/socialpubli.com\/blog\/es\/wp-json\/wp\/v2\/posts\/2522\/revisions\/2525"}],"wp:featuredmedia":[{"embeddable":true,"href":"https:\/\/socialpubli.com\/blog\/es\/wp-json\/wp\/v2\/media\/2526"}],"wp:attachment":[{"href":"https:\/\/socialpubli.com\/blog\/es\/wp-json\/wp\/v2\/media?parent=2522"}],"wp:term":[{"taxonomy":"category","embeddable":true,"href":"https:\/\/socialpubli.com\/blog\/es\/wp-json\/wp\/v2\/categories?post=2522"},{"taxonomy":"post_tag","embeddable":true,"href":"https:\/\/socialpubli.com\/blog\/es\/wp-json\/wp\/v2\/tags?post=2522"}],"curies":[{"name":"wp","href":"https:\/\/api.w.org\/{rel}","templated":true}]}}