{"id":3200,"date":"2018-02-28T11:55:43","date_gmt":"2018-02-28T09:55:43","guid":{"rendered":"https:\/\/socialpubli.com\/news\/?p=3200"},"modified":"2018-02-28T11:55:43","modified_gmt":"2018-02-28T09:55:43","slug":"vero-red-social","status":"publish","type":"post","link":"https:\/\/socialpubli.com\/blog\/es\/vero-red-social\/","title":{"rendered":"As\u00ed es Vero, la red social de moda"},"content":{"rendered":"<p>\u00bf<strong>Qu\u00e9 es Vero<\/strong>? Esa es la pregunta que se est\u00e1 haciendo todo el mundo, porque la popularidad de esta nueva red social ha despegado en d\u00edas. \u00bfEn qu\u00e9 es <strong>diferente<\/strong> al resto de redes? \u00bfTiene <strong>futuro<\/strong>? \u00a1Vamos a verlo!<\/p>\n<p>El nombre de Vero viene de <strong>verdad<\/strong>, de que seas t\u00fa mismo. La red llega con unos ideales muy potentes y actuales, que pueden hacer que consiga hacerse un hueco en nuestras vidas y no ser solo una tendencia pasajera. Aunque hay algunos <strong>problemas t\u00e9cnicos<\/strong> (est\u00e1 en beta), el <strong>dise\u00f1o<\/strong> es muy elegante e intuitivo, y sus caracter\u00edsticas prometen.<\/p>\n<h2>El manifiesto de Vero<\/h2>\n<p>El manifiesto de Vero es que <strong>las personas buscan conectar<\/strong> con sus amigos y compartir lo que sucede en sus vidas. Dicen que la mejor red social es la que <strong>ya existe<\/strong> entre las personas. Su misi\u00f3n es que est\u00e9 disponible <strong>online<\/strong>. Para ello, no quieren reducir las conexiones reales a seguidores y amigos. Quieren darnos m\u00e1s poder para <strong>controlar qui\u00e9n ve<\/strong> cada cosa que compartimos. As\u00ed, nos podremos comunicar con <strong>naturalidad<\/strong> e intimidad y no solo compartir las partes m\u00e1s interesantes de nuestra vida.<\/p>\n<h2>Tres pilares fundamentales<\/h2>\n<h3>Nada de publicidad<\/h3>\n<p>Las plataformas y y sus usuarios suelen tener intereses diferentes. Los usuarios quieren conectarse entre ellos, y las plataformas quieren (y necesitan) dinero. Es algo completamente normal. El cambio en Vero es que<strong> no hay empresas<\/strong> de por medio mostrando sus anuncios.<\/p>\n<p>Vero tiene un modelo de negocio basado en <strong>suscripciones<\/strong>, al estilo de Netflix. Aunque a\u00fan no ha establecido un precio, \u00bfconseguir\u00e1n que la gente pague por usar Vero? De momento, est\u00e1n ofreciendo al primer <strong>mill\u00f3n de usuarios<\/strong> que puedan usar la red de forma <strong>gratuita<\/strong> para siempre.<\/p>\n<h3>No hay algoritmos<\/h3>\n<p>Los usuarios son los clientes, y <strong>no se les muestra contenido que no hayan escogido ver<\/strong>. En vez de sugerencias o que te ense\u00f1en el contenido puntualmente, se te mostrar\u00e1 <strong>todas<\/strong> las publicaciones de tus amigos o personas que sigas.<\/p>\n<h3>No recogen los datos<\/h3>\n<p>No hay anunciantes, por lo que no lo necesitan.<\/p>\n<p><img fetchpriority=\"high\" decoding=\"async\" class=\"alignnone size-full wp-image-3203\" src=\"https:\/\/socialpubli.com\/news\/wp-content\/uploads\/2018\/02\/publicidad-vero.jpg\" alt=\"\" width=\"996\" height=\"520\" srcset=\"https:\/\/socialpubli.com\/blog\/wp-content\/uploads\/2018\/02\/publicidad-vero.jpg 996w, https:\/\/socialpubli.com\/blog\/wp-content\/uploads\/2018\/02\/publicidad-vero-200x104.jpg 200w, https:\/\/socialpubli.com\/blog\/wp-content\/uploads\/2018\/02\/publicidad-vero-300x157.jpg 300w, https:\/\/socialpubli.com\/blog\/wp-content\/uploads\/2018\/02\/publicidad-vero-768x401.jpg 768w, https:\/\/socialpubli.com\/blog\/wp-content\/uploads\/2018\/02\/publicidad-vero-860x449.jpg 860w, https:\/\/socialpubli.com\/blog\/wp-content\/uploads\/2018\/02\/publicidad-vero-680x355.jpg 680w, https:\/\/socialpubli.com\/blog\/wp-content\/uploads\/2018\/02\/publicidad-vero-400x209.jpg 400w, https:\/\/socialpubli.com\/blog\/wp-content\/uploads\/2018\/02\/publicidad-vero-50x26.jpg 50w\" sizes=\"(max-width: 996px) 100vw, 996px\" \/><\/p>\n<h2>Qu\u00e9 puedes hacer en Vero<\/h2>\n<p>Puede que la interfaz te resulte algo <strong>complicada<\/strong> al principio, pero en nada podr\u00e1s aprovechar todo el <strong>potencial<\/strong> que tiene. En t\u00e9rminos simples, es un Instagram con las posibilidades de contenido de Facebook.<\/p>\n<p>En Vero tienes un <strong>timeline<\/strong> donde puedes ver las actualizaciones de tus contactos. En ellas puedes dar al me gusta en forma de coraz\u00f3n, comentar y compartir. Hasta ah\u00ed,<strong> nada nuevo<\/strong>.<\/p>\n<p>Lo verdaderamente diferente es que puedes elegir <strong>con qui\u00e9n compartir<\/strong> las publicaciones. Cuando a\u00f1adas un amigo, podr\u00e1s establecer si es \u00ab<strong>Amigo \u00edntimo<\/strong>\u00ab, \u00ab<strong>Amigo<\/strong>\u00bb o \u00ab<strong>Conocido<\/strong>\u00ab. Si no le aceptas, pasar\u00e1n a ser tu \u00ab<strong>Seguidor<\/strong>\u00ab, si es que permites seguidores. Cuando publiques algo, <strong>podr\u00e1s elegir<\/strong> a qu\u00e9 grupo ense\u00f1arlo. \u00a1Incluso puedes tener <strong>fotos de perfil diferentes<\/strong>!<\/p>\n<p>Desde tu Timeline podr\u00e1s crear una nueva <strong>publicaci\u00f3n<\/strong>, que se puede basar en 6 <strong>categor\u00edas<\/strong> diferentes:<\/p>\n<ul>\n<li>Fotograf\u00eda<\/li>\n<li>Enlace<\/li>\n<li>M\u00fasica<\/li>\n<li>Pel\u00edcula\/TV<\/li>\n<li>Libro<\/li>\n<li>Lugar<\/li>\n<\/ul>\n<p>Estas categor\u00edas satisfacen una <strong>necesidad<\/strong> b\u00e1sica en las relaciones sociales: Poder hablar de las series, libros y canciones con tus amigos.<\/p>\n<p>Para que te hagas una idea de las <strong>posibilidades<\/strong> a la hora de publicar, al elegir pel\u00edcula y buscar la que quieres compartir, te aparecen diferentes <strong>opciones<\/strong>. Adem\u00e1s de un texto que puedes escribir, puedes escoger entre \u00abViendo\u00bb, \u00abHa visto\u00bb\u00b4, \u00abQuiero ver\u00bb, \u00abRecomendar\u00bb y \u00abNo recomendar\u00bb. Cuando tus contactos hagan clic, podr\u00e1n leer la sinopsis, actores e incluso ver el <strong>trailer<\/strong>.<\/p>\n<p>Adem\u00e1s, para prevenir el conocido como &#8216;Fear Of Missing Out&#8217; (<strong>FOMO<\/strong>), lo que compartan tus amigos se organizar\u00e1 en colecciones que se <strong>ordenar\u00e1n<\/strong> seg\u00fan la fecha y categor\u00eda.<\/p>\n<p>La \u00fanica duda que queda por resolver&#8230; \u00bf<strong>C\u00f3mo evolucionar\u00e1 su base de usuarios<\/strong>? No lo sabemos, pero lo que tenemos claro es que vamos a seguir bien de cerca esta nueva red social, porque parece que es el sitio perfecto para los <strong>microinfluencers<\/strong>.<\/p>\n<p>&nbsp;<\/p>\n","protected":false},"excerpt":{"rendered":"<p>\u00bfQu\u00e9 es Vero? Esa es la pregunta que se est\u00e1 haciendo todo el mundo, porque la popularidad de esta nueva red social ha despegado en d\u00edas. \u00bfEn qu\u00e9 es diferente al resto de redes? \u00bfTiene futuro? \u00a1Vamos a verlo! El nombre de Vero viene de verdad, de que seas t\u00fa mismo. La red llega con [&hellip;]<\/p>\n","protected":false},"author":2,"featured_media":3202,"comment_status":"open","ping_status":"open","sticky":false,"template":"","format":"standard","meta":{"footnotes":""},"categories":[16],"tags":[25],"class_list":["post-3200","post","type-post","status-publish","format-standard","has-post-thumbnail","hentry","category-redes-sociales","tag-redes-sociales"],"yoast_head":"<!-- This site is optimized with the Yoast SEO plugin v27.0 - https:\/\/yoast.com\/product\/yoast-seo-wordpress\/ -->\n<title>As\u00ed es Vero, la red social de moda | Social Publi Blog<\/title>\n<meta name=\"description\" content=\"\u00bfQu\u00e9 es Vero? Esa es la pregunta que se est\u00e1 haciendo todo el mundo, porque la popularidad de esta nueva red social ha despegado en d\u00edas. \u00bfEn qu\u00e9 es\" \/>\n<meta name=\"robots\" content=\"index, follow, max-snippet:-1, max-image-preview:large, max-video-preview:-1\" \/>\n<link rel=\"canonical\" href=\"https:\/\/socialpubli.com\/blog\/es\/vero-red-social\/\" \/>\n<meta property=\"og:locale\" content=\"es_ES\" \/>\n<meta property=\"og:type\" content=\"article\" \/>\n<meta property=\"og:title\" content=\"As\u00ed es Vero, la red social de moda | Social Publi Blog\" \/>\n<meta property=\"og:description\" content=\"\u00bfQu\u00e9 es Vero? Esa es la pregunta que se est\u00e1 haciendo todo el mundo, porque la popularidad de esta nueva red social ha despegado en d\u00edas. \u00bfEn qu\u00e9 es\" \/>\n<meta property=\"og:url\" content=\"https:\/\/socialpubli.com\/blog\/es\/vero-red-social\/\" \/>\n<meta property=\"og:site_name\" content=\"Social Publi Blog\" \/>\n<meta property=\"article:published_time\" content=\"2018-02-28T09:55:43+00:00\" \/>\n<meta property=\"og:image\" content=\"https:\/\/socialpubli.com\/blog\/wp-content\/uploads\/2018\/02\/vero-red-social.png\" \/>\n\t<meta property=\"og:image:width\" content=\"600\" \/>\n\t<meta property=\"og:image:height\" content=\"400\" \/>\n\t<meta property=\"og:image:type\" content=\"image\/png\" \/>\n<meta name=\"author\" content=\"Redacci\u00f3n\" \/>\n<meta name=\"twitter:card\" content=\"summary_large_image\" \/>\n<meta name=\"twitter:label1\" content=\"Escrito por\" \/>\n\t<meta name=\"twitter:data1\" content=\"Redacci\u00f3n\" \/>\n\t<meta name=\"twitter:label2\" content=\"Tiempo de lectura\" \/>\n\t<meta name=\"twitter:data2\" content=\"3 minutos\" \/>\n<script type=\"application\/ld+json\" class=\"yoast-schema-graph\">{\"@context\":\"https:\/\/schema.org\",\"@graph\":[{\"@type\":\"Article\",\"@id\":\"https:\/\/socialpubli.com\/blog\/es\/vero-red-social\/#article\",\"isPartOf\":{\"@id\":\"https:\/\/socialpubli.com\/blog\/es\/vero-red-social\/\"},\"author\":{\"name\":\"Redacci\u00f3n\",\"@id\":\"https:\/\/socialpubli.com\/blog\/#\/schema\/person\/26d7b037bc6b8f6a7086b73d14ce5d63\"},\"headline\":\"As\u00ed es Vero, la red social de moda\",\"datePublished\":\"2018-02-28T09:55:43+00:00\",\"mainEntityOfPage\":{\"@id\":\"https:\/\/socialpubli.com\/blog\/es\/vero-red-social\/\"},\"wordCount\":684,\"commentCount\":0,\"publisher\":{\"@id\":\"https:\/\/socialpubli.com\/blog\/#organization\"},\"image\":{\"@id\":\"https:\/\/socialpubli.com\/blog\/es\/vero-red-social\/#primaryimage\"},\"thumbnailUrl\":\"https:\/\/socialpubli.com\/blog\/wp-content\/uploads\/2018\/02\/vero-red-social.png\",\"keywords\":[\"Redes Sociales\"],\"articleSection\":[\"Redes Sociales\"],\"inLanguage\":\"es\",\"potentialAction\":[{\"@type\":\"CommentAction\",\"name\":\"Comment\",\"target\":[\"https:\/\/socialpubli.com\/blog\/es\/vero-red-social\/#respond\"]}]},{\"@type\":\"WebPage\",\"@id\":\"https:\/\/socialpubli.com\/blog\/es\/vero-red-social\/\",\"url\":\"https:\/\/socialpubli.com\/blog\/es\/vero-red-social\/\",\"name\":\"As\u00ed es Vero, la red social de moda | Social Publi Blog\",\"isPartOf\":{\"@id\":\"https:\/\/socialpubli.com\/blog\/#website\"},\"primaryImageOfPage\":{\"@id\":\"https:\/\/socialpubli.com\/blog\/es\/vero-red-social\/#primaryimage\"},\"image\":{\"@id\":\"https:\/\/socialpubli.com\/blog\/es\/vero-red-social\/#primaryimage\"},\"thumbnailUrl\":\"https:\/\/socialpubli.com\/blog\/wp-content\/uploads\/2018\/02\/vero-red-social.png\",\"datePublished\":\"2018-02-28T09:55:43+00:00\",\"description\":\"\u00bfQu\u00e9 es Vero? Esa es la pregunta que se est\u00e1 haciendo todo el mundo, porque la popularidad de esta nueva red social ha despegado en d\u00edas. \u00bfEn qu\u00e9 es\",\"breadcrumb\":{\"@id\":\"https:\/\/socialpubli.com\/blog\/es\/vero-red-social\/#breadcrumb\"},\"inLanguage\":\"es\",\"potentialAction\":[{\"@type\":\"ReadAction\",\"target\":[\"https:\/\/socialpubli.com\/blog\/es\/vero-red-social\/\"]}]},{\"@type\":\"ImageObject\",\"inLanguage\":\"es\",\"@id\":\"https:\/\/socialpubli.com\/blog\/es\/vero-red-social\/#primaryimage\",\"url\":\"https:\/\/socialpubli.com\/blog\/wp-content\/uploads\/2018\/02\/vero-red-social.png\",\"contentUrl\":\"https:\/\/socialpubli.com\/blog\/wp-content\/uploads\/2018\/02\/vero-red-social.png\",\"width\":\"600\",\"height\":\"400\",\"caption\":\"vero red social\"},{\"@type\":\"BreadcrumbList\",\"@id\":\"https:\/\/socialpubli.com\/blog\/es\/vero-red-social\/#breadcrumb\",\"itemListElement\":[{\"@type\":\"ListItem\",\"position\":1,\"name\":\"Portada\",\"item\":\"https:\/\/socialpubli.com\/blog\/\"},{\"@type\":\"ListItem\",\"position\":2,\"name\":\"As\u00ed es Vero, la red social de moda\"}]},{\"@type\":\"WebSite\",\"@id\":\"https:\/\/socialpubli.com\/blog\/#website\",\"url\":\"https:\/\/socialpubli.com\/blog\/\",\"name\":\"Social Publi Blog\",\"description\":\"Tendencias en marketing de influencers, branded content y estrategia en redes sociales.\",\"publisher\":{\"@id\":\"https:\/\/socialpubli.com\/blog\/#organization\"},\"potentialAction\":[{\"@type\":\"SearchAction\",\"target\":{\"@type\":\"EntryPoint\",\"urlTemplate\":\"https:\/\/socialpubli.com\/blog\/?s={search_term_string}\"},\"query-input\":{\"@type\":\"PropertyValueSpecification\",\"valueRequired\":true,\"valueName\":\"search_term_string\"}}],\"inLanguage\":\"es\"},{\"@type\":\"Organization\",\"@id\":\"https:\/\/socialpubli.com\/blog\/#organization\",\"name\":\"SocialPubli\",\"url\":\"https:\/\/socialpubli.com\/blog\/\",\"logo\":{\"@type\":\"ImageObject\",\"inLanguage\":\"es\",\"@id\":\"https:\/\/socialpubli.com\/blog\/#\/schema\/logo\/image\/\",\"url\":\"https:\/\/socialpubli.com\/blog\/wp-content\/uploads\/2017\/01\/logo-blog.png\",\"contentUrl\":\"https:\/\/socialpubli.com\/blog\/wp-content\/uploads\/2017\/01\/logo-blog.png\",\"width\":284,\"height\":53,\"caption\":\"SocialPubli\"},\"image\":{\"@id\":\"https:\/\/socialpubli.com\/blog\/#\/schema\/logo\/image\/\"}},{\"@type\":\"Person\",\"@id\":\"https:\/\/socialpubli.com\/blog\/#\/schema\/person\/26d7b037bc6b8f6a7086b73d14ce5d63\",\"name\":\"Redacci\u00f3n\",\"image\":{\"@type\":\"ImageObject\",\"inLanguage\":\"es\",\"@id\":\"https:\/\/socialpubli.com\/blog\/#\/schema\/person\/image\/\",\"url\":\"https:\/\/secure.gravatar.com\/avatar\/8eea57b285bdc2d2ad728ea4041506a69ae8e302228a422a8ef819d284c07da2?s=96&d=mm&r=g\",\"contentUrl\":\"https:\/\/secure.gravatar.com\/avatar\/8eea57b285bdc2d2ad728ea4041506a69ae8e302228a422a8ef819d284c07da2?s=96&d=mm&r=g\",\"caption\":\"Redacci\u00f3n\"},\"url\":\"https:\/\/socialpubli.com\/blog\/es\/author\/redaccion\/\"}]}<\/script>\n<!-- \/ Yoast SEO plugin. -->","yoast_head_json":{"title":"As\u00ed es Vero, la red social de moda | Social Publi Blog","description":"\u00bfQu\u00e9 es Vero? Esa es la pregunta que se est\u00e1 haciendo todo el mundo, porque la popularidad de esta nueva red social ha despegado en d\u00edas. \u00bfEn qu\u00e9 es","robots":{"index":"index","follow":"follow","max-snippet":"max-snippet:-1","max-image-preview":"max-image-preview:large","max-video-preview":"max-video-preview:-1"},"canonical":"https:\/\/socialpubli.com\/blog\/es\/vero-red-social\/","og_locale":"es_ES","og_type":"article","og_title":"As\u00ed es Vero, la red social de moda | Social Publi Blog","og_description":"\u00bfQu\u00e9 es Vero? Esa es la pregunta que se est\u00e1 haciendo todo el mundo, porque la popularidad de esta nueva red social ha despegado en d\u00edas. \u00bfEn qu\u00e9 es","og_url":"https:\/\/socialpubli.com\/blog\/es\/vero-red-social\/","og_site_name":"Social Publi Blog","article_published_time":"2018-02-28T09:55:43+00:00","og_image":[{"width":600,"height":400,"url":"https:\/\/socialpubli.com\/blog\/wp-content\/uploads\/2018\/02\/vero-red-social.png","type":"image\/png"}],"author":"Redacci\u00f3n","twitter_card":"summary_large_image","twitter_misc":{"Escrito por":"Redacci\u00f3n","Tiempo de lectura":"3 minutos"},"schema":{"@context":"https:\/\/schema.org","@graph":[{"@type":"Article","@id":"https:\/\/socialpubli.com\/blog\/es\/vero-red-social\/#article","isPartOf":{"@id":"https:\/\/socialpubli.com\/blog\/es\/vero-red-social\/"},"author":{"name":"Redacci\u00f3n","@id":"https:\/\/socialpubli.com\/blog\/#\/schema\/person\/26d7b037bc6b8f6a7086b73d14ce5d63"},"headline":"As\u00ed es Vero, la red social de moda","datePublished":"2018-02-28T09:55:43+00:00","mainEntityOfPage":{"@id":"https:\/\/socialpubli.com\/blog\/es\/vero-red-social\/"},"wordCount":684,"commentCount":0,"publisher":{"@id":"https:\/\/socialpubli.com\/blog\/#organization"},"image":{"@id":"https:\/\/socialpubli.com\/blog\/es\/vero-red-social\/#primaryimage"},"thumbnailUrl":"https:\/\/socialpubli.com\/blog\/wp-content\/uploads\/2018\/02\/vero-red-social.png","keywords":["Redes Sociales"],"articleSection":["Redes Sociales"],"inLanguage":"es","potentialAction":[{"@type":"CommentAction","name":"Comment","target":["https:\/\/socialpubli.com\/blog\/es\/vero-red-social\/#respond"]}]},{"@type":"WebPage","@id":"https:\/\/socialpubli.com\/blog\/es\/vero-red-social\/","url":"https:\/\/socialpubli.com\/blog\/es\/vero-red-social\/","name":"As\u00ed es Vero, la red social de moda | Social Publi Blog","isPartOf":{"@id":"https:\/\/socialpubli.com\/blog\/#website"},"primaryImageOfPage":{"@id":"https:\/\/socialpubli.com\/blog\/es\/vero-red-social\/#primaryimage"},"image":{"@id":"https:\/\/socialpubli.com\/blog\/es\/vero-red-social\/#primaryimage"},"thumbnailUrl":"https:\/\/socialpubli.com\/blog\/wp-content\/uploads\/2018\/02\/vero-red-social.png","datePublished":"2018-02-28T09:55:43+00:00","description":"\u00bfQu\u00e9 es Vero? Esa es la pregunta que se est\u00e1 haciendo todo el mundo, porque la popularidad de esta nueva red social ha despegado en d\u00edas. \u00bfEn qu\u00e9 es","breadcrumb":{"@id":"https:\/\/socialpubli.com\/blog\/es\/vero-red-social\/#breadcrumb"},"inLanguage":"es","potentialAction":[{"@type":"ReadAction","target":["https:\/\/socialpubli.com\/blog\/es\/vero-red-social\/"]}]},{"@type":"ImageObject","inLanguage":"es","@id":"https:\/\/socialpubli.com\/blog\/es\/vero-red-social\/#primaryimage","url":"https:\/\/socialpubli.com\/blog\/wp-content\/uploads\/2018\/02\/vero-red-social.png","contentUrl":"https:\/\/socialpubli.com\/blog\/wp-content\/uploads\/2018\/02\/vero-red-social.png","width":"600","height":"400","caption":"vero red social"},{"@type":"BreadcrumbList","@id":"https:\/\/socialpubli.com\/blog\/es\/vero-red-social\/#breadcrumb","itemListElement":[{"@type":"ListItem","position":1,"name":"Portada","item":"https:\/\/socialpubli.com\/blog\/"},{"@type":"ListItem","position":2,"name":"As\u00ed es Vero, la red social de moda"}]},{"@type":"WebSite","@id":"https:\/\/socialpubli.com\/blog\/#website","url":"https:\/\/socialpubli.com\/blog\/","name":"Social Publi Blog","description":"Tendencias en marketing de influencers, branded content y estrategia en redes sociales.","publisher":{"@id":"https:\/\/socialpubli.com\/blog\/#organization"},"potentialAction":[{"@type":"SearchAction","target":{"@type":"EntryPoint","urlTemplate":"https:\/\/socialpubli.com\/blog\/?s={search_term_string}"},"query-input":{"@type":"PropertyValueSpecification","valueRequired":true,"valueName":"search_term_string"}}],"inLanguage":"es"},{"@type":"Organization","@id":"https:\/\/socialpubli.com\/blog\/#organization","name":"SocialPubli","url":"https:\/\/socialpubli.com\/blog\/","logo":{"@type":"ImageObject","inLanguage":"es","@id":"https:\/\/socialpubli.com\/blog\/#\/schema\/logo\/image\/","url":"https:\/\/socialpubli.com\/blog\/wp-content\/uploads\/2017\/01\/logo-blog.png","contentUrl":"https:\/\/socialpubli.com\/blog\/wp-content\/uploads\/2017\/01\/logo-blog.png","width":284,"height":53,"caption":"SocialPubli"},"image":{"@id":"https:\/\/socialpubli.com\/blog\/#\/schema\/logo\/image\/"}},{"@type":"Person","@id":"https:\/\/socialpubli.com\/blog\/#\/schema\/person\/26d7b037bc6b8f6a7086b73d14ce5d63","name":"Redacci\u00f3n","image":{"@type":"ImageObject","inLanguage":"es","@id":"https:\/\/socialpubli.com\/blog\/#\/schema\/person\/image\/","url":"https:\/\/secure.gravatar.com\/avatar\/8eea57b285bdc2d2ad728ea4041506a69ae8e302228a422a8ef819d284c07da2?s=96&d=mm&r=g","contentUrl":"https:\/\/secure.gravatar.com\/avatar\/8eea57b285bdc2d2ad728ea4041506a69ae8e302228a422a8ef819d284c07da2?s=96&d=mm&r=g","caption":"Redacci\u00f3n"},"url":"https:\/\/socialpubli.com\/blog\/es\/author\/redaccion\/"}]}},"_links":{"self":[{"href":"https:\/\/socialpubli.com\/blog\/es\/wp-json\/wp\/v2\/posts\/3200","targetHints":{"allow":["GET"]}}],"collection":[{"href":"https:\/\/socialpubli.com\/blog\/es\/wp-json\/wp\/v2\/posts"}],"about":[{"href":"https:\/\/socialpubli.com\/blog\/es\/wp-json\/wp\/v2\/types\/post"}],"author":[{"embeddable":true,"href":"https:\/\/socialpubli.com\/blog\/es\/wp-json\/wp\/v2\/users\/2"}],"replies":[{"embeddable":true,"href":"https:\/\/socialpubli.com\/blog\/es\/wp-json\/wp\/v2\/comments?post=3200"}],"version-history":[{"count":3,"href":"https:\/\/socialpubli.com\/blog\/es\/wp-json\/wp\/v2\/posts\/3200\/revisions"}],"predecessor-version":[{"id":3206,"href":"https:\/\/socialpubli.com\/blog\/es\/wp-json\/wp\/v2\/posts\/3200\/revisions\/3206"}],"wp:featuredmedia":[{"embeddable":true,"href":"https:\/\/socialpubli.com\/blog\/es\/wp-json\/wp\/v2\/media\/3202"}],"wp:attachment":[{"href":"https:\/\/socialpubli.com\/blog\/es\/wp-json\/wp\/v2\/media?parent=3200"}],"wp:term":[{"taxonomy":"category","embeddable":true,"href":"https:\/\/socialpubli.com\/blog\/es\/wp-json\/wp\/v2\/categories?post=3200"},{"taxonomy":"post_tag","embeddable":true,"href":"https:\/\/socialpubli.com\/blog\/es\/wp-json\/wp\/v2\/tags?post=3200"}],"curies":[{"name":"wp","href":"https:\/\/api.w.org\/{rel}","templated":true}]}}