{"id":3224,"date":"2018-03-07T16:05:47","date_gmt":"2018-03-07T14:05:47","guid":{"rendered":"https:\/\/socialpubli.com\/news\/?p=3224"},"modified":"2018-05-28T11:58:54","modified_gmt":"2018-05-28T09:58:54","slug":"modo-retrato-novedades-instagram","status":"publish","type":"post","link":"https:\/\/socialpubli.com\/blog\/es\/modo-retrato-novedades-instagram\/","title":{"rendered":"El modo retrato y otras futuras novedades de Instagram"},"content":{"rendered":"<p>Instagram no para de <strong>mejorar<\/strong> su plataforma con actualizaciones que sorprenden a todos usuarios. Primero llegaron los avisos por captura de pantalla, GIFs en Stories&#8230; y ahora se est\u00e1n probando varias novedades que podr\u00edan llegar <strong>muy pronto<\/strong> \u00bfLas vemos?<\/p>\n<h2>Modo retrato<\/h2>\n<p>El modo retrato podr\u00eda estar <strong>m\u00e1s cerca de lo que creemos, <\/strong>porque se han encontrado iconos en el <strong>c\u00f3digo<\/strong> de la aplicaci\u00f3n que muestran que se est\u00e1 trabajando en ello.<\/p>\n<p>Este modo retrato se incorporar\u00eda al superzoom o boomerang que ya nos encontramos desde la<strong> c\u00e1mara de la app<\/strong>, y estar\u00eda disponible para <strong>todos<\/strong> los smartphones. Aunque el resultado final no sea el mismo que con una c\u00e1mara <strong>dual<\/strong>, Instagram puede falsear el efecto bokeh desenfocando el fondo mediante <strong>Inteligencia Artificial<\/strong>.<\/p>\n<h2>Llamadas<\/h2>\n<p>En ese mismo c\u00f3digo se encontraron otros <strong>archivos<\/strong> que parec\u00edan indicar que est\u00e1n probando funciones para hacer llamadas y <strong>videollamadas<\/strong>.<\/p>\n<p>\u00bfY sab\u00e9is qu\u00e9 otra red tiene esta funci\u00f3n? <strong>Snapchat<\/strong>. Si Instagram hace las llamadas m\u00e1s accesibles, ser\u00e1 otra raz\u00f3n para que los usuarios se queden en esta red social. \u00bfTendr\u00e1n disponibles tambi\u00e9n <strong>filtros como coronas de flores<\/strong>?<\/p>\n<h2>Cinemagraphs<\/h2>\n<p>De momento <strong>solo<\/strong> hay una captura de pantalla como prueba de que est\u00e1n trabajando en ello, as\u00ed que no se sabe mucho sobre c\u00f3mo funcionar\u00e1.<\/p>\n<p>Para quien no sepa lo que es un cinemagraph, es una especie de <b>GIF\u00a0<\/b>que combina elementos inm\u00f3viles como una fotograf\u00eda y otros en movimiento como en un v\u00eddeo. Os dejamos un ejemplo para que os hag\u00e1is una idea \ud83d\ude09<\/p>\n<p><iframe class=\"giphy-embed\" src=\"https:\/\/giphy.com\/embed\/vYTo95h4e2j6M\" width=\"480\" height=\"270\" frameborder=\"0\" allowfullscreen=\"allowfullscreen\"><\/iframe><\/p>\n<h2>Descargar todas tus fotos<\/h2>\n<p>Algo que muchos usuarios han pedido para poder hacer una <strong>copia de seguridad<\/strong>, especialmente si piensas<a href=\"https:\/\/socialpubli.com\/news\/las-redes-sociales-seguras-los-menores-eliminar-una-cuenta-instagram\/\" target=\"_blank\" rel=\"noopener\"> eliminar tu cuenta de Instagram<\/a> pero quieres conservar tus <strong>fotos<\/strong> y recuerdos. As\u00ed, te podr\u00edan enviar a tu correo en un <strong>archivo .zip<\/strong> todas las fotograf\u00edas compartidas y la informaci\u00f3n a\u00f1adida a tu perfil<\/p>\n<h2>Organizar chats<\/h2>\n<p>\u00bfDemasiada gente &#8216;Sliding into your DM&#8217;s&#8217;? Para organizar tus conversaciones y que sean m\u00e1s f\u00e1ciles de encontrar, podr\u00e1s <strong>marcar chats y mensajes como favoritos<\/strong> y <strong>fijarlos<\/strong> para tenerlos a mano y enviar todos los memes y selfies que quieras f\u00e1cilmente.<\/p>\n<p>No sabemos cu\u00e1ntas de estas novedades llegar\u00e1n ni cu\u00e1ndo lo har\u00e1n, pero estaremos <strong>muy atentos<\/strong> para ver c\u00f3mo evolucionan para poder hacer nuevas<a href=\"https:\/\/socialpubli.com\/news\/marketing-en-instagram-2018\/\" target=\"_blank\" rel=\"noopener\"> campa\u00f1as de marketing en Instagram<\/a>.<\/p>\n<p>&nbsp;<\/p>\n","protected":false},"excerpt":{"rendered":"<p>Instagram no para de mejorar su plataforma con actualizaciones que sorprenden a todos usuarios. Primero llegaron los avisos por captura de pantalla, GIFs en Stories&#8230; y ahora se est\u00e1n probando varias novedades que podr\u00edan llegar muy pronto \u00bfLas vemos? Modo retrato El modo retrato podr\u00eda estar m\u00e1s cerca de lo que creemos, porque se han [&hellip;]<\/p>\n","protected":false},"author":2,"featured_media":3233,"comment_status":"open","ping_status":"open","sticky":false,"template":"","format":"standard","meta":{"footnotes":""},"categories":[16],"tags":[48],"class_list":["post-3224","post","type-post","status-publish","format-standard","has-post-thumbnail","hentry","category-redes-sociales","tag-instagram"],"yoast_head":"<!-- This site is optimized with the Yoast SEO plugin v27.0 - https:\/\/yoast.com\/product\/yoast-seo-wordpress\/ -->\n<title>El modo retrato y otras futuras novedades de Instagram | Social Publi Blog<\/title>\n<meta name=\"description\" content=\"Instagram no para de mejorar su plataforma con actualizaciones que sorprenden a todos usuarios. Primero llegaron los avisos por captura de pantalla y ahora se est\u00e1n probando varias novedades que podr\u00edan llegar muy pronto \u00bfLas vemos?\" \/>\n<meta name=\"robots\" content=\"index, follow, max-snippet:-1, max-image-preview:large, max-video-preview:-1\" \/>\n<link rel=\"canonical\" href=\"https:\/\/socialpubli.com\/blog\/es\/modo-retrato-novedades-instagram\/\" \/>\n<meta property=\"og:locale\" content=\"es_ES\" \/>\n<meta property=\"og:type\" content=\"article\" \/>\n<meta property=\"og:title\" content=\"El modo retrato y otras futuras novedades de Instagram | Social Publi Blog\" \/>\n<meta property=\"og:description\" content=\"Instagram no para de mejorar su plataforma con actualizaciones que sorprenden a todos usuarios. Primero llegaron los avisos por captura de pantalla y ahora se est\u00e1n probando varias novedades que podr\u00edan llegar muy pronto \u00bfLas vemos?\" \/>\n<meta property=\"og:url\" content=\"https:\/\/socialpubli.com\/blog\/es\/modo-retrato-novedades-instagram\/\" \/>\n<meta property=\"og:site_name\" content=\"Social Publi Blog\" \/>\n<meta property=\"article:published_time\" content=\"2018-03-07T14:05:47+00:00\" \/>\n<meta property=\"article:modified_time\" content=\"2018-05-28T09:58:54+00:00\" \/>\n<meta property=\"og:image\" content=\"https:\/\/socialpubli.com\/blog\/wp-content\/uploads\/2018\/03\/modo-retrato-instagram-1.jpg\" \/>\n\t<meta property=\"og:image:width\" content=\"750\" \/>\n\t<meta property=\"og:image:height\" content=\"500\" \/>\n\t<meta property=\"og:image:type\" content=\"image\/jpeg\" \/>\n<meta name=\"author\" content=\"Redacci\u00f3n\" \/>\n<meta name=\"twitter:card\" content=\"summary_large_image\" \/>\n<meta name=\"twitter:label1\" content=\"Escrito por\" \/>\n\t<meta name=\"twitter:data1\" content=\"Redacci\u00f3n\" \/>\n\t<meta name=\"twitter:label2\" content=\"Tiempo de lectura\" \/>\n\t<meta name=\"twitter:data2\" content=\"2 minutos\" \/>\n<script type=\"application\/ld+json\" class=\"yoast-schema-graph\">{\"@context\":\"https:\/\/schema.org\",\"@graph\":[{\"@type\":\"Article\",\"@id\":\"https:\/\/socialpubli.com\/blog\/es\/modo-retrato-novedades-instagram\/#article\",\"isPartOf\":{\"@id\":\"https:\/\/socialpubli.com\/blog\/es\/modo-retrato-novedades-instagram\/\"},\"author\":{\"name\":\"Redacci\u00f3n\",\"@id\":\"https:\/\/socialpubli.com\/blog\/#\/schema\/person\/26d7b037bc6b8f6a7086b73d14ce5d63\"},\"headline\":\"El modo retrato y otras futuras novedades de Instagram\",\"datePublished\":\"2018-03-07T14:05:47+00:00\",\"dateModified\":\"2018-05-28T09:58:54+00:00\",\"mainEntityOfPage\":{\"@id\":\"https:\/\/socialpubli.com\/blog\/es\/modo-retrato-novedades-instagram\/\"},\"wordCount\":419,\"commentCount\":0,\"publisher\":{\"@id\":\"https:\/\/socialpubli.com\/blog\/#organization\"},\"image\":{\"@id\":\"https:\/\/socialpubli.com\/blog\/es\/modo-retrato-novedades-instagram\/#primaryimage\"},\"thumbnailUrl\":\"https:\/\/socialpubli.com\/blog\/wp-content\/uploads\/2018\/03\/modo-retrato-instagram-1.jpg\",\"keywords\":[\"Instagram\"],\"articleSection\":[\"Redes Sociales\"],\"inLanguage\":\"es\",\"potentialAction\":[{\"@type\":\"CommentAction\",\"name\":\"Comment\",\"target\":[\"https:\/\/socialpubli.com\/blog\/es\/modo-retrato-novedades-instagram\/#respond\"]}]},{\"@type\":\"WebPage\",\"@id\":\"https:\/\/socialpubli.com\/blog\/es\/modo-retrato-novedades-instagram\/\",\"url\":\"https:\/\/socialpubli.com\/blog\/es\/modo-retrato-novedades-instagram\/\",\"name\":\"El modo retrato y otras futuras novedades de Instagram | Social Publi Blog\",\"isPartOf\":{\"@id\":\"https:\/\/socialpubli.com\/blog\/#website\"},\"primaryImageOfPage\":{\"@id\":\"https:\/\/socialpubli.com\/blog\/es\/modo-retrato-novedades-instagram\/#primaryimage\"},\"image\":{\"@id\":\"https:\/\/socialpubli.com\/blog\/es\/modo-retrato-novedades-instagram\/#primaryimage\"},\"thumbnailUrl\":\"https:\/\/socialpubli.com\/blog\/wp-content\/uploads\/2018\/03\/modo-retrato-instagram-1.jpg\",\"datePublished\":\"2018-03-07T14:05:47+00:00\",\"dateModified\":\"2018-05-28T09:58:54+00:00\",\"description\":\"Instagram no para de mejorar su plataforma con actualizaciones que sorprenden a todos usuarios. Primero llegaron los avisos por captura de pantalla y ahora se est\u00e1n probando varias novedades que podr\u00edan llegar muy pronto \u00bfLas vemos?\",\"breadcrumb\":{\"@id\":\"https:\/\/socialpubli.com\/blog\/es\/modo-retrato-novedades-instagram\/#breadcrumb\"},\"inLanguage\":\"es\",\"potentialAction\":[{\"@type\":\"ReadAction\",\"target\":[\"https:\/\/socialpubli.com\/blog\/es\/modo-retrato-novedades-instagram\/\"]}]},{\"@type\":\"ImageObject\",\"inLanguage\":\"es\",\"@id\":\"https:\/\/socialpubli.com\/blog\/es\/modo-retrato-novedades-instagram\/#primaryimage\",\"url\":\"https:\/\/socialpubli.com\/blog\/wp-content\/uploads\/2018\/03\/modo-retrato-instagram-1.jpg\",\"contentUrl\":\"https:\/\/socialpubli.com\/blog\/wp-content\/uploads\/2018\/03\/modo-retrato-instagram-1.jpg\",\"width\":\"750\",\"height\":\"500\"},{\"@type\":\"BreadcrumbList\",\"@id\":\"https:\/\/socialpubli.com\/blog\/es\/modo-retrato-novedades-instagram\/#breadcrumb\",\"itemListElement\":[{\"@type\":\"ListItem\",\"position\":1,\"name\":\"Portada\",\"item\":\"https:\/\/socialpubli.com\/blog\/\"},{\"@type\":\"ListItem\",\"position\":2,\"name\":\"El modo retrato y otras futuras novedades de Instagram\"}]},{\"@type\":\"WebSite\",\"@id\":\"https:\/\/socialpubli.com\/blog\/#website\",\"url\":\"https:\/\/socialpubli.com\/blog\/\",\"name\":\"Social Publi Blog\",\"description\":\"Tendencias en marketing de influencers, branded content y estrategia en redes sociales.\",\"publisher\":{\"@id\":\"https:\/\/socialpubli.com\/blog\/#organization\"},\"potentialAction\":[{\"@type\":\"SearchAction\",\"target\":{\"@type\":\"EntryPoint\",\"urlTemplate\":\"https:\/\/socialpubli.com\/blog\/?s={search_term_string}\"},\"query-input\":{\"@type\":\"PropertyValueSpecification\",\"valueRequired\":true,\"valueName\":\"search_term_string\"}}],\"inLanguage\":\"es\"},{\"@type\":\"Organization\",\"@id\":\"https:\/\/socialpubli.com\/blog\/#organization\",\"name\":\"SocialPubli\",\"url\":\"https:\/\/socialpubli.com\/blog\/\",\"logo\":{\"@type\":\"ImageObject\",\"inLanguage\":\"es\",\"@id\":\"https:\/\/socialpubli.com\/blog\/#\/schema\/logo\/image\/\",\"url\":\"https:\/\/socialpubli.com\/blog\/wp-content\/uploads\/2017\/01\/logo-blog.png\",\"contentUrl\":\"https:\/\/socialpubli.com\/blog\/wp-content\/uploads\/2017\/01\/logo-blog.png\",\"width\":284,\"height\":53,\"caption\":\"SocialPubli\"},\"image\":{\"@id\":\"https:\/\/socialpubli.com\/blog\/#\/schema\/logo\/image\/\"}},{\"@type\":\"Person\",\"@id\":\"https:\/\/socialpubli.com\/blog\/#\/schema\/person\/26d7b037bc6b8f6a7086b73d14ce5d63\",\"name\":\"Redacci\u00f3n\",\"image\":{\"@type\":\"ImageObject\",\"inLanguage\":\"es\",\"@id\":\"https:\/\/socialpubli.com\/blog\/#\/schema\/person\/image\/\",\"url\":\"https:\/\/secure.gravatar.com\/avatar\/8eea57b285bdc2d2ad728ea4041506a69ae8e302228a422a8ef819d284c07da2?s=96&d=mm&r=g\",\"contentUrl\":\"https:\/\/secure.gravatar.com\/avatar\/8eea57b285bdc2d2ad728ea4041506a69ae8e302228a422a8ef819d284c07da2?s=96&d=mm&r=g\",\"caption\":\"Redacci\u00f3n\"},\"url\":\"https:\/\/socialpubli.com\/blog\/es\/author\/redaccion\/\"}]}<\/script>\n<!-- \/ Yoast SEO plugin. -->","yoast_head_json":{"title":"El modo retrato y otras futuras novedades de Instagram | Social Publi Blog","description":"Instagram no para de mejorar su plataforma con actualizaciones que sorprenden a todos usuarios. Primero llegaron los avisos por captura de pantalla y ahora se est\u00e1n probando varias novedades que podr\u00edan llegar muy pronto \u00bfLas vemos?","robots":{"index":"index","follow":"follow","max-snippet":"max-snippet:-1","max-image-preview":"max-image-preview:large","max-video-preview":"max-video-preview:-1"},"canonical":"https:\/\/socialpubli.com\/blog\/es\/modo-retrato-novedades-instagram\/","og_locale":"es_ES","og_type":"article","og_title":"El modo retrato y otras futuras novedades de Instagram | Social Publi Blog","og_description":"Instagram no para de mejorar su plataforma con actualizaciones que sorprenden a todos usuarios. Primero llegaron los avisos por captura de pantalla y ahora se est\u00e1n probando varias novedades que podr\u00edan llegar muy pronto \u00bfLas vemos?","og_url":"https:\/\/socialpubli.com\/blog\/es\/modo-retrato-novedades-instagram\/","og_site_name":"Social Publi Blog","article_published_time":"2018-03-07T14:05:47+00:00","article_modified_time":"2018-05-28T09:58:54+00:00","og_image":[{"width":750,"height":500,"url":"https:\/\/socialpubli.com\/blog\/wp-content\/uploads\/2018\/03\/modo-retrato-instagram-1.jpg","type":"image\/jpeg"}],"author":"Redacci\u00f3n","twitter_card":"summary_large_image","twitter_misc":{"Escrito por":"Redacci\u00f3n","Tiempo de lectura":"2 minutos"},"schema":{"@context":"https:\/\/schema.org","@graph":[{"@type":"Article","@id":"https:\/\/socialpubli.com\/blog\/es\/modo-retrato-novedades-instagram\/#article","isPartOf":{"@id":"https:\/\/socialpubli.com\/blog\/es\/modo-retrato-novedades-instagram\/"},"author":{"name":"Redacci\u00f3n","@id":"https:\/\/socialpubli.com\/blog\/#\/schema\/person\/26d7b037bc6b8f6a7086b73d14ce5d63"},"headline":"El modo retrato y otras futuras novedades de Instagram","datePublished":"2018-03-07T14:05:47+00:00","dateModified":"2018-05-28T09:58:54+00:00","mainEntityOfPage":{"@id":"https:\/\/socialpubli.com\/blog\/es\/modo-retrato-novedades-instagram\/"},"wordCount":419,"commentCount":0,"publisher":{"@id":"https:\/\/socialpubli.com\/blog\/#organization"},"image":{"@id":"https:\/\/socialpubli.com\/blog\/es\/modo-retrato-novedades-instagram\/#primaryimage"},"thumbnailUrl":"https:\/\/socialpubli.com\/blog\/wp-content\/uploads\/2018\/03\/modo-retrato-instagram-1.jpg","keywords":["Instagram"],"articleSection":["Redes Sociales"],"inLanguage":"es","potentialAction":[{"@type":"CommentAction","name":"Comment","target":["https:\/\/socialpubli.com\/blog\/es\/modo-retrato-novedades-instagram\/#respond"]}]},{"@type":"WebPage","@id":"https:\/\/socialpubli.com\/blog\/es\/modo-retrato-novedades-instagram\/","url":"https:\/\/socialpubli.com\/blog\/es\/modo-retrato-novedades-instagram\/","name":"El modo retrato y otras futuras novedades de Instagram | Social Publi Blog","isPartOf":{"@id":"https:\/\/socialpubli.com\/blog\/#website"},"primaryImageOfPage":{"@id":"https:\/\/socialpubli.com\/blog\/es\/modo-retrato-novedades-instagram\/#primaryimage"},"image":{"@id":"https:\/\/socialpubli.com\/blog\/es\/modo-retrato-novedades-instagram\/#primaryimage"},"thumbnailUrl":"https:\/\/socialpubli.com\/blog\/wp-content\/uploads\/2018\/03\/modo-retrato-instagram-1.jpg","datePublished":"2018-03-07T14:05:47+00:00","dateModified":"2018-05-28T09:58:54+00:00","description":"Instagram no para de mejorar su plataforma con actualizaciones que sorprenden a todos usuarios. Primero llegaron los avisos por captura de pantalla y ahora se est\u00e1n probando varias novedades que podr\u00edan llegar muy pronto \u00bfLas vemos?","breadcrumb":{"@id":"https:\/\/socialpubli.com\/blog\/es\/modo-retrato-novedades-instagram\/#breadcrumb"},"inLanguage":"es","potentialAction":[{"@type":"ReadAction","target":["https:\/\/socialpubli.com\/blog\/es\/modo-retrato-novedades-instagram\/"]}]},{"@type":"ImageObject","inLanguage":"es","@id":"https:\/\/socialpubli.com\/blog\/es\/modo-retrato-novedades-instagram\/#primaryimage","url":"https:\/\/socialpubli.com\/blog\/wp-content\/uploads\/2018\/03\/modo-retrato-instagram-1.jpg","contentUrl":"https:\/\/socialpubli.com\/blog\/wp-content\/uploads\/2018\/03\/modo-retrato-instagram-1.jpg","width":"750","height":"500"},{"@type":"BreadcrumbList","@id":"https:\/\/socialpubli.com\/blog\/es\/modo-retrato-novedades-instagram\/#breadcrumb","itemListElement":[{"@type":"ListItem","position":1,"name":"Portada","item":"https:\/\/socialpubli.com\/blog\/"},{"@type":"ListItem","position":2,"name":"El modo retrato y otras futuras novedades de Instagram"}]},{"@type":"WebSite","@id":"https:\/\/socialpubli.com\/blog\/#website","url":"https:\/\/socialpubli.com\/blog\/","name":"Social Publi Blog","description":"Tendencias en marketing de influencers, branded content y estrategia en redes sociales.","publisher":{"@id":"https:\/\/socialpubli.com\/blog\/#organization"},"potentialAction":[{"@type":"SearchAction","target":{"@type":"EntryPoint","urlTemplate":"https:\/\/socialpubli.com\/blog\/?s={search_term_string}"},"query-input":{"@type":"PropertyValueSpecification","valueRequired":true,"valueName":"search_term_string"}}],"inLanguage":"es"},{"@type":"Organization","@id":"https:\/\/socialpubli.com\/blog\/#organization","name":"SocialPubli","url":"https:\/\/socialpubli.com\/blog\/","logo":{"@type":"ImageObject","inLanguage":"es","@id":"https:\/\/socialpubli.com\/blog\/#\/schema\/logo\/image\/","url":"https:\/\/socialpubli.com\/blog\/wp-content\/uploads\/2017\/01\/logo-blog.png","contentUrl":"https:\/\/socialpubli.com\/blog\/wp-content\/uploads\/2017\/01\/logo-blog.png","width":284,"height":53,"caption":"SocialPubli"},"image":{"@id":"https:\/\/socialpubli.com\/blog\/#\/schema\/logo\/image\/"}},{"@type":"Person","@id":"https:\/\/socialpubli.com\/blog\/#\/schema\/person\/26d7b037bc6b8f6a7086b73d14ce5d63","name":"Redacci\u00f3n","image":{"@type":"ImageObject","inLanguage":"es","@id":"https:\/\/socialpubli.com\/blog\/#\/schema\/person\/image\/","url":"https:\/\/secure.gravatar.com\/avatar\/8eea57b285bdc2d2ad728ea4041506a69ae8e302228a422a8ef819d284c07da2?s=96&d=mm&r=g","contentUrl":"https:\/\/secure.gravatar.com\/avatar\/8eea57b285bdc2d2ad728ea4041506a69ae8e302228a422a8ef819d284c07da2?s=96&d=mm&r=g","caption":"Redacci\u00f3n"},"url":"https:\/\/socialpubli.com\/blog\/es\/author\/redaccion\/"}]}},"_links":{"self":[{"href":"https:\/\/socialpubli.com\/blog\/es\/wp-json\/wp\/v2\/posts\/3224","targetHints":{"allow":["GET"]}}],"collection":[{"href":"https:\/\/socialpubli.com\/blog\/es\/wp-json\/wp\/v2\/posts"}],"about":[{"href":"https:\/\/socialpubli.com\/blog\/es\/wp-json\/wp\/v2\/types\/post"}],"author":[{"embeddable":true,"href":"https:\/\/socialpubli.com\/blog\/es\/wp-json\/wp\/v2\/users\/2"}],"replies":[{"embeddable":true,"href":"https:\/\/socialpubli.com\/blog\/es\/wp-json\/wp\/v2\/comments?post=3224"}],"version-history":[{"count":3,"href":"https:\/\/socialpubli.com\/blog\/es\/wp-json\/wp\/v2\/posts\/3224\/revisions"}],"predecessor-version":[{"id":3230,"href":"https:\/\/socialpubli.com\/blog\/es\/wp-json\/wp\/v2\/posts\/3224\/revisions\/3230"}],"wp:featuredmedia":[{"embeddable":true,"href":"https:\/\/socialpubli.com\/blog\/es\/wp-json\/wp\/v2\/media\/3233"}],"wp:attachment":[{"href":"https:\/\/socialpubli.com\/blog\/es\/wp-json\/wp\/v2\/media?parent=3224"}],"wp:term":[{"taxonomy":"category","embeddable":true,"href":"https:\/\/socialpubli.com\/blog\/es\/wp-json\/wp\/v2\/categories?post=3224"},{"taxonomy":"post_tag","embeddable":true,"href":"https:\/\/socialpubli.com\/blog\/es\/wp-json\/wp\/v2\/tags?post=3224"}],"curies":[{"name":"wp","href":"https:\/\/api.w.org\/{rel}","templated":true}]}}