{"id":5218,"date":"2018-12-20T19:03:07","date_gmt":"2018-12-20T17:03:07","guid":{"rendered":"https:\/\/socialpubli.com\/news\/?p=5218"},"modified":"2018-12-20T19:03:07","modified_gmt":"2018-12-20T17:03:07","slug":"resumen-ano-redes-sociales","status":"publish","type":"post","link":"https:\/\/socialpubli.com\/blog\/es\/resumen-ano-redes-sociales\/","title":{"rendered":"Tu resumen del a\u00f1o en redes sociales"},"content":{"rendered":"<p>Se acerca el final de a\u00f1o, y con \u00e9l, los top <strong>mejores momentos<\/strong>, de <strong>tendencias<\/strong> del 2019 y, personalmente, los especiales en redes sociales para mostrar y <strong>celebrar<\/strong> lo incre\u00edble que ha sido. <strong>Facebook<\/strong> repite con su resumen del a\u00f1o junto a tus seres queridos, pero, \u00bfy el resto de redes? Vamos a verlo.<\/p>\n<h2>C\u00f3mo hacer el resumen del a\u00f1o en Facebook<\/h2>\n<p>Facebook suele brillar en estas ocasiones especiales y, un a\u00f1o m\u00e1s, no puede faltar su<strong> v\u00eddeo-resumen de tus momentos<\/strong> m\u00e1s significativos del a\u00f1o. El v\u00eddeo recoge datos de tu a\u00f1o, como las fotos publicadas, nuevos amigos o con qui\u00e9n interact\u00faas m\u00e1s, y le da un toque <strong>bonito<\/strong> al juntarlo todo. \u00a1Seguro que ya has visto alguno!<\/p>\n<p>Para conseguir tu<strong> resumen<\/strong> de Facebook tienes que:<\/p>\n<ol>\n<li>Entrar <a href=\"https:\/\/www.facebook.com\/memories\/\" target=\"_blank\" rel=\"noopener\">aqu\u00ed<\/a>.<\/li>\n<li>Podr\u00e1s ver el v\u00eddeo que ha hecho el <strong>algoritmo<\/strong>. Si quieres realizar alg\u00fan cambio, dale al bot\u00f3n de <strong>editar<\/strong>, en la esquina superior derecha del v\u00eddeo.<\/li>\n<li>Podr\u00e1s <strong>cambiar<\/strong> la foto de portada, los nuevos amigos que aparecen, el resto de fotos destacadas y el collage final.<\/li>\n<li>Una vez est\u00e9s contento con tu resultado, puedes compartirlo, tanto de manera privada por <strong>Messenger<\/strong> como en tu <strong>timeline<\/strong>.<\/li>\n<\/ol>\n<p><img fetchpriority=\"high\" decoding=\"async\" class=\"size-full wp-image-5219 aligncenter\" src=\"https:\/\/socialpubli.com\/news\/wp-content\/uploads\/2018\/12\/resumen-facebook.png\" alt=\"\" width=\"542\" height=\"156\" srcset=\"https:\/\/socialpubli.com\/blog\/wp-content\/uploads\/2018\/12\/resumen-facebook.png 542w, https:\/\/socialpubli.com\/blog\/wp-content\/uploads\/2018\/12\/resumen-facebook-200x58.png 200w, https:\/\/socialpubli.com\/blog\/wp-content\/uploads\/2018\/12\/resumen-facebook-300x86.png 300w, https:\/\/socialpubli.com\/blog\/wp-content\/uploads\/2018\/12\/resumen-facebook-400x115.png 400w, https:\/\/socialpubli.com\/blog\/wp-content\/uploads\/2018\/12\/resumen-facebook-50x14.png 50w\" sizes=\"(max-width: 542px) 100vw, 542px\" \/><\/p>\n<p>Si no te aparece el resumen, es porque posiblemente no hayas tenido tanta <strong>actividad \ud83d\ude41<\/strong><\/p>\n<h2>C\u00f3mo hacer el resumen del a\u00f1o con 9 fotos en Instagram<\/h2>\n<p>Otro cl\u00e1sico de finales de a\u00f1o es el mosaico con las 9 mejores fotos de Instagram, el <strong>#2018BestNine<\/strong>. Las mejores fotos se eligen autom\u00e1ticamente seg\u00fan el n\u00famero de <strong>likes<\/strong> que han obtenido.<\/p>\n<p>Para conseguir tu <strong>collage<\/strong> de mejores fotos, tienes que entrar en<a href=\"https:\/\/2018bestnine.com\" target=\"_blank\" rel=\"noopener\"> esta web<\/a> y poner tu nombre de usuario (que tiene que ser <strong>p\u00fablico<\/strong>). En unos cuantos segundos aparecer\u00e1 el <strong>resultado<\/strong>, algo como esto:<\/p>\n<p><img decoding=\"async\" class=\"aligncenter wp-image-5225 size-medium\" src=\"https:\/\/socialpubli.com\/news\/wp-content\/uploads\/2018\/12\/2018bestnine-240x300.jpg\" alt=\"\" width=\"240\" height=\"300\" srcset=\"https:\/\/socialpubli.com\/blog\/wp-content\/uploads\/2018\/12\/2018bestnine-240x300.jpg 240w, https:\/\/socialpubli.com\/blog\/wp-content\/uploads\/2018\/12\/2018bestnine-200x250.jpg 200w, https:\/\/socialpubli.com\/blog\/wp-content\/uploads\/2018\/12\/2018bestnine-768x960.jpg 768w, https:\/\/socialpubli.com\/blog\/wp-content\/uploads\/2018\/12\/2018bestnine-819x1024.jpg 819w, https:\/\/socialpubli.com\/blog\/wp-content\/uploads\/2018\/12\/2018bestnine-860x1075.jpg 860w, https:\/\/socialpubli.com\/blog\/wp-content\/uploads\/2018\/12\/2018bestnine-680x850.jpg 680w, https:\/\/socialpubli.com\/blog\/wp-content\/uploads\/2018\/12\/2018bestnine-400x500.jpg 400w, https:\/\/socialpubli.com\/blog\/wp-content\/uploads\/2018\/12\/2018bestnine-50x63.jpg 50w, https:\/\/socialpubli.com\/blog\/wp-content\/uploads\/2018\/12\/2018bestnine.jpg 1080w\" sizes=\"(max-width: 240px) 100vw, 240px\" \/><\/p>\n<p><img decoding=\"async\" class=\"size-full wp-image-5223 aligncenter\" src=\"https:\/\/socialpubli.com\/news\/wp-content\/uploads\/2018\/12\/collage-instagram.png\" alt=\"\" width=\"199\" height=\"124\" srcset=\"https:\/\/socialpubli.com\/blog\/wp-content\/uploads\/2018\/12\/collage-instagram.png 199w, https:\/\/socialpubli.com\/blog\/wp-content\/uploads\/2018\/12\/collage-instagram-50x31.png 50w\" sizes=\"(max-width: 199px) 100vw, 199px\" \/><\/p>\n<p>Ya solo queda guardar tu imagen y <strong>subirla<\/strong> como cualquier otra. O si no quieres estropear tu <a href=\"https:\/\/socialpubli.com\/news\/ideas-feed-instagram-arte\/\" target=\"_blank\" rel=\"noopener\">cuidad\u00edsimo feed<\/a>, puedes subirlo a tus <strong>stories<\/strong>. As\u00ed te reservas el feed para los modelitos de Nochevieja y las fotos celebr\u00e1ndola con tus amigos y familia. \u00a1A ver qui\u00e9n tiene la cena m\u00e1s lujosa!<\/p>\n<h2>Historia de fin de a\u00f1o: Resumen del a\u00f1o en Snapchat<\/h2>\n<p>Para conseguir tu propio resumen del a\u00f1o, tienes que entrar en Snapchat y pulsar en el icono de <strong>Memories<\/strong>. La opci\u00f3n te aparecer\u00e1 como \u00bb<strong>Mi 2018 en Snaps<\/strong>&#8216; y, como en Facebook, har\u00e1 una <strong>recopilaci\u00f3n<\/strong> de tus mejores momentos.<\/p>\n<p>Si no te aparece disponible, <strong>espera<\/strong> unos d\u00edas. Si no, puede ser porque no has guardado <strong>suficientes<\/strong> <strong>stories<\/strong> en tu secci\u00f3n de Snapchat Memories.<\/p>\n<h2>Activar el resumen anual de Spotify<\/h2>\n<p>Spotify vuelve otro a\u00f1o m\u00e1s para recordarte tu <strong>obsesi\u00f3n<\/strong> con guilty pleasures como &#8216;Sin Pijama&#8217;. Puedes <a href=\"https:\/\/spotifywrapped.com\/es\/\" target=\"_blank\" rel=\"noopener\">entrar aqu\u00ed<\/a> estando logueado y te aparecer\u00e1n tus <strong>g\u00e9neros<\/strong> y <strong>artistas<\/strong> <strong>favoritos<\/strong>, lo que m\u00e1s has escuchado y el total de horas escuchadas.<\/p>\n<p>\u00a1Te aparecen hasta el signo de <strong>zodiaco<\/strong> que m\u00e1s escuchas (osea, de los artistas)!<\/p>\n<h2>Lo mejor del a\u00f1o en Twitter<\/h2>\n<p>Los usuarios no tienen nada especial para conmemorar su 2018, pero s\u00ed que han preparado su propio #<strong>EstoSucedi\u00f3<\/strong> en 2018, con BTS, Rubius y 500 millones de GIF compartidos.<\/p>\n<blockquote class=\"twitter-tweet\" data-width=\"550\" data-dnt=\"true\">\n<p lang=\"es\" dir=\"ltr\">365 d\u00edas.<br \/>125 millones de hashtags diarios.<br \/>500 millones de GIFs.<a href=\"https:\/\/twitter.com\/Rubiu5?ref_src=twsrc%5Etfw\">@Rubiu5<\/a> el m\u00e1s RT del a\u00f1o en todo el mundo.<br \/>M\u00e1s menciones a <a href=\"https:\/\/twitter.com\/BTS_twt?ref_src=twsrc%5Etfw\">@BTS_twt<\/a> de las que podemos contar.<a href=\"https:\/\/twitter.com\/hashtag\/EstoSucedi%C3%B3?src=hash&amp;ref_src=twsrc%5Etfw\">#EstoSucedi\u00f3<\/a> en Twitter en 2018: <a href=\"https:\/\/t.co\/sJS82OCEYx\">pic.twitter.com\/sJS82OCEYx<\/a><\/p>\n<p>&mdash; Espa\u00f1a (@XEspana) <a href=\"https:\/\/twitter.com\/XEspana\/status\/1070278131313971200?ref_src=twsrc%5Etfw\">December 5, 2018<\/a><\/p><\/blockquote>\n<p><script async src=\"https:\/\/platform.twitter.com\/widgets.js\" charset=\"utf-8\"><\/script><\/p>\n<h2>YouTube Rewind<\/h2>\n<p>Visto lo visto&#8230; mejor nos dejamos de <strong>recopilaciones<\/strong> de 2018 en YouTube.<\/p>\n<p>https:\/\/twitter.com\/socialpubli_es\/status\/1073191303658291203<\/p>\n","protected":false},"excerpt":{"rendered":"<p>Se acerca el final de a\u00f1o, y con \u00e9l, los top mejores momentos, de tendencias del 2019 y, personalmente, los especiales en redes sociales para mostrar y celebrar lo incre\u00edble que ha sido. Facebook repite con su resumen del a\u00f1o junto a tus seres queridos, pero, \u00bfy el resto de redes? Vamos a verlo. C\u00f3mo [&hellip;]<\/p>\n","protected":false},"author":2,"featured_media":5225,"comment_status":"open","ping_status":"open","sticky":false,"template":"","format":"standard","meta":{"footnotes":""},"categories":[16],"tags":[25],"class_list":["post-5218","post","type-post","status-publish","format-standard","has-post-thumbnail","hentry","category-redes-sociales","tag-redes-sociales"],"yoast_head":"<!-- This site is optimized with the Yoast SEO plugin v27.0 - https:\/\/yoast.com\/product\/yoast-seo-wordpress\/ -->\n<title>Tu resumen del a\u00f1o en redes sociales | Social Publi Blog<\/title>\n<meta name=\"description\" content=\"Se acerca el final de a\u00f1o, y con \u00e9l, los top mejores momentos, de tendencias del 2019 y, personalmente, los especiales en redes sociales para mostrar y\" \/>\n<meta name=\"robots\" content=\"index, follow, max-snippet:-1, max-image-preview:large, max-video-preview:-1\" \/>\n<link rel=\"canonical\" href=\"https:\/\/socialpubli.com\/blog\/es\/resumen-ano-redes-sociales\/\" \/>\n<meta property=\"og:locale\" content=\"es_ES\" \/>\n<meta property=\"og:type\" content=\"article\" \/>\n<meta property=\"og:title\" content=\"Tu resumen del a\u00f1o en redes sociales | Social Publi Blog\" \/>\n<meta property=\"og:description\" content=\"Se acerca el final de a\u00f1o, y con \u00e9l, los top mejores momentos, de tendencias del 2019 y, personalmente, los especiales en redes sociales para mostrar y\" \/>\n<meta property=\"og:url\" content=\"https:\/\/socialpubli.com\/blog\/es\/resumen-ano-redes-sociales\/\" \/>\n<meta property=\"og:site_name\" content=\"Social Publi Blog\" \/>\n<meta property=\"article:published_time\" content=\"2018-12-20T17:03:07+00:00\" \/>\n<meta property=\"og:image\" content=\"https:\/\/socialpubli.com\/blog\/wp-content\/uploads\/2018\/12\/2018bestnine.jpg\" \/>\n\t<meta property=\"og:image:width\" content=\"1080\" \/>\n\t<meta property=\"og:image:height\" content=\"1350\" \/>\n\t<meta property=\"og:image:type\" content=\"image\/jpeg\" \/>\n<meta name=\"author\" content=\"Redacci\u00f3n\" \/>\n<meta name=\"twitter:card\" content=\"summary_large_image\" \/>\n<meta name=\"twitter:label1\" content=\"Escrito por\" \/>\n\t<meta name=\"twitter:data1\" content=\"Redacci\u00f3n\" \/>\n\t<meta name=\"twitter:label2\" content=\"Tiempo de lectura\" \/>\n\t<meta name=\"twitter:data2\" content=\"3 minutos\" \/>\n<script type=\"application\/ld+json\" class=\"yoast-schema-graph\">{\"@context\":\"https:\/\/schema.org\",\"@graph\":[{\"@type\":\"Article\",\"@id\":\"https:\/\/socialpubli.com\/blog\/es\/resumen-ano-redes-sociales\/#article\",\"isPartOf\":{\"@id\":\"https:\/\/socialpubli.com\/blog\/es\/resumen-ano-redes-sociales\/\"},\"author\":{\"name\":\"Redacci\u00f3n\",\"@id\":\"https:\/\/socialpubli.com\/blog\/#\/schema\/person\/26d7b037bc6b8f6a7086b73d14ce5d63\"},\"headline\":\"Tu resumen del a\u00f1o en redes sociales\",\"datePublished\":\"2018-12-20T17:03:07+00:00\",\"mainEntityOfPage\":{\"@id\":\"https:\/\/socialpubli.com\/blog\/es\/resumen-ano-redes-sociales\/\"},\"wordCount\":576,\"commentCount\":0,\"publisher\":{\"@id\":\"https:\/\/socialpubli.com\/blog\/#organization\"},\"image\":{\"@id\":\"https:\/\/socialpubli.com\/blog\/es\/resumen-ano-redes-sociales\/#primaryimage\"},\"thumbnailUrl\":\"https:\/\/socialpubli.com\/blog\/wp-content\/uploads\/2018\/12\/2018bestnine.jpg\",\"keywords\":[\"Redes Sociales\"],\"articleSection\":[\"Redes Sociales\"],\"inLanguage\":\"es\",\"potentialAction\":[{\"@type\":\"CommentAction\",\"name\":\"Comment\",\"target\":[\"https:\/\/socialpubli.com\/blog\/es\/resumen-ano-redes-sociales\/#respond\"]}]},{\"@type\":\"WebPage\",\"@id\":\"https:\/\/socialpubli.com\/blog\/es\/resumen-ano-redes-sociales\/\",\"url\":\"https:\/\/socialpubli.com\/blog\/es\/resumen-ano-redes-sociales\/\",\"name\":\"Tu resumen del a\u00f1o en redes sociales | Social Publi Blog\",\"isPartOf\":{\"@id\":\"https:\/\/socialpubli.com\/blog\/#website\"},\"primaryImageOfPage\":{\"@id\":\"https:\/\/socialpubli.com\/blog\/es\/resumen-ano-redes-sociales\/#primaryimage\"},\"image\":{\"@id\":\"https:\/\/socialpubli.com\/blog\/es\/resumen-ano-redes-sociales\/#primaryimage\"},\"thumbnailUrl\":\"https:\/\/socialpubli.com\/blog\/wp-content\/uploads\/2018\/12\/2018bestnine.jpg\",\"datePublished\":\"2018-12-20T17:03:07+00:00\",\"description\":\"Se acerca el final de a\u00f1o, y con \u00e9l, los top mejores momentos, de tendencias del 2019 y, personalmente, los especiales en redes sociales para mostrar y\",\"breadcrumb\":{\"@id\":\"https:\/\/socialpubli.com\/blog\/es\/resumen-ano-redes-sociales\/#breadcrumb\"},\"inLanguage\":\"es\",\"potentialAction\":[{\"@type\":\"ReadAction\",\"target\":[\"https:\/\/socialpubli.com\/blog\/es\/resumen-ano-redes-sociales\/\"]}]},{\"@type\":\"ImageObject\",\"inLanguage\":\"es\",\"@id\":\"https:\/\/socialpubli.com\/blog\/es\/resumen-ano-redes-sociales\/#primaryimage\",\"url\":\"https:\/\/socialpubli.com\/blog\/wp-content\/uploads\/2018\/12\/2018bestnine.jpg\",\"contentUrl\":\"https:\/\/socialpubli.com\/blog\/wp-content\/uploads\/2018\/12\/2018bestnine.jpg\",\"width\":1080,\"height\":1350},{\"@type\":\"BreadcrumbList\",\"@id\":\"https:\/\/socialpubli.com\/blog\/es\/resumen-ano-redes-sociales\/#breadcrumb\",\"itemListElement\":[{\"@type\":\"ListItem\",\"position\":1,\"name\":\"Portada\",\"item\":\"https:\/\/socialpubli.com\/blog\/\"},{\"@type\":\"ListItem\",\"position\":2,\"name\":\"Tu resumen del a\u00f1o en redes sociales\"}]},{\"@type\":\"WebSite\",\"@id\":\"https:\/\/socialpubli.com\/blog\/#website\",\"url\":\"https:\/\/socialpubli.com\/blog\/\",\"name\":\"Social Publi Blog\",\"description\":\"Tendencias en marketing de influencers, branded content y estrategia en redes sociales.\",\"publisher\":{\"@id\":\"https:\/\/socialpubli.com\/blog\/#organization\"},\"potentialAction\":[{\"@type\":\"SearchAction\",\"target\":{\"@type\":\"EntryPoint\",\"urlTemplate\":\"https:\/\/socialpubli.com\/blog\/?s={search_term_string}\"},\"query-input\":{\"@type\":\"PropertyValueSpecification\",\"valueRequired\":true,\"valueName\":\"search_term_string\"}}],\"inLanguage\":\"es\"},{\"@type\":\"Organization\",\"@id\":\"https:\/\/socialpubli.com\/blog\/#organization\",\"name\":\"SocialPubli\",\"url\":\"https:\/\/socialpubli.com\/blog\/\",\"logo\":{\"@type\":\"ImageObject\",\"inLanguage\":\"es\",\"@id\":\"https:\/\/socialpubli.com\/blog\/#\/schema\/logo\/image\/\",\"url\":\"https:\/\/socialpubli.com\/blog\/wp-content\/uploads\/2017\/01\/logo-blog.png\",\"contentUrl\":\"https:\/\/socialpubli.com\/blog\/wp-content\/uploads\/2017\/01\/logo-blog.png\",\"width\":284,\"height\":53,\"caption\":\"SocialPubli\"},\"image\":{\"@id\":\"https:\/\/socialpubli.com\/blog\/#\/schema\/logo\/image\/\"}},{\"@type\":\"Person\",\"@id\":\"https:\/\/socialpubli.com\/blog\/#\/schema\/person\/26d7b037bc6b8f6a7086b73d14ce5d63\",\"name\":\"Redacci\u00f3n\",\"image\":{\"@type\":\"ImageObject\",\"inLanguage\":\"es\",\"@id\":\"https:\/\/socialpubli.com\/blog\/#\/schema\/person\/image\/\",\"url\":\"https:\/\/secure.gravatar.com\/avatar\/8eea57b285bdc2d2ad728ea4041506a69ae8e302228a422a8ef819d284c07da2?s=96&d=mm&r=g\",\"contentUrl\":\"https:\/\/secure.gravatar.com\/avatar\/8eea57b285bdc2d2ad728ea4041506a69ae8e302228a422a8ef819d284c07da2?s=96&d=mm&r=g\",\"caption\":\"Redacci\u00f3n\"},\"url\":\"https:\/\/socialpubli.com\/blog\/es\/author\/redaccion\/\"}]}<\/script>\n<!-- \/ Yoast SEO plugin. -->","yoast_head_json":{"title":"Tu resumen del a\u00f1o en redes sociales | Social Publi Blog","description":"Se acerca el final de a\u00f1o, y con \u00e9l, los top mejores momentos, de tendencias del 2019 y, personalmente, los especiales en redes sociales para mostrar y","robots":{"index":"index","follow":"follow","max-snippet":"max-snippet:-1","max-image-preview":"max-image-preview:large","max-video-preview":"max-video-preview:-1"},"canonical":"https:\/\/socialpubli.com\/blog\/es\/resumen-ano-redes-sociales\/","og_locale":"es_ES","og_type":"article","og_title":"Tu resumen del a\u00f1o en redes sociales | Social Publi Blog","og_description":"Se acerca el final de a\u00f1o, y con \u00e9l, los top mejores momentos, de tendencias del 2019 y, personalmente, los especiales en redes sociales para mostrar y","og_url":"https:\/\/socialpubli.com\/blog\/es\/resumen-ano-redes-sociales\/","og_site_name":"Social Publi Blog","article_published_time":"2018-12-20T17:03:07+00:00","og_image":[{"width":1080,"height":1350,"url":"https:\/\/socialpubli.com\/blog\/wp-content\/uploads\/2018\/12\/2018bestnine.jpg","type":"image\/jpeg"}],"author":"Redacci\u00f3n","twitter_card":"summary_large_image","twitter_misc":{"Escrito por":"Redacci\u00f3n","Tiempo de lectura":"3 minutos"},"schema":{"@context":"https:\/\/schema.org","@graph":[{"@type":"Article","@id":"https:\/\/socialpubli.com\/blog\/es\/resumen-ano-redes-sociales\/#article","isPartOf":{"@id":"https:\/\/socialpubli.com\/blog\/es\/resumen-ano-redes-sociales\/"},"author":{"name":"Redacci\u00f3n","@id":"https:\/\/socialpubli.com\/blog\/#\/schema\/person\/26d7b037bc6b8f6a7086b73d14ce5d63"},"headline":"Tu resumen del a\u00f1o en redes sociales","datePublished":"2018-12-20T17:03:07+00:00","mainEntityOfPage":{"@id":"https:\/\/socialpubli.com\/blog\/es\/resumen-ano-redes-sociales\/"},"wordCount":576,"commentCount":0,"publisher":{"@id":"https:\/\/socialpubli.com\/blog\/#organization"},"image":{"@id":"https:\/\/socialpubli.com\/blog\/es\/resumen-ano-redes-sociales\/#primaryimage"},"thumbnailUrl":"https:\/\/socialpubli.com\/blog\/wp-content\/uploads\/2018\/12\/2018bestnine.jpg","keywords":["Redes Sociales"],"articleSection":["Redes Sociales"],"inLanguage":"es","potentialAction":[{"@type":"CommentAction","name":"Comment","target":["https:\/\/socialpubli.com\/blog\/es\/resumen-ano-redes-sociales\/#respond"]}]},{"@type":"WebPage","@id":"https:\/\/socialpubli.com\/blog\/es\/resumen-ano-redes-sociales\/","url":"https:\/\/socialpubli.com\/blog\/es\/resumen-ano-redes-sociales\/","name":"Tu resumen del a\u00f1o en redes sociales | Social Publi Blog","isPartOf":{"@id":"https:\/\/socialpubli.com\/blog\/#website"},"primaryImageOfPage":{"@id":"https:\/\/socialpubli.com\/blog\/es\/resumen-ano-redes-sociales\/#primaryimage"},"image":{"@id":"https:\/\/socialpubli.com\/blog\/es\/resumen-ano-redes-sociales\/#primaryimage"},"thumbnailUrl":"https:\/\/socialpubli.com\/blog\/wp-content\/uploads\/2018\/12\/2018bestnine.jpg","datePublished":"2018-12-20T17:03:07+00:00","description":"Se acerca el final de a\u00f1o, y con \u00e9l, los top mejores momentos, de tendencias del 2019 y, personalmente, los especiales en redes sociales para mostrar y","breadcrumb":{"@id":"https:\/\/socialpubli.com\/blog\/es\/resumen-ano-redes-sociales\/#breadcrumb"},"inLanguage":"es","potentialAction":[{"@type":"ReadAction","target":["https:\/\/socialpubli.com\/blog\/es\/resumen-ano-redes-sociales\/"]}]},{"@type":"ImageObject","inLanguage":"es","@id":"https:\/\/socialpubli.com\/blog\/es\/resumen-ano-redes-sociales\/#primaryimage","url":"https:\/\/socialpubli.com\/blog\/wp-content\/uploads\/2018\/12\/2018bestnine.jpg","contentUrl":"https:\/\/socialpubli.com\/blog\/wp-content\/uploads\/2018\/12\/2018bestnine.jpg","width":1080,"height":1350},{"@type":"BreadcrumbList","@id":"https:\/\/socialpubli.com\/blog\/es\/resumen-ano-redes-sociales\/#breadcrumb","itemListElement":[{"@type":"ListItem","position":1,"name":"Portada","item":"https:\/\/socialpubli.com\/blog\/"},{"@type":"ListItem","position":2,"name":"Tu resumen del a\u00f1o en redes sociales"}]},{"@type":"WebSite","@id":"https:\/\/socialpubli.com\/blog\/#website","url":"https:\/\/socialpubli.com\/blog\/","name":"Social Publi Blog","description":"Tendencias en marketing de influencers, branded content y estrategia en redes sociales.","publisher":{"@id":"https:\/\/socialpubli.com\/blog\/#organization"},"potentialAction":[{"@type":"SearchAction","target":{"@type":"EntryPoint","urlTemplate":"https:\/\/socialpubli.com\/blog\/?s={search_term_string}"},"query-input":{"@type":"PropertyValueSpecification","valueRequired":true,"valueName":"search_term_string"}}],"inLanguage":"es"},{"@type":"Organization","@id":"https:\/\/socialpubli.com\/blog\/#organization","name":"SocialPubli","url":"https:\/\/socialpubli.com\/blog\/","logo":{"@type":"ImageObject","inLanguage":"es","@id":"https:\/\/socialpubli.com\/blog\/#\/schema\/logo\/image\/","url":"https:\/\/socialpubli.com\/blog\/wp-content\/uploads\/2017\/01\/logo-blog.png","contentUrl":"https:\/\/socialpubli.com\/blog\/wp-content\/uploads\/2017\/01\/logo-blog.png","width":284,"height":53,"caption":"SocialPubli"},"image":{"@id":"https:\/\/socialpubli.com\/blog\/#\/schema\/logo\/image\/"}},{"@type":"Person","@id":"https:\/\/socialpubli.com\/blog\/#\/schema\/person\/26d7b037bc6b8f6a7086b73d14ce5d63","name":"Redacci\u00f3n","image":{"@type":"ImageObject","inLanguage":"es","@id":"https:\/\/socialpubli.com\/blog\/#\/schema\/person\/image\/","url":"https:\/\/secure.gravatar.com\/avatar\/8eea57b285bdc2d2ad728ea4041506a69ae8e302228a422a8ef819d284c07da2?s=96&d=mm&r=g","contentUrl":"https:\/\/secure.gravatar.com\/avatar\/8eea57b285bdc2d2ad728ea4041506a69ae8e302228a422a8ef819d284c07da2?s=96&d=mm&r=g","caption":"Redacci\u00f3n"},"url":"https:\/\/socialpubli.com\/blog\/es\/author\/redaccion\/"}]}},"_links":{"self":[{"href":"https:\/\/socialpubli.com\/blog\/es\/wp-json\/wp\/v2\/posts\/5218","targetHints":{"allow":["GET"]}}],"collection":[{"href":"https:\/\/socialpubli.com\/blog\/es\/wp-json\/wp\/v2\/posts"}],"about":[{"href":"https:\/\/socialpubli.com\/blog\/es\/wp-json\/wp\/v2\/types\/post"}],"author":[{"embeddable":true,"href":"https:\/\/socialpubli.com\/blog\/es\/wp-json\/wp\/v2\/users\/2"}],"replies":[{"embeddable":true,"href":"https:\/\/socialpubli.com\/blog\/es\/wp-json\/wp\/v2\/comments?post=5218"}],"version-history":[{"count":5,"href":"https:\/\/socialpubli.com\/blog\/es\/wp-json\/wp\/v2\/posts\/5218\/revisions"}],"predecessor-version":[{"id":5253,"href":"https:\/\/socialpubli.com\/blog\/es\/wp-json\/wp\/v2\/posts\/5218\/revisions\/5253"}],"wp:featuredmedia":[{"embeddable":true,"href":"https:\/\/socialpubli.com\/blog\/es\/wp-json\/wp\/v2\/media\/5225"}],"wp:attachment":[{"href":"https:\/\/socialpubli.com\/blog\/es\/wp-json\/wp\/v2\/media?parent=5218"}],"wp:term":[{"taxonomy":"category","embeddable":true,"href":"https:\/\/socialpubli.com\/blog\/es\/wp-json\/wp\/v2\/categories?post=5218"},{"taxonomy":"post_tag","embeddable":true,"href":"https:\/\/socialpubli.com\/blog\/es\/wp-json\/wp\/v2\/tags?post=5218"}],"curies":[{"name":"wp","href":"https:\/\/api.w.org\/{rel}","templated":true}]}}