{"id":5456,"date":"2019-02-01T12:53:47","date_gmt":"2019-02-01T10:53:47","guid":{"rendered":"https:\/\/socialpubli.com\/news\/?p=5456"},"modified":"2019-02-01T12:53:47","modified_gmt":"2019-02-01T10:53:47","slug":"presentacion-estudio-anunciantes-con-influencers","status":"publish","type":"post","link":"https:\/\/socialpubli.com\/blog\/es\/presentacion-estudio-anunciantes-con-influencers\/","title":{"rendered":"As\u00ed fue la presentaci\u00f3n del I Estudio de Anunciantes con Influencers"},"content":{"rendered":"<p>Nos gusta empezar el a\u00f1o con buen pie, as\u00ed que encuestamos a <strong>150<\/strong> anunciantes y profesionales del marketing sobre su perspectiva del mundo de los <strong>influencers<\/strong> y el marketing digital, y hemos recogido sus respuestas en una presentaci\u00f3n que puedes <a href=\"https:\/\/socialpubli.com\/news\/estudio-anunciantes-influencers-2019\/\" target=\"_blank\" rel=\"noopener\">descargar aqu\u00ed<\/a>.<\/p>\n<p>El 29 de enero de 2019 la compartimos con agencias de medios, anunciantes y prensa en un evento en el que que contamos con la presencia de expertos del sector como:<\/p>\n<ul>\n<li><strong>Jaime de Castro<\/strong> &#8211; Social Media Manager en HP Spain<\/li>\n<li><strong>Mar\u00eda Bret\u00f3n<\/strong> &#8211; Head of Digital en GroupM<\/li>\n<li><strong>Alfredo de Paz<\/strong> &#8211; Head of Social Media en IPG Mediabrands<\/li>\n<li><strong>Eire Parro <\/strong>&#8211; Social Media Specialist en Wink<\/li>\n<\/ul>\n<p>Adem\u00e1s de hacer un <strong>streaming<\/strong> en YouTube, tambi\u00e9n lo cubrimos en <strong>Instagram<\/strong> y <strong>Twitter<\/strong>, donde conseguimos ser Trending Topic en Espa\u00f1a, gracias al poder de influencia de anunciantes, medios y, claro est\u00e1, \u00a1de los influencers!<\/p>\n<p>\u00a1Aqu\u00ed tienes el <a href=\"https:\/\/www.youtube.com\/watch?v=qyxKaBABKCE\" target=\"_blank\" rel=\"noopener\">streaming<\/a> completo del evento y a continuaci\u00f3n nuestro <strong>resumen<\/strong>!<\/p>\n<p>https:\/\/youtu.be\/-HAlWcmFhy4<\/p>\n<h2>Datos interesantes del marketing de influencers<\/h2>\n<p>Los medios y profesionales hicieron eco en redes sociales de los datos que presentamos en nuestro estudio. Estos son algunos de los muchos <strong>insights<\/strong> del sector que descubrimos:<\/p>\n<blockquote class=\"twitter-tweet\" data-width=\"550\" data-dnt=\"true\">\n<p lang=\"es\" dir=\"ltr\">Un 18% de anunciantes invierte el 50%  de su presupuesto en <a href=\"https:\/\/twitter.com\/hashtag\/marketingdeimfluencers?src=hash&amp;ref_src=twsrc%5Etfw\">#marketingdeimfluencers<\/a> <a href=\"https:\/\/twitter.com\/hashtag\/KINGSoftheCampaigns?src=hash&amp;ref_src=twsrc%5Etfw\">#KINGSoftheCampaigns<\/a> <a href=\"https:\/\/t.co\/CGeiBWEW6W\">pic.twitter.com\/CGeiBWEW6W<\/a><\/p>\n<p>&mdash; Maria Bret\u00f3n Gallego (@mariabretong) <a href=\"https:\/\/twitter.com\/mariabretong\/status\/1090177796847140864?ref_src=twsrc%5Etfw\">January 29, 2019<\/a><\/p><\/blockquote>\n<p><script async src=\"https:\/\/platform.twitter.com\/widgets.js\" charset=\"utf-8\"><\/script><\/p>\n<p>El marketing de influencers se ha convertido en la estrategia protagonista en muchos departamentos de marketing. A pesar de la cantidad de opciones de marketing, como SEO, SEM, redes sociales&#8230; el <strong>18% de los anunciantes gasta m\u00e1s de la mitad de su presupuesto<\/strong> en marketing con influencers.<\/p>\n<p>https:\/\/twitter.com\/socialpubli_es\/status\/1090179178354429953<\/p>\n<p>Otro dato interesante es comprobar la <strong>frecuencia<\/strong> en la que conf\u00edan en influencers para promocionar tus productos y servicios. El <strong>30%<\/strong> sigue nuestra recomendaci\u00f3n y utiliza el marketing con influencers como una estrategia <strong>siempre activa<\/strong>.<\/p>\n<p>Por otra parte, <strong>el 63% de los anunciantes lo utilizan de forma peri\u00f3dica u ocasional<\/strong>, para acompa\u00f1ar lanzamientos de productos o eventos, por ejemplo.<\/p>\n<blockquote class=\"twitter-tweet\" data-width=\"550\" data-dnt=\"true\">\n<p lang=\"es\" dir=\"ltr\">Los anunciantes espa\u00f1oles emplean mayoritariamente el marketing con Influencers para promocionar contenidos o lanzar productos frente a otras opciones. <a href=\"https:\/\/twitter.com\/hashtag\/KINGSoftheCampaigns?src=hash&amp;ref_src=twsrc%5Etfw\">#KINGSoftheCampaigns<\/a> <a href=\"https:\/\/t.co\/KBcEKXzg9q\">pic.twitter.com\/KBcEKXzg9q<\/a><\/p>\n<p>&mdash; El Publicista (@elpublicistacom) <a href=\"https:\/\/twitter.com\/elpublicistacom\/status\/1090179065372397568?ref_src=twsrc%5Etfw\">January 29, 2019<\/a><\/p><\/blockquote>\n<p><script async src=\"https:\/\/platform.twitter.com\/widgets.js\" charset=\"utf-8\"><\/script><\/p>\n<p>El <strong>lanzamiento<\/strong> de nuevos productos conforma el <strong>34%<\/strong> de las campa\u00f1as con influencers, mientras que los <strong>eventos<\/strong> protagonizan el <strong>20%<\/strong> de las campa\u00f1as.<\/p>\n<p>Sin embargo, el mayor uso del marketing de influencers, con un <strong>35% es el de promocionar contenido<\/strong>. Por \u00faltimo, el <strong>manejo<\/strong> <strong>de crisis<\/strong> y los <strong>anuncios corporativos<\/strong> se sit\u00faan con un 5% cada uno.<\/p>\n<blockquote class=\"twitter-tweet\" data-width=\"550\" data-dnt=\"true\">\n<p lang=\"es\" dir=\"ltr\">Por otro lado, tambi\u00e9n hay retos por superar. Los que m\u00e1s preocupan a los anunciantes son: medir el ROI y garantizar la autenticidad de los seguidores. <a href=\"https:\/\/twitter.com\/hashtag\/KINGSoftheCampaigns?src=hash&amp;ref_src=twsrc%5Etfw\">#KINGSoftheCampaigns<\/a> <a href=\"https:\/\/t.co\/Iy4BcK3GTu\">pic.twitter.com\/Iy4BcK3GTu<\/a><\/p>\n<p>&mdash; Ctrl_Revista (@revistactrl) <a href=\"https:\/\/twitter.com\/revistactrl\/status\/1090180633505218562?ref_src=twsrc%5Etfw\">January 29, 2019<\/a><\/p><\/blockquote>\n<p><script async src=\"https:\/\/platform.twitter.com\/widgets.js\" charset=\"utf-8\"><\/script><\/p>\n<p>En el marketing de influencers a\u00fan existen ciertos <strong>desaf\u00edos<\/strong> que hay que superar. La mayor\u00eda de anunciantes destacan la medici\u00f3n de <strong>ROI<\/strong> como el mayor reto que afrontar, seguido de la <strong>autenticidad<\/strong> de los seguidores de los influencers.<\/p>\n<p>Por suerte, en SocialPubli.com ofrecemos estad\u00edsticas de interacci\u00f3n de las campa\u00f1as, y verificamos a cada uno de nuestros influencers para comprobar que no han llevado a cabo ninguna pr\u00e1ctica fraudulenta (y que est\u00e1n categorizados correctamente).<\/p>\n<p>https:\/\/twitter.com\/socialpubli_es\/status\/1090180735171022848<\/p>\n<p>En definitiva, los anunciantes conf\u00edan en el marketing de influencers, y <strong>el 84% de los encuestados creen que es efectivo o muy efectivo<\/strong>.<\/p>\n<p>\u00bfQuieres saber c\u00f3mo miden el <strong>\u00e9xito<\/strong> de una campa\u00f1a? \u00a1<a href=\"https:\/\/socialpubli.com\/news\/estudio-anunciantes-influencers-2019\/\" target=\"_blank\" rel=\"noopener\">Aqu\u00ed puedes descargar el estudio entero<\/a>!<\/p>\n","protected":false},"excerpt":{"rendered":"<p>Nos gusta empezar el a\u00f1o con buen pie, as\u00ed que encuestamos a 150 anunciantes y profesionales del marketing sobre su perspectiva del mundo de los influencers y el marketing digital, y hemos recogido sus respuestas en una presentaci\u00f3n que puedes descargar aqu\u00ed. El 29 de enero de 2019 la compartimos con agencias de medios, anunciantes [&hellip;]<\/p>\n","protected":false},"author":2,"featured_media":5457,"comment_status":"open","ping_status":"open","sticky":false,"template":"","format":"standard","meta":{"footnotes":""},"categories":[254,236],"tags":[23,25],"class_list":["post-5456","post","type-post","status-publish","format-standard","has-post-thumbnail","hentry","category-campanas-redes-sociales","category-socialpubli","tag-anunciantes","tag-redes-sociales"],"yoast_head":"<!-- This site is optimized with the Yoast SEO plugin v27.0 - https:\/\/yoast.com\/product\/yoast-seo-wordpress\/ -->\n<title>As\u00ed fue la presentaci\u00f3n del I Estudio de Anunciantes con Influencers | Social Publi Blog<\/title>\n<meta name=\"description\" content=\"Nos gusta empezar el a\u00f1o con buen pie, as\u00ed que encuestamos a 150 anunciantes y profesionales del marketing sobre su perspectiva del mundo de los\" \/>\n<meta name=\"robots\" content=\"index, follow, max-snippet:-1, max-image-preview:large, max-video-preview:-1\" \/>\n<link rel=\"canonical\" href=\"https:\/\/socialpubli.com\/blog\/es\/presentacion-estudio-anunciantes-con-influencers\/\" \/>\n<meta property=\"og:locale\" content=\"es_ES\" \/>\n<meta property=\"og:type\" content=\"article\" \/>\n<meta property=\"og:title\" content=\"As\u00ed fue la presentaci\u00f3n del I Estudio de Anunciantes con Influencers | Social Publi Blog\" \/>\n<meta property=\"og:description\" content=\"Nos gusta empezar el a\u00f1o con buen pie, as\u00ed que encuestamos a 150 anunciantes y profesionales del marketing sobre su perspectiva del mundo de los\" \/>\n<meta property=\"og:url\" content=\"https:\/\/socialpubli.com\/blog\/es\/presentacion-estudio-anunciantes-con-influencers\/\" \/>\n<meta property=\"og:site_name\" content=\"Social Publi Blog\" \/>\n<meta property=\"article:published_time\" content=\"2019-02-01T10:53:47+00:00\" \/>\n<meta property=\"og:image\" content=\"https:\/\/socialpubli.com\/blog\/wp-content\/uploads\/2019\/01\/anunciantes-influencers.png\" \/>\n\t<meta property=\"og:image:width\" content=\"1271\" \/>\n\t<meta property=\"og:image:height\" content=\"710\" \/>\n\t<meta property=\"og:image:type\" content=\"image\/png\" \/>\n<meta name=\"author\" content=\"Redacci\u00f3n\" \/>\n<meta name=\"twitter:card\" content=\"summary_large_image\" \/>\n<meta name=\"twitter:label1\" content=\"Escrito por\" \/>\n\t<meta name=\"twitter:data1\" content=\"Redacci\u00f3n\" \/>\n\t<meta name=\"twitter:label2\" content=\"Tiempo de lectura\" \/>\n\t<meta name=\"twitter:data2\" content=\"3 minutos\" \/>\n<script type=\"application\/ld+json\" class=\"yoast-schema-graph\">{\"@context\":\"https:\/\/schema.org\",\"@graph\":[{\"@type\":\"Article\",\"@id\":\"https:\/\/socialpubli.com\/blog\/es\/presentacion-estudio-anunciantes-con-influencers\/#article\",\"isPartOf\":{\"@id\":\"https:\/\/socialpubli.com\/blog\/es\/presentacion-estudio-anunciantes-con-influencers\/\"},\"author\":{\"name\":\"Redacci\u00f3n\",\"@id\":\"https:\/\/socialpubli.com\/blog\/#\/schema\/person\/26d7b037bc6b8f6a7086b73d14ce5d63\"},\"headline\":\"As\u00ed fue la presentaci\u00f3n del I Estudio de Anunciantes con Influencers\",\"datePublished\":\"2019-02-01T10:53:47+00:00\",\"mainEntityOfPage\":{\"@id\":\"https:\/\/socialpubli.com\/blog\/es\/presentacion-estudio-anunciantes-con-influencers\/\"},\"wordCount\":526,\"commentCount\":0,\"publisher\":{\"@id\":\"https:\/\/socialpubli.com\/blog\/#organization\"},\"image\":{\"@id\":\"https:\/\/socialpubli.com\/blog\/es\/presentacion-estudio-anunciantes-con-influencers\/#primaryimage\"},\"thumbnailUrl\":\"https:\/\/socialpubli.com\/blog\/wp-content\/uploads\/2019\/01\/anunciantes-influencers.png\",\"keywords\":[\"Anunciantes\",\"Redes Sociales\"],\"articleSection\":[\"Campa\u00f1as en Redes Sociales\",\"Sobre Nosotros\"],\"inLanguage\":\"es\",\"potentialAction\":[{\"@type\":\"CommentAction\",\"name\":\"Comment\",\"target\":[\"https:\/\/socialpubli.com\/blog\/es\/presentacion-estudio-anunciantes-con-influencers\/#respond\"]}]},{\"@type\":\"WebPage\",\"@id\":\"https:\/\/socialpubli.com\/blog\/es\/presentacion-estudio-anunciantes-con-influencers\/\",\"url\":\"https:\/\/socialpubli.com\/blog\/es\/presentacion-estudio-anunciantes-con-influencers\/\",\"name\":\"As\u00ed fue la presentaci\u00f3n del I Estudio de Anunciantes con Influencers | Social Publi Blog\",\"isPartOf\":{\"@id\":\"https:\/\/socialpubli.com\/blog\/#website\"},\"primaryImageOfPage\":{\"@id\":\"https:\/\/socialpubli.com\/blog\/es\/presentacion-estudio-anunciantes-con-influencers\/#primaryimage\"},\"image\":{\"@id\":\"https:\/\/socialpubli.com\/blog\/es\/presentacion-estudio-anunciantes-con-influencers\/#primaryimage\"},\"thumbnailUrl\":\"https:\/\/socialpubli.com\/blog\/wp-content\/uploads\/2019\/01\/anunciantes-influencers.png\",\"datePublished\":\"2019-02-01T10:53:47+00:00\",\"description\":\"Nos gusta empezar el a\u00f1o con buen pie, as\u00ed que encuestamos a 150 anunciantes y profesionales del marketing sobre su perspectiva del mundo de los\",\"breadcrumb\":{\"@id\":\"https:\/\/socialpubli.com\/blog\/es\/presentacion-estudio-anunciantes-con-influencers\/#breadcrumb\"},\"inLanguage\":\"es\",\"potentialAction\":[{\"@type\":\"ReadAction\",\"target\":[\"https:\/\/socialpubli.com\/blog\/es\/presentacion-estudio-anunciantes-con-influencers\/\"]}]},{\"@type\":\"ImageObject\",\"inLanguage\":\"es\",\"@id\":\"https:\/\/socialpubli.com\/blog\/es\/presentacion-estudio-anunciantes-con-influencers\/#primaryimage\",\"url\":\"https:\/\/socialpubli.com\/blog\/wp-content\/uploads\/2019\/01\/anunciantes-influencers.png\",\"contentUrl\":\"https:\/\/socialpubli.com\/blog\/wp-content\/uploads\/2019\/01\/anunciantes-influencers.png\",\"width\":1271,\"height\":710,\"caption\":\"anunciantes influencers\"},{\"@type\":\"BreadcrumbList\",\"@id\":\"https:\/\/socialpubli.com\/blog\/es\/presentacion-estudio-anunciantes-con-influencers\/#breadcrumb\",\"itemListElement\":[{\"@type\":\"ListItem\",\"position\":1,\"name\":\"Portada\",\"item\":\"https:\/\/socialpubli.com\/blog\/\"},{\"@type\":\"ListItem\",\"position\":2,\"name\":\"As\u00ed fue la presentaci\u00f3n del I Estudio de Anunciantes con Influencers\"}]},{\"@type\":\"WebSite\",\"@id\":\"https:\/\/socialpubli.com\/blog\/#website\",\"url\":\"https:\/\/socialpubli.com\/blog\/\",\"name\":\"Social Publi Blog\",\"description\":\"Tendencias en marketing de influencers, branded content y estrategia en redes sociales.\",\"publisher\":{\"@id\":\"https:\/\/socialpubli.com\/blog\/#organization\"},\"potentialAction\":[{\"@type\":\"SearchAction\",\"target\":{\"@type\":\"EntryPoint\",\"urlTemplate\":\"https:\/\/socialpubli.com\/blog\/?s={search_term_string}\"},\"query-input\":{\"@type\":\"PropertyValueSpecification\",\"valueRequired\":true,\"valueName\":\"search_term_string\"}}],\"inLanguage\":\"es\"},{\"@type\":\"Organization\",\"@id\":\"https:\/\/socialpubli.com\/blog\/#organization\",\"name\":\"SocialPubli\",\"url\":\"https:\/\/socialpubli.com\/blog\/\",\"logo\":{\"@type\":\"ImageObject\",\"inLanguage\":\"es\",\"@id\":\"https:\/\/socialpubli.com\/blog\/#\/schema\/logo\/image\/\",\"url\":\"https:\/\/socialpubli.com\/blog\/wp-content\/uploads\/2017\/01\/logo-blog.png\",\"contentUrl\":\"https:\/\/socialpubli.com\/blog\/wp-content\/uploads\/2017\/01\/logo-blog.png\",\"width\":284,\"height\":53,\"caption\":\"SocialPubli\"},\"image\":{\"@id\":\"https:\/\/socialpubli.com\/blog\/#\/schema\/logo\/image\/\"}},{\"@type\":\"Person\",\"@id\":\"https:\/\/socialpubli.com\/blog\/#\/schema\/person\/26d7b037bc6b8f6a7086b73d14ce5d63\",\"name\":\"Redacci\u00f3n\",\"image\":{\"@type\":\"ImageObject\",\"inLanguage\":\"es\",\"@id\":\"https:\/\/socialpubli.com\/blog\/#\/schema\/person\/image\/\",\"url\":\"https:\/\/secure.gravatar.com\/avatar\/8eea57b285bdc2d2ad728ea4041506a69ae8e302228a422a8ef819d284c07da2?s=96&d=mm&r=g\",\"contentUrl\":\"https:\/\/secure.gravatar.com\/avatar\/8eea57b285bdc2d2ad728ea4041506a69ae8e302228a422a8ef819d284c07da2?s=96&d=mm&r=g\",\"caption\":\"Redacci\u00f3n\"},\"url\":\"https:\/\/socialpubli.com\/blog\/es\/author\/redaccion\/\"}]}<\/script>\n<!-- \/ Yoast SEO plugin. -->","yoast_head_json":{"title":"As\u00ed fue la presentaci\u00f3n del I Estudio de Anunciantes con Influencers | Social Publi Blog","description":"Nos gusta empezar el a\u00f1o con buen pie, as\u00ed que encuestamos a 150 anunciantes y profesionales del marketing sobre su perspectiva del mundo de los","robots":{"index":"index","follow":"follow","max-snippet":"max-snippet:-1","max-image-preview":"max-image-preview:large","max-video-preview":"max-video-preview:-1"},"canonical":"https:\/\/socialpubli.com\/blog\/es\/presentacion-estudio-anunciantes-con-influencers\/","og_locale":"es_ES","og_type":"article","og_title":"As\u00ed fue la presentaci\u00f3n del I Estudio de Anunciantes con Influencers | Social Publi Blog","og_description":"Nos gusta empezar el a\u00f1o con buen pie, as\u00ed que encuestamos a 150 anunciantes y profesionales del marketing sobre su perspectiva del mundo de los","og_url":"https:\/\/socialpubli.com\/blog\/es\/presentacion-estudio-anunciantes-con-influencers\/","og_site_name":"Social Publi Blog","article_published_time":"2019-02-01T10:53:47+00:00","og_image":[{"width":1271,"height":710,"url":"https:\/\/socialpubli.com\/blog\/wp-content\/uploads\/2019\/01\/anunciantes-influencers.png","type":"image\/png"}],"author":"Redacci\u00f3n","twitter_card":"summary_large_image","twitter_misc":{"Escrito por":"Redacci\u00f3n","Tiempo de lectura":"3 minutos"},"schema":{"@context":"https:\/\/schema.org","@graph":[{"@type":"Article","@id":"https:\/\/socialpubli.com\/blog\/es\/presentacion-estudio-anunciantes-con-influencers\/#article","isPartOf":{"@id":"https:\/\/socialpubli.com\/blog\/es\/presentacion-estudio-anunciantes-con-influencers\/"},"author":{"name":"Redacci\u00f3n","@id":"https:\/\/socialpubli.com\/blog\/#\/schema\/person\/26d7b037bc6b8f6a7086b73d14ce5d63"},"headline":"As\u00ed fue la presentaci\u00f3n del I Estudio de Anunciantes con Influencers","datePublished":"2019-02-01T10:53:47+00:00","mainEntityOfPage":{"@id":"https:\/\/socialpubli.com\/blog\/es\/presentacion-estudio-anunciantes-con-influencers\/"},"wordCount":526,"commentCount":0,"publisher":{"@id":"https:\/\/socialpubli.com\/blog\/#organization"},"image":{"@id":"https:\/\/socialpubli.com\/blog\/es\/presentacion-estudio-anunciantes-con-influencers\/#primaryimage"},"thumbnailUrl":"https:\/\/socialpubli.com\/blog\/wp-content\/uploads\/2019\/01\/anunciantes-influencers.png","keywords":["Anunciantes","Redes Sociales"],"articleSection":["Campa\u00f1as en Redes Sociales","Sobre Nosotros"],"inLanguage":"es","potentialAction":[{"@type":"CommentAction","name":"Comment","target":["https:\/\/socialpubli.com\/blog\/es\/presentacion-estudio-anunciantes-con-influencers\/#respond"]}]},{"@type":"WebPage","@id":"https:\/\/socialpubli.com\/blog\/es\/presentacion-estudio-anunciantes-con-influencers\/","url":"https:\/\/socialpubli.com\/blog\/es\/presentacion-estudio-anunciantes-con-influencers\/","name":"As\u00ed fue la presentaci\u00f3n del I Estudio de Anunciantes con Influencers | Social Publi Blog","isPartOf":{"@id":"https:\/\/socialpubli.com\/blog\/#website"},"primaryImageOfPage":{"@id":"https:\/\/socialpubli.com\/blog\/es\/presentacion-estudio-anunciantes-con-influencers\/#primaryimage"},"image":{"@id":"https:\/\/socialpubli.com\/blog\/es\/presentacion-estudio-anunciantes-con-influencers\/#primaryimage"},"thumbnailUrl":"https:\/\/socialpubli.com\/blog\/wp-content\/uploads\/2019\/01\/anunciantes-influencers.png","datePublished":"2019-02-01T10:53:47+00:00","description":"Nos gusta empezar el a\u00f1o con buen pie, as\u00ed que encuestamos a 150 anunciantes y profesionales del marketing sobre su perspectiva del mundo de los","breadcrumb":{"@id":"https:\/\/socialpubli.com\/blog\/es\/presentacion-estudio-anunciantes-con-influencers\/#breadcrumb"},"inLanguage":"es","potentialAction":[{"@type":"ReadAction","target":["https:\/\/socialpubli.com\/blog\/es\/presentacion-estudio-anunciantes-con-influencers\/"]}]},{"@type":"ImageObject","inLanguage":"es","@id":"https:\/\/socialpubli.com\/blog\/es\/presentacion-estudio-anunciantes-con-influencers\/#primaryimage","url":"https:\/\/socialpubli.com\/blog\/wp-content\/uploads\/2019\/01\/anunciantes-influencers.png","contentUrl":"https:\/\/socialpubli.com\/blog\/wp-content\/uploads\/2019\/01\/anunciantes-influencers.png","width":1271,"height":710,"caption":"anunciantes influencers"},{"@type":"BreadcrumbList","@id":"https:\/\/socialpubli.com\/blog\/es\/presentacion-estudio-anunciantes-con-influencers\/#breadcrumb","itemListElement":[{"@type":"ListItem","position":1,"name":"Portada","item":"https:\/\/socialpubli.com\/blog\/"},{"@type":"ListItem","position":2,"name":"As\u00ed fue la presentaci\u00f3n del I Estudio de Anunciantes con Influencers"}]},{"@type":"WebSite","@id":"https:\/\/socialpubli.com\/blog\/#website","url":"https:\/\/socialpubli.com\/blog\/","name":"Social Publi Blog","description":"Tendencias en marketing de influencers, branded content y estrategia en redes sociales.","publisher":{"@id":"https:\/\/socialpubli.com\/blog\/#organization"},"potentialAction":[{"@type":"SearchAction","target":{"@type":"EntryPoint","urlTemplate":"https:\/\/socialpubli.com\/blog\/?s={search_term_string}"},"query-input":{"@type":"PropertyValueSpecification","valueRequired":true,"valueName":"search_term_string"}}],"inLanguage":"es"},{"@type":"Organization","@id":"https:\/\/socialpubli.com\/blog\/#organization","name":"SocialPubli","url":"https:\/\/socialpubli.com\/blog\/","logo":{"@type":"ImageObject","inLanguage":"es","@id":"https:\/\/socialpubli.com\/blog\/#\/schema\/logo\/image\/","url":"https:\/\/socialpubli.com\/blog\/wp-content\/uploads\/2017\/01\/logo-blog.png","contentUrl":"https:\/\/socialpubli.com\/blog\/wp-content\/uploads\/2017\/01\/logo-blog.png","width":284,"height":53,"caption":"SocialPubli"},"image":{"@id":"https:\/\/socialpubli.com\/blog\/#\/schema\/logo\/image\/"}},{"@type":"Person","@id":"https:\/\/socialpubli.com\/blog\/#\/schema\/person\/26d7b037bc6b8f6a7086b73d14ce5d63","name":"Redacci\u00f3n","image":{"@type":"ImageObject","inLanguage":"es","@id":"https:\/\/socialpubli.com\/blog\/#\/schema\/person\/image\/","url":"https:\/\/secure.gravatar.com\/avatar\/8eea57b285bdc2d2ad728ea4041506a69ae8e302228a422a8ef819d284c07da2?s=96&d=mm&r=g","contentUrl":"https:\/\/secure.gravatar.com\/avatar\/8eea57b285bdc2d2ad728ea4041506a69ae8e302228a422a8ef819d284c07da2?s=96&d=mm&r=g","caption":"Redacci\u00f3n"},"url":"https:\/\/socialpubli.com\/blog\/es\/author\/redaccion\/"}]}},"_links":{"self":[{"href":"https:\/\/socialpubli.com\/blog\/es\/wp-json\/wp\/v2\/posts\/5456","targetHints":{"allow":["GET"]}}],"collection":[{"href":"https:\/\/socialpubli.com\/blog\/es\/wp-json\/wp\/v2\/posts"}],"about":[{"href":"https:\/\/socialpubli.com\/blog\/es\/wp-json\/wp\/v2\/types\/post"}],"author":[{"embeddable":true,"href":"https:\/\/socialpubli.com\/blog\/es\/wp-json\/wp\/v2\/users\/2"}],"replies":[{"embeddable":true,"href":"https:\/\/socialpubli.com\/blog\/es\/wp-json\/wp\/v2\/comments?post=5456"}],"version-history":[{"count":4,"href":"https:\/\/socialpubli.com\/blog\/es\/wp-json\/wp\/v2\/posts\/5456\/revisions"}],"predecessor-version":[{"id":5502,"href":"https:\/\/socialpubli.com\/blog\/es\/wp-json\/wp\/v2\/posts\/5456\/revisions\/5502"}],"wp:featuredmedia":[{"embeddable":true,"href":"https:\/\/socialpubli.com\/blog\/es\/wp-json\/wp\/v2\/media\/5457"}],"wp:attachment":[{"href":"https:\/\/socialpubli.com\/blog\/es\/wp-json\/wp\/v2\/media?parent=5456"}],"wp:term":[{"taxonomy":"category","embeddable":true,"href":"https:\/\/socialpubli.com\/blog\/es\/wp-json\/wp\/v2\/categories?post=5456"},{"taxonomy":"post_tag","embeddable":true,"href":"https:\/\/socialpubli.com\/blog\/es\/wp-json\/wp\/v2\/tags?post=5456"}],"curies":[{"name":"wp","href":"https:\/\/api.w.org\/{rel}","templated":true}]}}