{"id":6818,"date":"2019-09-11T10:42:12","date_gmt":"2019-09-11T08:42:12","guid":{"rendered":"https:\/\/socialpubli.com\/blog\/?p=6818"},"modified":"2025-10-07T17:10:52","modified_gmt":"2025-10-07T15:10:52","slug":"los-influencers-se-convierten-en-los-protagonistas-de-las-marcas","status":"publish","type":"post","link":"https:\/\/socialpubli.com\/blog\/es\/los-influencers-se-convierten-en-los-protagonistas-de-las-marcas\/","title":{"rendered":"Los influencers se convierten en los protagonistas de las marcas"},"content":{"rendered":"<p><span style=\"color: #000000;\">En lo que a marketing se refiere, si hoy por hoy existe un rey, ese es el <a href=\"https:\/\/socialpubli.com\/es\/blog\/campanas-con-influencers\/\">marketing de influencers<\/a>. <\/span><span style=\"color: #000000;\">Las campa\u00f1as con influencers pueden ser muy efectivas y as\u00ed se est\u00e1 demostrando, pero requieren de una estrategia estudiada y una buena planificaci\u00f3n.\u00a0<\/span><\/p>\n<p><span style=\"color: #000000;\">Cuando una marca decide invertir en marketing de influencers, busca tres beneficios principales:<\/span><\/p>\n<ol>\n<li><span style=\"color: #000000;\">Aumento de notoriedad.<\/span><\/li>\n<li><span style=\"color: #000000;\">Conexi\u00f3n con su p\u00fablico objetivo.<\/span><\/li>\n<li><span style=\"color: #000000;\">Mejora del tr\u00e1fico web.<\/span><\/li>\n<li><span style=\"color: #000000;\">Incremento de las ventas.<\/span><\/li>\n<\/ol>\n<p><span style=\"color: #000000;\">Por supuesto, la elecci\u00f3n del o de los influencers adecuados para la campa\u00f1a se convierte en algo vital, si se quieren conseguir estos beneficios y el \u00e9xito en la campa\u00f1a. Algo por lo que cada vez se decantan m\u00e1s las marcas en su estrategia de influencers, es por incluir este tipo de marketing en el lanzamiento de productos. <\/span><span style=\"color: #000000;\">El motivo para poner en marcha campa\u00f1as de lanzamiento de producto con ellos es sencillo, ayudar\u00e1 aumentar el alcance y a conseguir un mayor notoriedad de marca.<\/span><\/p>\n<p><span style=\"color: #000000;\">Muchos influencers, ya se encuentran casi en la categor\u00eda de celebrities, aun as\u00ed, siguen siendo m\u00e1s cre\u00edbles para el p\u00fablico y la marcas, como dec\u00edamos, los eligen para que sean los protagonistas de sus campa\u00f1as, en las que antes ve\u00edamos a grandes estrellas del mundo del cine o el deporte. <\/span><span style=\"color: #000000;\">Lo curioso es que, el marketing de influencers est\u00e1 evolucionando de tal manera, que hoy por hoy, al igual que antes eran cantantes los que lanzaban sus propios perfumes o colecciones, ahora es el influencer el protagonista. Ya no solo se encarga de su promoci\u00f3n, sino tambi\u00e9n de su creaci\u00f3n. Cada vez son m\u00e1s los influencers que se al\u00edan con una marca para el lanzamiento de un producto o colecci\u00f3n dentro de la propia firma.<\/span><\/p>\n<p>&nbsp;<\/p>\n<h2><span style=\"color: #000000;\">Marcas e influencers:\u00bfQu\u00e9 beneficios tiene?<\/span><\/h2>\n<p><span style=\"color: #000000;\">El hecho de aliarse con un influencer de \u00e9xito, asegura a las marcas una mayor difusi\u00f3n de su campa\u00f1a y casi al 100%, un aumento en las ventas. La moda y la belleza, son los sectores que se sit\u00faan a la cabeza en este tipo de estrategias.\u00a0<\/span><span style=\"color: #000000;\">Hoy, te hablamos de algunas de las alianzas m\u00e1s exitosas de grandes marcas con el mundo influencer.\u00a0<\/span><\/p>\n<h3><span style=\"color: #000000;\">Dulceida y MAC<\/span><\/h3>\n<p><span style=\"color: #000000;\">Si ya en el pasado la influencer hab\u00eda trabajado junto a Druni para la creaci\u00f3n de un perfume con su sello con venta exclusiva en la cadena de perfumer\u00edas, el pasado 2018 fue MAC qui\u00e9n decidi\u00f3 ficharla. El acuerdo consist\u00eda en la creaci\u00f3n de su propio pintalabios. Un pintalabios rojo, que representase a la perfecci\u00f3n el estilo y la personalidad de Aida.\u00a0<\/span><\/p>\n<p>&nbsp;<\/p>\n<p><a href=\"https:\/\/www.instagram.com\/p\/BfN4M7DA0S3\/\">https:\/\/www.instagram.com\/p\/BfN4M7DA0S3\/<\/a><\/p>\n<p><a href=\"https:\/\/www.instagram.com\/p\/BpSKqiEH6FN\/\">https:\/\/www.instagram.com\/p\/BpSKqiEH6FN\/<\/a><\/p>\n<p>&nbsp;<\/p>\n<h3><span style=\"color: #000000;\">Chiara Ferragni y Lancome<\/span><\/h3>\n<p><span style=\"color: #000000;\">A la mundialmente conocida Chiara Ferragni no paran de lloverle las ofertas en este sentido. Una de las marcas que ha querido aprovechar el tir\u00f3n que pod\u00eda darle Chiara ha sido la marca l\u00edder mundial de belleza, Lancome. La italiana, lanz\u00f3 este verano su primera colecci\u00f3n de maquillaje, Lancome x Chiara Ferragni, de la mano de la marca.\u00a0La l\u00ednea est\u00e1 compuesta por ocho productos; tres nuevos tonos de sombras de la l\u00ednea L\u2019Absolu Mademoiselle Shine; tres brillos de labios l\u00edquidos y tres labiales. Adem\u00e1s, el relanzamiento de ya ic\u00f3nica m\u00e1scara de pesta\u00f1as Hypnose Drama con un packaging especial con el sello personal de la influencer.\u00a0<\/span><\/p>\n<p>&nbsp;<\/p>\n<p><a href=\"https:\/\/www.youtube.com\/watch?v=KZHuZeUYPWo\">https:\/\/www.youtube.com\/watch?v=KZHuZeUYPWo<\/a><\/p>\n<p><a href=\"https:\/\/www.instagram.com\/p\/Bx9wiNtoiLO\/\">https:\/\/www.instagram.com\/p\/Bx9wiNtoiLO\/<\/a><\/p>\n<h2><\/h2>\n<h3><span style=\"color: #000000;\">Fedez y Bershka<\/span><\/h3>\n<p><span style=\"color: #000000;\">El marido de Chiara, el rapero Fedez, tambi\u00e9n cuenta con gran \u00e9xito en RRSS gracias a su carrera como cantante pero, en gran parte, gracias a la relaci\u00f3n que mantiene con ella. <\/span><span style=\"color: #000000;\">Esto, hizo Bershka quisiese lanzar hace un par de a\u00f1os una l\u00ednea de ropa dise\u00f1a por \u00e9l, e inspirada en los 90\u2019s, el streetstyle y sus propios tatuajes.<\/span><\/p>\n<p>&nbsp;<\/p>\n<p><a href=\"https:\/\/www.instagram.com\/p\/BZgWbH3hyoO\/\">https:\/\/www.instagram.com\/p\/BZgWbH3hyoO\/<\/a><\/p>\n<p><a href=\"https:\/\/www.instagram.com\/p\/BZ3gA-MBv3j\/\">https:\/\/www.instagram.com\/p\/BZ3gA-MBv3j\/<\/a><\/p>\n<p>&nbsp;<\/p>\n<p>&nbsp;<\/p>\n<h3><span style=\"color: #000000;\">Amiee Song y Revolve<\/span><\/h3>\n<p><span style=\"color: #000000;\">La tienda de moda online m\u00e1s conocida entre las influencers y que m\u00e1s presupuesto destina a marketing de influencers, sobre todo, durante el festival Coachella, apuesta por la americana Amiee Song, la que ha lanzado una colecci\u00f3n de ropa a trav\u00e9s de la tienda online de Revolve.\u00a0 Adem\u00e1s, la promoci\u00f3n de la colecci\u00f3n ha sido muy original, a trav\u00e9s de peque\u00f1as c\u00e1psulas de v\u00eddeos en su propio perfil de Instagram.<\/span><\/p>\n<p>&nbsp;<\/p>\n<p><a href=\"https:\/\/www.instagram.com\/p\/Bw4eup9nHNB\/?utm_source=ig_embed\">https:\/\/www.instagram.com\/p\/Bw4eup9nHNB\/?utm_source=ig_embed<\/a><\/p>\n<p><a href=\"https:\/\/www.instagram.com\/p\/BxFZ1aUH1dV\/\">https:\/\/www.instagram.com\/p\/BxFZ1aUH1dV\/<\/a><\/p>\n<h3><span style=\"color: #000000;\">Mar\u00eda Pombo y Agatha Paris <\/span><\/h3>\n<p><span style=\"color: #000000;\">La marca de joyas, al igual que anteriormente lo hiciera con la celebritie Sara Carbonero, decidi\u00f3 contar el a\u00f1o pasado, con una de la influencers m\u00e1s seguidas por los espa\u00f1oles, Mar\u00eda Pombo. Con un target, es su mayor\u00eda joven, la marca de joyas apost\u00f3 por crear una l\u00ednea sencilla y que representara la esencia de Mar\u00eda y con la que\u00a0 sus seguidores pusiesen sentirse identificados.\u00a0<\/span><\/p>\n<p>&nbsp;<\/p>\n<p><a href=\"https:\/\/www.instagram.com\/p\/BorGTZolcp0\/\">https:\/\/www.instagram.com\/p\/BorGTZolcp0\/<\/a><\/p>\n<p><a href=\"https:\/\/www.instagram.com\/p\/BqnVigyAeAX\/\">https:\/\/www.instagram.com\/p\/BqnVigyAeAX\/<\/a><\/p>\n<p><span style=\"color: #000000;\">Uno de los \u00faltimos lanzamientos, es el que ha hecho este verano el gigante Amazon con la creaci\u00f3n de <a href=\"https:\/\/www.amazon.es\/thedrop\">The Drop<\/a>, su tienda online de ropa. A trav\u00e9s de ella, ir\u00e1n presentando colecciones c\u00e1psulas de 30 horas de duraci\u00f3n en su ecommerce, creadas por diferentes influencers de moda con gran repercusi\u00f3n a nivel mundial como: Sierra Furtado, Paola Alberdi, Leonie Hanne y\u00a0Patricia Bright.<\/span><\/p>\n<p><iframe title=\"The Drop (Spain)\" width=\"800\" height=\"450\" src=\"https:\/\/www.youtube.com\/embed\/U03pHXdsYWI?feature=oembed\" frameborder=\"0\" allow=\"accelerometer; autoplay; clipboard-write; encrypted-media; gyroscope; picture-in-picture; web-share\" referrerpolicy=\"strict-origin-when-cross-origin\" allowfullscreen><\/iframe><\/p>\n<p><span style=\"color: #000000;\">\u00bfQu\u00e9 piensas de la utilizaci\u00f3n de estas estrategias para el marketing de influencers? \u00bfCrees que benefician realmente a las marcas?<\/span><\/p>\n","protected":false},"excerpt":{"rendered":"<p>En lo que a marketing se refiere, si hoy por hoy existe un rey, ese es el marketing de influencers. Las campa\u00f1as con influencers pueden ser muy efectivas y as\u00ed se est\u00e1 demostrando, pero requieren de una estrategia estudiada y una buena planificaci\u00f3n.\u00a0 Cuando una marca decide invertir en marketing de influencers, busca tres beneficios [&hellip;]<\/p>\n","protected":false},"author":2,"featured_media":6837,"comment_status":"closed","ping_status":"closed","sticky":false,"template":"","format":"standard","meta":{"footnotes":""},"categories":[249],"tags":[274,44,369,25],"class_list":["post-6818","post","type-post","status-publish","format-standard","has-post-thumbnail","hentry","category-microinfluencers-influencers","tag-campanas-con-influencers","tag-influencer","tag-influencers-de-moda","tag-redes-sociales"],"yoast_head":"<!-- This site is optimized with the Yoast SEO plugin v27.0 - https:\/\/yoast.com\/product\/yoast-seo-wordpress\/ -->\n<title>Marcas e influencers: Dulceida y Chiara Ferragni | SocialPubli Blog<\/title>\n<meta name=\"description\" content=\"Marcas e influencers se han unido como una nueva estrategia de marketing. Las grandes marcas desarrollan productos que se centran en los influencers. \u00a1Ent\u00e9rate m\u00e1s!\" \/>\n<meta name=\"robots\" content=\"index, follow, max-snippet:-1, max-image-preview:large, max-video-preview:-1\" \/>\n<link rel=\"canonical\" href=\"https:\/\/socialpubli.com\/blog\/es\/los-influencers-se-convierten-en-los-protagonistas-de-las-marcas\/\" \/>\n<meta property=\"og:locale\" content=\"es_ES\" \/>\n<meta property=\"og:type\" content=\"article\" \/>\n<meta property=\"og:title\" content=\"Marcas e influencers: Dulceida y Chiara Ferragni | SocialPubli Blog\" \/>\n<meta property=\"og:description\" content=\"Marcas e influencers se han unido como una nueva estrategia de marketing. Las grandes marcas desarrollan productos que se centran en los influencers. \u00a1Ent\u00e9rate m\u00e1s!\" \/>\n<meta property=\"og:url\" content=\"https:\/\/socialpubli.com\/blog\/es\/los-influencers-se-convierten-en-los-protagonistas-de-las-marcas\/\" \/>\n<meta property=\"og:site_name\" content=\"Social Publi Blog\" \/>\n<meta property=\"article:published_time\" content=\"2019-09-11T08:42:12+00:00\" \/>\n<meta property=\"article:modified_time\" content=\"2025-10-07T15:10:52+00:00\" \/>\n<meta property=\"og:image\" content=\"https:\/\/socialpubli.com\/blog\/wp-content\/uploads\/2019\/09\/averie-woodard-4nulm-JUYFo-unsplash-1024x683.jpg\" \/>\n\t<meta property=\"og:image:width\" content=\"1024\" \/>\n\t<meta property=\"og:image:height\" content=\"683\" \/>\n\t<meta property=\"og:image:type\" content=\"image\/jpeg\" \/>\n<meta name=\"author\" content=\"Redacci\u00f3n\" \/>\n<meta name=\"twitter:card\" content=\"summary_large_image\" \/>\n<meta name=\"twitter:label1\" content=\"Escrito por\" \/>\n\t<meta name=\"twitter:data1\" content=\"Redacci\u00f3n\" \/>\n\t<meta name=\"twitter:label2\" content=\"Tiempo de lectura\" \/>\n\t<meta name=\"twitter:data2\" content=\"4 minutos\" \/>\n<script type=\"application\/ld+json\" class=\"yoast-schema-graph\">{\"@context\":\"https:\/\/schema.org\",\"@graph\":[{\"@type\":\"Article\",\"@id\":\"https:\/\/socialpubli.com\/blog\/es\/los-influencers-se-convierten-en-los-protagonistas-de-las-marcas\/#article\",\"isPartOf\":{\"@id\":\"https:\/\/socialpubli.com\/blog\/es\/los-influencers-se-convierten-en-los-protagonistas-de-las-marcas\/\"},\"author\":{\"name\":\"Redacci\u00f3n\",\"@id\":\"https:\/\/socialpubli.com\/blog\/#\/schema\/person\/26d7b037bc6b8f6a7086b73d14ce5d63\"},\"headline\":\"Los influencers se convierten en los protagonistas de las marcas\",\"datePublished\":\"2019-09-11T08:42:12+00:00\",\"dateModified\":\"2025-10-07T15:10:52+00:00\",\"mainEntityOfPage\":{\"@id\":\"https:\/\/socialpubli.com\/blog\/es\/los-influencers-se-convierten-en-los-protagonistas-de-las-marcas\/\"},\"wordCount\":1018,\"publisher\":{\"@id\":\"https:\/\/socialpubli.com\/blog\/#organization\"},\"image\":{\"@id\":\"https:\/\/socialpubli.com\/blog\/es\/los-influencers-se-convierten-en-los-protagonistas-de-las-marcas\/#primaryimage\"},\"thumbnailUrl\":\"https:\/\/socialpubli.com\/blog\/wp-content\/uploads\/2019\/09\/averie-woodard-4nulm-JUYFo-unsplash.jpg\",\"keywords\":[\"campa\u00f1as con influencers\",\"Influencer\",\"influencers de moda\",\"Redes Sociales\"],\"articleSection\":[\"Microinfluencers e Influencers\"],\"inLanguage\":\"es\"},{\"@type\":\"WebPage\",\"@id\":\"https:\/\/socialpubli.com\/blog\/es\/los-influencers-se-convierten-en-los-protagonistas-de-las-marcas\/\",\"url\":\"https:\/\/socialpubli.com\/blog\/es\/los-influencers-se-convierten-en-los-protagonistas-de-las-marcas\/\",\"name\":\"Marcas e influencers: Dulceida y Chiara Ferragni | SocialPubli Blog\",\"isPartOf\":{\"@id\":\"https:\/\/socialpubli.com\/blog\/#website\"},\"primaryImageOfPage\":{\"@id\":\"https:\/\/socialpubli.com\/blog\/es\/los-influencers-se-convierten-en-los-protagonistas-de-las-marcas\/#primaryimage\"},\"image\":{\"@id\":\"https:\/\/socialpubli.com\/blog\/es\/los-influencers-se-convierten-en-los-protagonistas-de-las-marcas\/#primaryimage\"},\"thumbnailUrl\":\"https:\/\/socialpubli.com\/blog\/wp-content\/uploads\/2019\/09\/averie-woodard-4nulm-JUYFo-unsplash.jpg\",\"datePublished\":\"2019-09-11T08:42:12+00:00\",\"dateModified\":\"2025-10-07T15:10:52+00:00\",\"description\":\"Marcas e influencers se han unido como una nueva estrategia de marketing. Las grandes marcas desarrollan productos que se centran en los influencers. \u00a1Ent\u00e9rate m\u00e1s!\",\"breadcrumb\":{\"@id\":\"https:\/\/socialpubli.com\/blog\/es\/los-influencers-se-convierten-en-los-protagonistas-de-las-marcas\/#breadcrumb\"},\"inLanguage\":\"es\",\"potentialAction\":[{\"@type\":\"ReadAction\",\"target\":[\"https:\/\/socialpubli.com\/blog\/es\/los-influencers-se-convierten-en-los-protagonistas-de-las-marcas\/\"]}]},{\"@type\":\"ImageObject\",\"inLanguage\":\"es\",\"@id\":\"https:\/\/socialpubli.com\/blog\/es\/los-influencers-se-convierten-en-los-protagonistas-de-las-marcas\/#primaryimage\",\"url\":\"https:\/\/socialpubli.com\/blog\/wp-content\/uploads\/2019\/09\/averie-woodard-4nulm-JUYFo-unsplash.jpg\",\"contentUrl\":\"https:\/\/socialpubli.com\/blog\/wp-content\/uploads\/2019\/09\/averie-woodard-4nulm-JUYFo-unsplash.jpg\",\"width\":5760,\"height\":3840,\"caption\":\"marcas e influencers\"},{\"@type\":\"BreadcrumbList\",\"@id\":\"https:\/\/socialpubli.com\/blog\/es\/los-influencers-se-convierten-en-los-protagonistas-de-las-marcas\/#breadcrumb\",\"itemListElement\":[{\"@type\":\"ListItem\",\"position\":1,\"name\":\"Portada\",\"item\":\"https:\/\/socialpubli.com\/blog\/\"},{\"@type\":\"ListItem\",\"position\":2,\"name\":\"Los influencers se convierten en los protagonistas de las marcas\"}]},{\"@type\":\"WebSite\",\"@id\":\"https:\/\/socialpubli.com\/blog\/#website\",\"url\":\"https:\/\/socialpubli.com\/blog\/\",\"name\":\"Social Publi Blog\",\"description\":\"Tendencias en marketing de influencers, branded content y estrategia en redes sociales.\",\"publisher\":{\"@id\":\"https:\/\/socialpubli.com\/blog\/#organization\"},\"potentialAction\":[{\"@type\":\"SearchAction\",\"target\":{\"@type\":\"EntryPoint\",\"urlTemplate\":\"https:\/\/socialpubli.com\/blog\/?s={search_term_string}\"},\"query-input\":{\"@type\":\"PropertyValueSpecification\",\"valueRequired\":true,\"valueName\":\"search_term_string\"}}],\"inLanguage\":\"es\"},{\"@type\":\"Organization\",\"@id\":\"https:\/\/socialpubli.com\/blog\/#organization\",\"name\":\"SocialPubli\",\"url\":\"https:\/\/socialpubli.com\/blog\/\",\"logo\":{\"@type\":\"ImageObject\",\"inLanguage\":\"es\",\"@id\":\"https:\/\/socialpubli.com\/blog\/#\/schema\/logo\/image\/\",\"url\":\"https:\/\/socialpubli.com\/blog\/wp-content\/uploads\/2017\/01\/logo-blog.png\",\"contentUrl\":\"https:\/\/socialpubli.com\/blog\/wp-content\/uploads\/2017\/01\/logo-blog.png\",\"width\":284,\"height\":53,\"caption\":\"SocialPubli\"},\"image\":{\"@id\":\"https:\/\/socialpubli.com\/blog\/#\/schema\/logo\/image\/\"}},{\"@type\":\"Person\",\"@id\":\"https:\/\/socialpubli.com\/blog\/#\/schema\/person\/26d7b037bc6b8f6a7086b73d14ce5d63\",\"name\":\"Redacci\u00f3n\",\"image\":{\"@type\":\"ImageObject\",\"inLanguage\":\"es\",\"@id\":\"https:\/\/socialpubli.com\/blog\/#\/schema\/person\/image\/\",\"url\":\"https:\/\/secure.gravatar.com\/avatar\/8eea57b285bdc2d2ad728ea4041506a69ae8e302228a422a8ef819d284c07da2?s=96&d=mm&r=g\",\"contentUrl\":\"https:\/\/secure.gravatar.com\/avatar\/8eea57b285bdc2d2ad728ea4041506a69ae8e302228a422a8ef819d284c07da2?s=96&d=mm&r=g\",\"caption\":\"Redacci\u00f3n\"},\"url\":\"https:\/\/socialpubli.com\/blog\/es\/author\/redaccion\/\"}]}<\/script>\n<!-- \/ Yoast SEO plugin. -->","yoast_head_json":{"title":"Marcas e influencers: Dulceida y Chiara Ferragni | SocialPubli Blog","description":"Marcas e influencers se han unido como una nueva estrategia de marketing. Las grandes marcas desarrollan productos que se centran en los influencers. \u00a1Ent\u00e9rate m\u00e1s!","robots":{"index":"index","follow":"follow","max-snippet":"max-snippet:-1","max-image-preview":"max-image-preview:large","max-video-preview":"max-video-preview:-1"},"canonical":"https:\/\/socialpubli.com\/blog\/es\/los-influencers-se-convierten-en-los-protagonistas-de-las-marcas\/","og_locale":"es_ES","og_type":"article","og_title":"Marcas e influencers: Dulceida y Chiara Ferragni | SocialPubli Blog","og_description":"Marcas e influencers se han unido como una nueva estrategia de marketing. Las grandes marcas desarrollan productos que se centran en los influencers. \u00a1Ent\u00e9rate m\u00e1s!","og_url":"https:\/\/socialpubli.com\/blog\/es\/los-influencers-se-convierten-en-los-protagonistas-de-las-marcas\/","og_site_name":"Social Publi Blog","article_published_time":"2019-09-11T08:42:12+00:00","article_modified_time":"2025-10-07T15:10:52+00:00","og_image":[{"width":1024,"height":683,"url":"https:\/\/socialpubli.com\/blog\/wp-content\/uploads\/2019\/09\/averie-woodard-4nulm-JUYFo-unsplash-1024x683.jpg","type":"image\/jpeg"}],"author":"Redacci\u00f3n","twitter_card":"summary_large_image","twitter_misc":{"Escrito por":"Redacci\u00f3n","Tiempo de lectura":"4 minutos"},"schema":{"@context":"https:\/\/schema.org","@graph":[{"@type":"Article","@id":"https:\/\/socialpubli.com\/blog\/es\/los-influencers-se-convierten-en-los-protagonistas-de-las-marcas\/#article","isPartOf":{"@id":"https:\/\/socialpubli.com\/blog\/es\/los-influencers-se-convierten-en-los-protagonistas-de-las-marcas\/"},"author":{"name":"Redacci\u00f3n","@id":"https:\/\/socialpubli.com\/blog\/#\/schema\/person\/26d7b037bc6b8f6a7086b73d14ce5d63"},"headline":"Los influencers se convierten en los protagonistas de las marcas","datePublished":"2019-09-11T08:42:12+00:00","dateModified":"2025-10-07T15:10:52+00:00","mainEntityOfPage":{"@id":"https:\/\/socialpubli.com\/blog\/es\/los-influencers-se-convierten-en-los-protagonistas-de-las-marcas\/"},"wordCount":1018,"publisher":{"@id":"https:\/\/socialpubli.com\/blog\/#organization"},"image":{"@id":"https:\/\/socialpubli.com\/blog\/es\/los-influencers-se-convierten-en-los-protagonistas-de-las-marcas\/#primaryimage"},"thumbnailUrl":"https:\/\/socialpubli.com\/blog\/wp-content\/uploads\/2019\/09\/averie-woodard-4nulm-JUYFo-unsplash.jpg","keywords":["campa\u00f1as con influencers","Influencer","influencers de moda","Redes Sociales"],"articleSection":["Microinfluencers e Influencers"],"inLanguage":"es"},{"@type":"WebPage","@id":"https:\/\/socialpubli.com\/blog\/es\/los-influencers-se-convierten-en-los-protagonistas-de-las-marcas\/","url":"https:\/\/socialpubli.com\/blog\/es\/los-influencers-se-convierten-en-los-protagonistas-de-las-marcas\/","name":"Marcas e influencers: Dulceida y Chiara Ferragni | SocialPubli Blog","isPartOf":{"@id":"https:\/\/socialpubli.com\/blog\/#website"},"primaryImageOfPage":{"@id":"https:\/\/socialpubli.com\/blog\/es\/los-influencers-se-convierten-en-los-protagonistas-de-las-marcas\/#primaryimage"},"image":{"@id":"https:\/\/socialpubli.com\/blog\/es\/los-influencers-se-convierten-en-los-protagonistas-de-las-marcas\/#primaryimage"},"thumbnailUrl":"https:\/\/socialpubli.com\/blog\/wp-content\/uploads\/2019\/09\/averie-woodard-4nulm-JUYFo-unsplash.jpg","datePublished":"2019-09-11T08:42:12+00:00","dateModified":"2025-10-07T15:10:52+00:00","description":"Marcas e influencers se han unido como una nueva estrategia de marketing. Las grandes marcas desarrollan productos que se centran en los influencers. \u00a1Ent\u00e9rate m\u00e1s!","breadcrumb":{"@id":"https:\/\/socialpubli.com\/blog\/es\/los-influencers-se-convierten-en-los-protagonistas-de-las-marcas\/#breadcrumb"},"inLanguage":"es","potentialAction":[{"@type":"ReadAction","target":["https:\/\/socialpubli.com\/blog\/es\/los-influencers-se-convierten-en-los-protagonistas-de-las-marcas\/"]}]},{"@type":"ImageObject","inLanguage":"es","@id":"https:\/\/socialpubli.com\/blog\/es\/los-influencers-se-convierten-en-los-protagonistas-de-las-marcas\/#primaryimage","url":"https:\/\/socialpubli.com\/blog\/wp-content\/uploads\/2019\/09\/averie-woodard-4nulm-JUYFo-unsplash.jpg","contentUrl":"https:\/\/socialpubli.com\/blog\/wp-content\/uploads\/2019\/09\/averie-woodard-4nulm-JUYFo-unsplash.jpg","width":5760,"height":3840,"caption":"marcas e influencers"},{"@type":"BreadcrumbList","@id":"https:\/\/socialpubli.com\/blog\/es\/los-influencers-se-convierten-en-los-protagonistas-de-las-marcas\/#breadcrumb","itemListElement":[{"@type":"ListItem","position":1,"name":"Portada","item":"https:\/\/socialpubli.com\/blog\/"},{"@type":"ListItem","position":2,"name":"Los influencers se convierten en los protagonistas de las marcas"}]},{"@type":"WebSite","@id":"https:\/\/socialpubli.com\/blog\/#website","url":"https:\/\/socialpubli.com\/blog\/","name":"Social Publi Blog","description":"Tendencias en marketing de influencers, branded content y estrategia en redes sociales.","publisher":{"@id":"https:\/\/socialpubli.com\/blog\/#organization"},"potentialAction":[{"@type":"SearchAction","target":{"@type":"EntryPoint","urlTemplate":"https:\/\/socialpubli.com\/blog\/?s={search_term_string}"},"query-input":{"@type":"PropertyValueSpecification","valueRequired":true,"valueName":"search_term_string"}}],"inLanguage":"es"},{"@type":"Organization","@id":"https:\/\/socialpubli.com\/blog\/#organization","name":"SocialPubli","url":"https:\/\/socialpubli.com\/blog\/","logo":{"@type":"ImageObject","inLanguage":"es","@id":"https:\/\/socialpubli.com\/blog\/#\/schema\/logo\/image\/","url":"https:\/\/socialpubli.com\/blog\/wp-content\/uploads\/2017\/01\/logo-blog.png","contentUrl":"https:\/\/socialpubli.com\/blog\/wp-content\/uploads\/2017\/01\/logo-blog.png","width":284,"height":53,"caption":"SocialPubli"},"image":{"@id":"https:\/\/socialpubli.com\/blog\/#\/schema\/logo\/image\/"}},{"@type":"Person","@id":"https:\/\/socialpubli.com\/blog\/#\/schema\/person\/26d7b037bc6b8f6a7086b73d14ce5d63","name":"Redacci\u00f3n","image":{"@type":"ImageObject","inLanguage":"es","@id":"https:\/\/socialpubli.com\/blog\/#\/schema\/person\/image\/","url":"https:\/\/secure.gravatar.com\/avatar\/8eea57b285bdc2d2ad728ea4041506a69ae8e302228a422a8ef819d284c07da2?s=96&d=mm&r=g","contentUrl":"https:\/\/secure.gravatar.com\/avatar\/8eea57b285bdc2d2ad728ea4041506a69ae8e302228a422a8ef819d284c07da2?s=96&d=mm&r=g","caption":"Redacci\u00f3n"},"url":"https:\/\/socialpubli.com\/blog\/es\/author\/redaccion\/"}]}},"_links":{"self":[{"href":"https:\/\/socialpubli.com\/blog\/es\/wp-json\/wp\/v2\/posts\/6818","targetHints":{"allow":["GET"]}}],"collection":[{"href":"https:\/\/socialpubli.com\/blog\/es\/wp-json\/wp\/v2\/posts"}],"about":[{"href":"https:\/\/socialpubli.com\/blog\/es\/wp-json\/wp\/v2\/types\/post"}],"author":[{"embeddable":true,"href":"https:\/\/socialpubli.com\/blog\/es\/wp-json\/wp\/v2\/users\/2"}],"replies":[{"embeddable":true,"href":"https:\/\/socialpubli.com\/blog\/es\/wp-json\/wp\/v2\/comments?post=6818"}],"version-history":[{"count":14,"href":"https:\/\/socialpubli.com\/blog\/es\/wp-json\/wp\/v2\/posts\/6818\/revisions"}],"predecessor-version":[{"id":6870,"href":"https:\/\/socialpubli.com\/blog\/es\/wp-json\/wp\/v2\/posts\/6818\/revisions\/6870"}],"wp:featuredmedia":[{"embeddable":true,"href":"https:\/\/socialpubli.com\/blog\/es\/wp-json\/wp\/v2\/media\/6837"}],"wp:attachment":[{"href":"https:\/\/socialpubli.com\/blog\/es\/wp-json\/wp\/v2\/media?parent=6818"}],"wp:term":[{"taxonomy":"category","embeddable":true,"href":"https:\/\/socialpubli.com\/blog\/es\/wp-json\/wp\/v2\/categories?post=6818"},{"taxonomy":"post_tag","embeddable":true,"href":"https:\/\/socialpubli.com\/blog\/es\/wp-json\/wp\/v2\/tags?post=6818"}],"curies":[{"name":"wp","href":"https:\/\/api.w.org\/{rel}","templated":true}]}}