{"id":7331,"date":"2020-03-02T11:20:10","date_gmt":"2020-03-02T09:20:10","guid":{"rendered":"https:\/\/socialpubli.com\/blog\/?p=7331"},"modified":"2025-10-06T11:22:11","modified_gmt":"2025-10-06T09:22:11","slug":"lanzamos-el-primero-filtro-de-instagram-de-socialpubli","status":"publish","type":"post","link":"https:\/\/socialpubli.com\/blog\/es\/lanzamos-el-primero-filtro-de-instagram-de-socialpubli\/","title":{"rendered":"Lanzamos el primero filtro de Instagram de SocialPubli"},"content":{"rendered":"<p>El 4 de marzo es\u2026 desde hoy\u2026 el d\u00eda oficial de <a href=\"https:\/\/socialpubli.com\/es\" target=\"_blank\" rel=\"noopener noreferrer\">SocialPubli<\/a>. Hoy celebramos cinco a\u00f1os desde nuestro nacimiento y queremos hacerlo por todo lo alto. Por eso, hemos creado el primer filtro de Instagram de SocialPubli para Stories. \u00bfQuieres descubrir c\u00f3mo es? Te lo vamos a contar todo.<\/p>\n<h2>As\u00ed nace el filtro<\/h2>\n<p>En SocialPubli tenemos una obsesi\u00f3n: <strong>que nuestra comunidad de influencers sea cada vez mayor y seguir creciendo<\/strong>. Por eso, con el nuevo filtro interactivo te damos ideas de <strong>qu\u00e9 tipo de influencer podr\u00edas ser.<\/strong><\/p>\n<p>Y en \u00e9l hemos incluido un mont\u00f3n de categor\u00edas de creadores de contenidos: <strong>Fitness, Foodie, Healthy, Lifestyle, Business, Make-up, Gamer, Technology o Traveller<\/strong>\u2026 no son todas las categor\u00edas que tenemos en nuestra web, pero con estas tienes de sobra para hacerte una idea de a qu\u00e9 podr\u00edas dedicarte en un futuro.<\/p>\n<p>El filtro busca <strong>inspirar a potenciales influencers<\/strong> para que descubran a qu\u00e9 sector podr\u00edan dedicarse en un futuro.<\/p>\n<h2>C\u00f3mo encontrar el filtro<\/h2>\n<p>Si ya has usado filtros en Instagram seguro que sabes que hay much\u00edsimas posibilidades para acceder a un filtro y usarlo.<\/p>\n<p>La primera posibilidad es hacerlo <strong>a trav\u00e9s del perfil de SocialPubli<\/strong>. Ver\u00e1s que junto al bot\u00f3n de cuadr\u00edcula para ver las fotos, el de IGTV y el de ver las fotos en las que nos han etiquetado, est\u00e1 el bot\u00f3n de filtros (una carita con estrellas peque\u00f1as alrededor). Ah\u00ed encontrar\u00e1s nuestro filtro influencer. Es el \u00fanico\u2026 de momento.<\/p>\n<figure id=\"attachment_7332\" aria-describedby=\"caption-attachment-7332\" style=\"width: 828px\" class=\"wp-caption alignnone\"><img fetchpriority=\"high\" decoding=\"async\" class=\"size-full wp-image-7332\" src=\"https:\/\/socialpubli.com\/blog\/wp-content\/uploads\/2020\/03\/IMG_8969.jpg\" alt=\"Captura del perfil de Instagram de SocialPubli donde puedes encontrar nuestro filtro.\" width=\"828\" height=\"1047\" srcset=\"https:\/\/socialpubli.com\/blog\/wp-content\/uploads\/2020\/03\/IMG_8969.jpg 828w, https:\/\/socialpubli.com\/blog\/wp-content\/uploads\/2020\/03\/IMG_8969-237x300.jpg 237w, https:\/\/socialpubli.com\/blog\/wp-content\/uploads\/2020\/03\/IMG_8969-810x1024.jpg 810w, https:\/\/socialpubli.com\/blog\/wp-content\/uploads\/2020\/03\/IMG_8969-768x971.jpg 768w\" sizes=\"(max-width: 828px) 100vw, 828px\" \/><figcaption id=\"caption-attachment-7332\" class=\"wp-caption-text\">Captura del perfil de Instagram de SocialPubli donde puedes encontrar nuestro filtro.<\/figcaption><\/figure>\n<p>Si est\u00e1s leyendo este art\u00edculo desde el m\u00f3vil,<strong> pincha sobre <a href=\"https:\/\/www.instagram.com\/a\/r\/?effect_id=468619207354228\" target=\"_blank\" rel=\"noopener noreferrer\">este enlace<\/a> y acceder\u00e1s directamente al filtro en Instagram.<\/strong><\/p>\n<p>Y la m\u00e1s sencilla\u2026 si nos sigues en Instagram, d<strong>urante esta semana estaremos compartiendo y probando el filtro en nuestras historias.<\/strong> As\u00ed podr\u00e1s acceder m\u00e1s f\u00e1cilmente a \u00e9l y probarlo en tus stories.<\/p>\n<h2>Qu\u00e9 puedes hacer con el filtro<\/h2>\n<p>Como te hemos dicho, nuestro objetivo es<strong> inspirar a cuanta m\u00e1s gente posible a usar el filtro,<\/strong> por eso, si te gusta y crees que puede gustarle a tu audiencia, <strong>\u00fasalo y etiqu\u00e9tanos para que podamos verte<\/strong> y saber qu\u00e9 tipo de influencer eres.<\/p>\n<p>Y sobre todo, <strong>podremos comprobar si nuestra bola m\u00e1gica de an\u00e1lisis de rostro funciona correctamente<\/strong>.<\/p>\n<p>Lo m\u00e1s importante es que queremos que <strong>disfrutes de \u00e9l<\/strong>.<\/p>\n","protected":false},"excerpt":{"rendered":"<p>El 4 de marzo es\u2026 desde hoy\u2026 el d\u00eda oficial de SocialPubli. Hoy celebramos cinco a\u00f1os desde nuestro nacimiento y queremos hacerlo por todo lo alto. Por eso, hemos creado el primer filtro de Instagram de SocialPubli para Stories. \u00bfQuieres descubrir c\u00f3mo es? Te lo vamos a contar todo. As\u00ed nace el filtro En SocialPubli [&hellip;]<\/p>\n","protected":false},"author":2,"featured_media":7334,"comment_status":"closed","ping_status":"closed","sticky":false,"template":"","format":"standard","meta":{"footnotes":""},"categories":[16],"tags":[436,59,21],"class_list":["post-7331","post","type-post","status-publish","format-standard","has-post-thumbnail","hentry","category-redes-sociales","tag-filtros-instagram-stories","tag-influencers","tag-socialpubli"],"yoast_head":"<!-- This site is optimized with the Yoast SEO plugin v27.0 - https:\/\/yoast.com\/product\/yoast-seo-wordpress\/ -->\n<title>Lanzamos filtro de Instagram de SocialPubli | SocialPubli Blog<\/title>\n<meta name=\"description\" content=\"El 4 de marzo es el d\u00eda oficial de SocialPubli, celebramos cinco a\u00f1os desde nuestro nacimiento y queremos hacerlo por todo lo alto. \u00a1Gracias por ser parte!\" \/>\n<meta name=\"robots\" content=\"index, follow, max-snippet:-1, max-image-preview:large, max-video-preview:-1\" \/>\n<link rel=\"canonical\" href=\"https:\/\/socialpubli.com\/blog\/es\/lanzamos-el-primero-filtro-de-instagram-de-socialpubli\/\" \/>\n<meta property=\"og:locale\" content=\"es_ES\" \/>\n<meta property=\"og:type\" content=\"article\" \/>\n<meta property=\"og:title\" content=\"Lanzamos filtro de Instagram de SocialPubli | SocialPubli Blog\" \/>\n<meta property=\"og:description\" content=\"El 4 de marzo es el d\u00eda oficial de SocialPubli, celebramos cinco a\u00f1os desde nuestro nacimiento y queremos hacerlo por todo lo alto. \u00a1Gracias por ser parte!\" \/>\n<meta property=\"og:url\" content=\"https:\/\/socialpubli.com\/blog\/es\/lanzamos-el-primero-filtro-de-instagram-de-socialpubli\/\" \/>\n<meta property=\"og:site_name\" content=\"Social Publi Blog\" \/>\n<meta property=\"article:published_time\" content=\"2020-03-02T09:20:10+00:00\" \/>\n<meta property=\"article:modified_time\" content=\"2025-10-06T09:22:11+00:00\" \/>\n<meta property=\"og:image\" content=\"https:\/\/socialpubli.com\/blog\/wp-content\/uploads\/2020\/03\/IMG-8940.jpg\" \/>\n\t<meta property=\"og:image:width\" content=\"828\" \/>\n\t<meta property=\"og:image:height\" content=\"478\" \/>\n\t<meta property=\"og:image:type\" content=\"image\/jpeg\" \/>\n<meta name=\"author\" content=\"Redacci\u00f3n\" \/>\n<meta name=\"twitter:card\" content=\"summary_large_image\" \/>\n<meta name=\"twitter:label1\" content=\"Escrito por\" \/>\n\t<meta name=\"twitter:data1\" content=\"Redacci\u00f3n\" \/>\n\t<meta name=\"twitter:label2\" content=\"Tiempo de lectura\" \/>\n\t<meta name=\"twitter:data2\" content=\"3 minutos\" \/>\n<script type=\"application\/ld+json\" class=\"yoast-schema-graph\">{\"@context\":\"https:\/\/schema.org\",\"@graph\":[{\"@type\":\"Article\",\"@id\":\"https:\/\/socialpubli.com\/blog\/es\/lanzamos-el-primero-filtro-de-instagram-de-socialpubli\/#article\",\"isPartOf\":{\"@id\":\"https:\/\/socialpubli.com\/blog\/es\/lanzamos-el-primero-filtro-de-instagram-de-socialpubli\/\"},\"author\":{\"name\":\"Redacci\u00f3n\",\"@id\":\"https:\/\/socialpubli.com\/blog\/#\/schema\/person\/26d7b037bc6b8f6a7086b73d14ce5d63\"},\"headline\":\"Lanzamos el primero filtro de Instagram de SocialPubli\",\"datePublished\":\"2020-03-02T09:20:10+00:00\",\"dateModified\":\"2025-10-06T09:22:11+00:00\",\"mainEntityOfPage\":{\"@id\":\"https:\/\/socialpubli.com\/blog\/es\/lanzamos-el-primero-filtro-de-instagram-de-socialpubli\/\"},\"wordCount\":424,\"publisher\":{\"@id\":\"https:\/\/socialpubli.com\/blog\/#organization\"},\"image\":{\"@id\":\"https:\/\/socialpubli.com\/blog\/es\/lanzamos-el-primero-filtro-de-instagram-de-socialpubli\/#primaryimage\"},\"thumbnailUrl\":\"https:\/\/socialpubli.com\/blog\/wp-content\/uploads\/2020\/03\/IMG-8940.jpg\",\"keywords\":[\"filtros Instagram Stories\",\"influencers\",\"SocialPubli\"],\"articleSection\":[\"Redes Sociales\"],\"inLanguage\":\"es\"},{\"@type\":\"WebPage\",\"@id\":\"https:\/\/socialpubli.com\/blog\/es\/lanzamos-el-primero-filtro-de-instagram-de-socialpubli\/\",\"url\":\"https:\/\/socialpubli.com\/blog\/es\/lanzamos-el-primero-filtro-de-instagram-de-socialpubli\/\",\"name\":\"Lanzamos filtro de Instagram de SocialPubli | SocialPubli Blog\",\"isPartOf\":{\"@id\":\"https:\/\/socialpubli.com\/blog\/#website\"},\"primaryImageOfPage\":{\"@id\":\"https:\/\/socialpubli.com\/blog\/es\/lanzamos-el-primero-filtro-de-instagram-de-socialpubli\/#primaryimage\"},\"image\":{\"@id\":\"https:\/\/socialpubli.com\/blog\/es\/lanzamos-el-primero-filtro-de-instagram-de-socialpubli\/#primaryimage\"},\"thumbnailUrl\":\"https:\/\/socialpubli.com\/blog\/wp-content\/uploads\/2020\/03\/IMG-8940.jpg\",\"datePublished\":\"2020-03-02T09:20:10+00:00\",\"dateModified\":\"2025-10-06T09:22:11+00:00\",\"description\":\"El 4 de marzo es el d\u00eda oficial de SocialPubli, celebramos cinco a\u00f1os desde nuestro nacimiento y queremos hacerlo por todo lo alto. \u00a1Gracias por ser parte!\",\"breadcrumb\":{\"@id\":\"https:\/\/socialpubli.com\/blog\/es\/lanzamos-el-primero-filtro-de-instagram-de-socialpubli\/#breadcrumb\"},\"inLanguage\":\"es\",\"potentialAction\":[{\"@type\":\"ReadAction\",\"target\":[\"https:\/\/socialpubli.com\/blog\/es\/lanzamos-el-primero-filtro-de-instagram-de-socialpubli\/\"]}]},{\"@type\":\"ImageObject\",\"inLanguage\":\"es\",\"@id\":\"https:\/\/socialpubli.com\/blog\/es\/lanzamos-el-primero-filtro-de-instagram-de-socialpubli\/#primaryimage\",\"url\":\"https:\/\/socialpubli.com\/blog\/wp-content\/uploads\/2020\/03\/IMG-8940.jpg\",\"contentUrl\":\"https:\/\/socialpubli.com\/blog\/wp-content\/uploads\/2020\/03\/IMG-8940.jpg\",\"width\":828,\"height\":478,\"caption\":\"As\u00ed se ve nuestro filtro Influencer en Instagram Stories\"},{\"@type\":\"BreadcrumbList\",\"@id\":\"https:\/\/socialpubli.com\/blog\/es\/lanzamos-el-primero-filtro-de-instagram-de-socialpubli\/#breadcrumb\",\"itemListElement\":[{\"@type\":\"ListItem\",\"position\":1,\"name\":\"Portada\",\"item\":\"https:\/\/socialpubli.com\/blog\/\"},{\"@type\":\"ListItem\",\"position\":2,\"name\":\"Lanzamos el primero filtro de Instagram de SocialPubli\"}]},{\"@type\":\"WebSite\",\"@id\":\"https:\/\/socialpubli.com\/blog\/#website\",\"url\":\"https:\/\/socialpubli.com\/blog\/\",\"name\":\"Social Publi Blog\",\"description\":\"Tendencias en marketing de influencers, branded content y estrategia en redes sociales.\",\"publisher\":{\"@id\":\"https:\/\/socialpubli.com\/blog\/#organization\"},\"potentialAction\":[{\"@type\":\"SearchAction\",\"target\":{\"@type\":\"EntryPoint\",\"urlTemplate\":\"https:\/\/socialpubli.com\/blog\/?s={search_term_string}\"},\"query-input\":{\"@type\":\"PropertyValueSpecification\",\"valueRequired\":true,\"valueName\":\"search_term_string\"}}],\"inLanguage\":\"es\"},{\"@type\":\"Organization\",\"@id\":\"https:\/\/socialpubli.com\/blog\/#organization\",\"name\":\"SocialPubli\",\"url\":\"https:\/\/socialpubli.com\/blog\/\",\"logo\":{\"@type\":\"ImageObject\",\"inLanguage\":\"es\",\"@id\":\"https:\/\/socialpubli.com\/blog\/#\/schema\/logo\/image\/\",\"url\":\"https:\/\/socialpubli.com\/blog\/wp-content\/uploads\/2017\/01\/logo-blog.png\",\"contentUrl\":\"https:\/\/socialpubli.com\/blog\/wp-content\/uploads\/2017\/01\/logo-blog.png\",\"width\":284,\"height\":53,\"caption\":\"SocialPubli\"},\"image\":{\"@id\":\"https:\/\/socialpubli.com\/blog\/#\/schema\/logo\/image\/\"}},{\"@type\":\"Person\",\"@id\":\"https:\/\/socialpubli.com\/blog\/#\/schema\/person\/26d7b037bc6b8f6a7086b73d14ce5d63\",\"name\":\"Redacci\u00f3n\",\"image\":{\"@type\":\"ImageObject\",\"inLanguage\":\"es\",\"@id\":\"https:\/\/socialpubli.com\/blog\/#\/schema\/person\/image\/\",\"url\":\"https:\/\/secure.gravatar.com\/avatar\/8eea57b285bdc2d2ad728ea4041506a69ae8e302228a422a8ef819d284c07da2?s=96&d=mm&r=g\",\"contentUrl\":\"https:\/\/secure.gravatar.com\/avatar\/8eea57b285bdc2d2ad728ea4041506a69ae8e302228a422a8ef819d284c07da2?s=96&d=mm&r=g\",\"caption\":\"Redacci\u00f3n\"},\"url\":\"https:\/\/socialpubli.com\/blog\/es\/author\/redaccion\/\"}]}<\/script>\n<!-- \/ Yoast SEO plugin. -->","yoast_head_json":{"title":"Lanzamos filtro de Instagram de SocialPubli | SocialPubli Blog","description":"El 4 de marzo es el d\u00eda oficial de SocialPubli, celebramos cinco a\u00f1os desde nuestro nacimiento y queremos hacerlo por todo lo alto. \u00a1Gracias por ser parte!","robots":{"index":"index","follow":"follow","max-snippet":"max-snippet:-1","max-image-preview":"max-image-preview:large","max-video-preview":"max-video-preview:-1"},"canonical":"https:\/\/socialpubli.com\/blog\/es\/lanzamos-el-primero-filtro-de-instagram-de-socialpubli\/","og_locale":"es_ES","og_type":"article","og_title":"Lanzamos filtro de Instagram de SocialPubli | SocialPubli Blog","og_description":"El 4 de marzo es el d\u00eda oficial de SocialPubli, celebramos cinco a\u00f1os desde nuestro nacimiento y queremos hacerlo por todo lo alto. \u00a1Gracias por ser parte!","og_url":"https:\/\/socialpubli.com\/blog\/es\/lanzamos-el-primero-filtro-de-instagram-de-socialpubli\/","og_site_name":"Social Publi Blog","article_published_time":"2020-03-02T09:20:10+00:00","article_modified_time":"2025-10-06T09:22:11+00:00","og_image":[{"width":828,"height":478,"url":"https:\/\/socialpubli.com\/blog\/wp-content\/uploads\/2020\/03\/IMG-8940.jpg","type":"image\/jpeg"}],"author":"Redacci\u00f3n","twitter_card":"summary_large_image","twitter_misc":{"Escrito por":"Redacci\u00f3n","Tiempo de lectura":"3 minutos"},"schema":{"@context":"https:\/\/schema.org","@graph":[{"@type":"Article","@id":"https:\/\/socialpubli.com\/blog\/es\/lanzamos-el-primero-filtro-de-instagram-de-socialpubli\/#article","isPartOf":{"@id":"https:\/\/socialpubli.com\/blog\/es\/lanzamos-el-primero-filtro-de-instagram-de-socialpubli\/"},"author":{"name":"Redacci\u00f3n","@id":"https:\/\/socialpubli.com\/blog\/#\/schema\/person\/26d7b037bc6b8f6a7086b73d14ce5d63"},"headline":"Lanzamos el primero filtro de Instagram de SocialPubli","datePublished":"2020-03-02T09:20:10+00:00","dateModified":"2025-10-06T09:22:11+00:00","mainEntityOfPage":{"@id":"https:\/\/socialpubli.com\/blog\/es\/lanzamos-el-primero-filtro-de-instagram-de-socialpubli\/"},"wordCount":424,"publisher":{"@id":"https:\/\/socialpubli.com\/blog\/#organization"},"image":{"@id":"https:\/\/socialpubli.com\/blog\/es\/lanzamos-el-primero-filtro-de-instagram-de-socialpubli\/#primaryimage"},"thumbnailUrl":"https:\/\/socialpubli.com\/blog\/wp-content\/uploads\/2020\/03\/IMG-8940.jpg","keywords":["filtros Instagram Stories","influencers","SocialPubli"],"articleSection":["Redes Sociales"],"inLanguage":"es"},{"@type":"WebPage","@id":"https:\/\/socialpubli.com\/blog\/es\/lanzamos-el-primero-filtro-de-instagram-de-socialpubli\/","url":"https:\/\/socialpubli.com\/blog\/es\/lanzamos-el-primero-filtro-de-instagram-de-socialpubli\/","name":"Lanzamos filtro de Instagram de SocialPubli | SocialPubli Blog","isPartOf":{"@id":"https:\/\/socialpubli.com\/blog\/#website"},"primaryImageOfPage":{"@id":"https:\/\/socialpubli.com\/blog\/es\/lanzamos-el-primero-filtro-de-instagram-de-socialpubli\/#primaryimage"},"image":{"@id":"https:\/\/socialpubli.com\/blog\/es\/lanzamos-el-primero-filtro-de-instagram-de-socialpubli\/#primaryimage"},"thumbnailUrl":"https:\/\/socialpubli.com\/blog\/wp-content\/uploads\/2020\/03\/IMG-8940.jpg","datePublished":"2020-03-02T09:20:10+00:00","dateModified":"2025-10-06T09:22:11+00:00","description":"El 4 de marzo es el d\u00eda oficial de SocialPubli, celebramos cinco a\u00f1os desde nuestro nacimiento y queremos hacerlo por todo lo alto. \u00a1Gracias por ser parte!","breadcrumb":{"@id":"https:\/\/socialpubli.com\/blog\/es\/lanzamos-el-primero-filtro-de-instagram-de-socialpubli\/#breadcrumb"},"inLanguage":"es","potentialAction":[{"@type":"ReadAction","target":["https:\/\/socialpubli.com\/blog\/es\/lanzamos-el-primero-filtro-de-instagram-de-socialpubli\/"]}]},{"@type":"ImageObject","inLanguage":"es","@id":"https:\/\/socialpubli.com\/blog\/es\/lanzamos-el-primero-filtro-de-instagram-de-socialpubli\/#primaryimage","url":"https:\/\/socialpubli.com\/blog\/wp-content\/uploads\/2020\/03\/IMG-8940.jpg","contentUrl":"https:\/\/socialpubli.com\/blog\/wp-content\/uploads\/2020\/03\/IMG-8940.jpg","width":828,"height":478,"caption":"As\u00ed se ve nuestro filtro Influencer en Instagram Stories"},{"@type":"BreadcrumbList","@id":"https:\/\/socialpubli.com\/blog\/es\/lanzamos-el-primero-filtro-de-instagram-de-socialpubli\/#breadcrumb","itemListElement":[{"@type":"ListItem","position":1,"name":"Portada","item":"https:\/\/socialpubli.com\/blog\/"},{"@type":"ListItem","position":2,"name":"Lanzamos el primero filtro de Instagram de SocialPubli"}]},{"@type":"WebSite","@id":"https:\/\/socialpubli.com\/blog\/#website","url":"https:\/\/socialpubli.com\/blog\/","name":"Social Publi Blog","description":"Tendencias en marketing de influencers, branded content y estrategia en redes sociales.","publisher":{"@id":"https:\/\/socialpubli.com\/blog\/#organization"},"potentialAction":[{"@type":"SearchAction","target":{"@type":"EntryPoint","urlTemplate":"https:\/\/socialpubli.com\/blog\/?s={search_term_string}"},"query-input":{"@type":"PropertyValueSpecification","valueRequired":true,"valueName":"search_term_string"}}],"inLanguage":"es"},{"@type":"Organization","@id":"https:\/\/socialpubli.com\/blog\/#organization","name":"SocialPubli","url":"https:\/\/socialpubli.com\/blog\/","logo":{"@type":"ImageObject","inLanguage":"es","@id":"https:\/\/socialpubli.com\/blog\/#\/schema\/logo\/image\/","url":"https:\/\/socialpubli.com\/blog\/wp-content\/uploads\/2017\/01\/logo-blog.png","contentUrl":"https:\/\/socialpubli.com\/blog\/wp-content\/uploads\/2017\/01\/logo-blog.png","width":284,"height":53,"caption":"SocialPubli"},"image":{"@id":"https:\/\/socialpubli.com\/blog\/#\/schema\/logo\/image\/"}},{"@type":"Person","@id":"https:\/\/socialpubli.com\/blog\/#\/schema\/person\/26d7b037bc6b8f6a7086b73d14ce5d63","name":"Redacci\u00f3n","image":{"@type":"ImageObject","inLanguage":"es","@id":"https:\/\/socialpubli.com\/blog\/#\/schema\/person\/image\/","url":"https:\/\/secure.gravatar.com\/avatar\/8eea57b285bdc2d2ad728ea4041506a69ae8e302228a422a8ef819d284c07da2?s=96&d=mm&r=g","contentUrl":"https:\/\/secure.gravatar.com\/avatar\/8eea57b285bdc2d2ad728ea4041506a69ae8e302228a422a8ef819d284c07da2?s=96&d=mm&r=g","caption":"Redacci\u00f3n"},"url":"https:\/\/socialpubli.com\/blog\/es\/author\/redaccion\/"}]}},"_links":{"self":[{"href":"https:\/\/socialpubli.com\/blog\/es\/wp-json\/wp\/v2\/posts\/7331","targetHints":{"allow":["GET"]}}],"collection":[{"href":"https:\/\/socialpubli.com\/blog\/es\/wp-json\/wp\/v2\/posts"}],"about":[{"href":"https:\/\/socialpubli.com\/blog\/es\/wp-json\/wp\/v2\/types\/post"}],"author":[{"embeddable":true,"href":"https:\/\/socialpubli.com\/blog\/es\/wp-json\/wp\/v2\/users\/2"}],"replies":[{"embeddable":true,"href":"https:\/\/socialpubli.com\/blog\/es\/wp-json\/wp\/v2\/comments?post=7331"}],"version-history":[{"count":3,"href":"https:\/\/socialpubli.com\/blog\/es\/wp-json\/wp\/v2\/posts\/7331\/revisions"}],"predecessor-version":[{"id":27612,"href":"https:\/\/socialpubli.com\/blog\/es\/wp-json\/wp\/v2\/posts\/7331\/revisions\/27612"}],"wp:featuredmedia":[{"embeddable":true,"href":"https:\/\/socialpubli.com\/blog\/es\/wp-json\/wp\/v2\/media\/7334"}],"wp:attachment":[{"href":"https:\/\/socialpubli.com\/blog\/es\/wp-json\/wp\/v2\/media?parent=7331"}],"wp:term":[{"taxonomy":"category","embeddable":true,"href":"https:\/\/socialpubli.com\/blog\/es\/wp-json\/wp\/v2\/categories?post=7331"},{"taxonomy":"post_tag","embeddable":true,"href":"https:\/\/socialpubli.com\/blog\/es\/wp-json\/wp\/v2\/tags?post=7331"}],"curies":[{"name":"wp","href":"https:\/\/api.w.org\/{rel}","templated":true}]}}