{"id":7399,"date":"2020-03-23T16:04:38","date_gmt":"2020-03-23T14:04:38","guid":{"rendered":"https:\/\/socialpubli.com\/blog\/?p=7399"},"modified":"2025-09-08T10:09:13","modified_gmt":"2025-09-08T08:09:13","slug":"estevirusloparamosunidos-filtro-stopcovid","status":"publish","type":"post","link":"https:\/\/socialpubli.com\/blog\/es\/estevirusloparamosunidos-filtro-stopcovid\/","title":{"rendered":"#EsteVirusLoParamosUnidos: SocialPubli colabora con la OMS para difundir su mensaje"},"content":{"rendered":"<p>Hace unos d\u00edas, lanz\u00e1bamos en la cuenta de Instagram de <a href=\"https:\/\/socialpubli.com\/es\" target=\"_blank\" rel=\"noopener noreferrer\">SocialPubli<\/a> un filtro animando a nuestros seguidores a quedarse en casa. <strong>El filtro #YoMeQuedoEnCasa<\/strong> ten\u00eda la intenci\u00f3n de trasladar al m\u00e1ximo n\u00famero posible de personas en Instagram la <strong>importancia de quedarse en casa para evitar contagios<\/strong>. Lo hicimos, en ese caso, siguiendo las indicaciones del Ministerio de Sanidad en Espa\u00f1a.<\/p>\n<h2>#EsteVirusLoParamosUnidos<\/h2>\n<p>M\u00e1s adelante, con el virus m\u00e1s extendido en (casi) todos los pa\u00edses del mundo, <strong>la Organizaci\u00f3n Mundial de la Salud reforz\u00f3 la idea<\/strong> que los gobiernos de cada pa\u00eds ya estaban trasladando al resto de la poblaci\u00f3n de que <strong>la manera de frenar este virus era qued\u00e1ndose en casa<\/strong>, aumentando las medidas de higiene recomendadas como lavarse las manos y evitando salidas innecesarias.<\/p>\n<p>Para llegar al m\u00e1ximo de poblaci\u00f3n posible y extender su mensaje en las redes sociales, <strong>comenz\u00f3 a usar el hashtag #EsteVirusLoParamosUnidos<\/strong>.<\/p>\n<p>Fomentaron que la gente emplease esta etiqueta para difundir el mensaje y concienciar a todo el mundo.<\/p>\n<p>Con este mensaje, solicitaban a la poblaci\u00f3n su colaboraci\u00f3n. Buscaban tambi\u00e9n reforzar la idea de que, aunque pensemos que solo el personal sanitario puede ayudar en esta crisis con sus conocimientos m\u00e9dicos, <strong>con \u201cunidad y responsabilidad com\u00fan\u201d todos podemos ayudar a luchar contra el coronavirus y acabar con \u00e9l<\/strong>.<\/p>\n<h2>As\u00ed colabora SocialPubli con la OMS<\/h2>\n<p>Al ver esta campa\u00f1a, tanto de la OMS como del Gobierno espa\u00f1ol,<strong> en SocialPubli pensamos c\u00f3mo pod\u00edamos aportar nuestro granito de arena<\/strong>. Y qu\u00e9 mejor manera de hacerlo que en el medio que mejor dominamos, el de las <strong>redes sociales<\/strong>.<\/p>\n<p>Por eso, nos pusimos manos a la obra y <strong>desarrollamos un filtro para Instagram llamado StopCOVID19<\/strong>.<\/p>\n<p>Al usarlo, vemos que <strong>sobre nuestra cabeza aparece el mensaje de STOP Coronavirus.<\/strong> Con \u00e9l animamos a que <strong>nuestros seguidores nos cuenten qu\u00e9 est\u00e1n haciendo estos d\u00edas para frenar el coronavirus<\/strong>. Y que, al hacerlo,<strong> utilicen tambi\u00e9n el hashtag oficial de la OMS y los gobiernos, #EsteVirusLoParamosUnidos<\/strong>, para seguir extendiendo este importante mensaje.<\/p>\n<p><strong>Para encontrarlo, puedes hacerlo <a href=\"https:\/\/instagram.com\/a\/r\/?effect_id=1362752570598404\" target=\"_blank\" rel=\"noopener noreferrer\">a trav\u00e9s de este enlace<\/a><\/strong> (si est\u00e1s leyendo este mensaje desde el m\u00f3vil, se abrir\u00e1 directamente tu Instagram) <strong>o busc\u00e1ndolo en nuestra cuenta <a href=\"https:\/\/www.instagram.com\/socialpubli_esp\/\" target=\"_blank\" rel=\"noopener noreferrer\">@socialpubli_esp<\/a><\/strong>.<\/p>\n<p>Ya puedes usarlo, <strong>recuerda a\u00f1adir el hashtag #EsteVirusLoParamosUnidos<\/strong>. Y cu\u00e9ntanos <strong>qu\u00e9 est\u00e1s haciendo para frenarlo, consejos para hacer m\u00e1s amena la cuarentena<\/strong>. Etiqu\u00e9tanos, reta a tus amigos a que tambi\u00e9n lo utilicen y<strong> te compartiremos en nuestro perfil<\/strong>.<\/p>\n<p><strong>Recuerda\u2026 #EsteVirusLoParamosUnidos, <\/strong>\u00bfc\u00f3mo aportas tu granito de arena?<\/p>\n","protected":false},"excerpt":{"rendered":"<p>Hace unos d\u00edas, lanz\u00e1bamos en la cuenta de Instagram de SocialPubli un filtro animando a nuestros seguidores a quedarse en casa. El filtro #YoMeQuedoEnCasa ten\u00eda la intenci\u00f3n de trasladar al m\u00e1ximo n\u00famero posible de personas en Instagram la importancia de quedarse en casa para evitar contagios. Lo hicimos, en ese caso, siguiendo las indicaciones del [&hellip;]<\/p>\n","protected":false},"author":2,"featured_media":7400,"comment_status":"closed","ping_status":"closed","sticky":false,"template":"","format":"standard","meta":{"footnotes":""},"categories":[254,16],"tags":[459,455,461,460],"class_list":["post-7399","post","type-post","status-publish","format-standard","has-post-thumbnail","hentry","category-campanas-redes-sociales","category-redes-sociales","tag-estevirusloparamosunidos","tag-coronavirus","tag-covid19","tag-oms"],"yoast_head":"<!-- This site is optimized with the Yoast SEO plugin v27.0 - https:\/\/yoast.com\/product\/yoast-seo-wordpress\/ -->\n<title>#EsteVirusLoParamosUnidos: SocialPubli y la OMS | SocialPubli Blog<\/title>\n<meta name=\"description\" content=\"La OMS lo ha dicho muy claro #EsteVirusLoParamosUnidos. En SocialPubli queremos saber qu\u00e9 est\u00e1s haciendo t\u00fa para frenarlo y hemos lanzado un filtro para Instagram.\" \/>\n<meta name=\"robots\" content=\"index, follow, max-snippet:-1, max-image-preview:large, max-video-preview:-1\" \/>\n<link rel=\"canonical\" href=\"https:\/\/socialpubli.com\/blog\/es\/estevirusloparamosunidos-filtro-stopcovid\/\" \/>\n<meta property=\"og:locale\" content=\"es_ES\" \/>\n<meta property=\"og:type\" content=\"article\" \/>\n<meta property=\"og:title\" content=\"#EsteVirusLoParamosUnidos: SocialPubli y la OMS | SocialPubli Blog\" \/>\n<meta property=\"og:description\" content=\"La OMS lo ha dicho muy claro #EsteVirusLoParamosUnidos. En SocialPubli queremos saber qu\u00e9 est\u00e1s haciendo t\u00fa para frenarlo y hemos lanzado un filtro para Instagram.\" \/>\n<meta property=\"og:url\" content=\"https:\/\/socialpubli.com\/blog\/es\/estevirusloparamosunidos-filtro-stopcovid\/\" \/>\n<meta property=\"og:site_name\" content=\"Social Publi Blog\" \/>\n<meta property=\"article:published_time\" content=\"2020-03-23T14:04:38+00:00\" \/>\n<meta property=\"article:modified_time\" content=\"2025-09-08T08:09:13+00:00\" \/>\n<meta property=\"og:image\" content=\"https:\/\/socialpubli.com\/blog\/wp-content\/uploads\/2020\/03\/stop_coronavirus_esp.jpg\" \/>\n\t<meta property=\"og:image:width\" content=\"1422\" \/>\n\t<meta property=\"og:image:height\" content=\"1013\" \/>\n\t<meta property=\"og:image:type\" content=\"image\/jpeg\" \/>\n<meta name=\"author\" content=\"Redacci\u00f3n\" \/>\n<meta name=\"twitter:card\" content=\"summary_large_image\" \/>\n<meta name=\"twitter:label1\" content=\"Escrito por\" \/>\n\t<meta name=\"twitter:data1\" content=\"Redacci\u00f3n\" \/>\n\t<meta name=\"twitter:label2\" content=\"Tiempo de lectura\" \/>\n\t<meta name=\"twitter:data2\" content=\"3 minutos\" \/>\n<script type=\"application\/ld+json\" class=\"yoast-schema-graph\">{\"@context\":\"https:\/\/schema.org\",\"@graph\":[{\"@type\":\"Article\",\"@id\":\"https:\/\/socialpubli.com\/blog\/es\/estevirusloparamosunidos-filtro-stopcovid\/#article\",\"isPartOf\":{\"@id\":\"https:\/\/socialpubli.com\/blog\/es\/estevirusloparamosunidos-filtro-stopcovid\/\"},\"author\":{\"name\":\"Redacci\u00f3n\",\"@id\":\"https:\/\/socialpubli.com\/blog\/#\/schema\/person\/26d7b037bc6b8f6a7086b73d14ce5d63\"},\"headline\":\"#EsteVirusLoParamosUnidos: SocialPubli colabora con la OMS para difundir su mensaje\",\"datePublished\":\"2020-03-23T14:04:38+00:00\",\"dateModified\":\"2025-09-08T08:09:13+00:00\",\"mainEntityOfPage\":{\"@id\":\"https:\/\/socialpubli.com\/blog\/es\/estevirusloparamosunidos-filtro-stopcovid\/\"},\"wordCount\":450,\"publisher\":{\"@id\":\"https:\/\/socialpubli.com\/blog\/#organization\"},\"image\":{\"@id\":\"https:\/\/socialpubli.com\/blog\/es\/estevirusloparamosunidos-filtro-stopcovid\/#primaryimage\"},\"thumbnailUrl\":\"https:\/\/socialpubli.com\/blog\/wp-content\/uploads\/2020\/03\/stop_coronavirus_esp.jpg\",\"keywords\":[\"#EsteVirusLoParamosUnidos\",\"coronavirus\",\"Covid19\",\"OMS\"],\"articleSection\":[\"Campa\u00f1as en Redes Sociales\",\"Redes Sociales\"],\"inLanguage\":\"es\"},{\"@type\":\"WebPage\",\"@id\":\"https:\/\/socialpubli.com\/blog\/es\/estevirusloparamosunidos-filtro-stopcovid\/\",\"url\":\"https:\/\/socialpubli.com\/blog\/es\/estevirusloparamosunidos-filtro-stopcovid\/\",\"name\":\"#EsteVirusLoParamosUnidos: SocialPubli y la OMS | SocialPubli Blog\",\"isPartOf\":{\"@id\":\"https:\/\/socialpubli.com\/blog\/#website\"},\"primaryImageOfPage\":{\"@id\":\"https:\/\/socialpubli.com\/blog\/es\/estevirusloparamosunidos-filtro-stopcovid\/#primaryimage\"},\"image\":{\"@id\":\"https:\/\/socialpubli.com\/blog\/es\/estevirusloparamosunidos-filtro-stopcovid\/#primaryimage\"},\"thumbnailUrl\":\"https:\/\/socialpubli.com\/blog\/wp-content\/uploads\/2020\/03\/stop_coronavirus_esp.jpg\",\"datePublished\":\"2020-03-23T14:04:38+00:00\",\"dateModified\":\"2025-09-08T08:09:13+00:00\",\"description\":\"La OMS lo ha dicho muy claro #EsteVirusLoParamosUnidos. En SocialPubli queremos saber qu\u00e9 est\u00e1s haciendo t\u00fa para frenarlo y hemos lanzado un filtro para Instagram.\",\"breadcrumb\":{\"@id\":\"https:\/\/socialpubli.com\/blog\/es\/estevirusloparamosunidos-filtro-stopcovid\/#breadcrumb\"},\"inLanguage\":\"es\",\"potentialAction\":[{\"@type\":\"ReadAction\",\"target\":[\"https:\/\/socialpubli.com\/blog\/es\/estevirusloparamosunidos-filtro-stopcovid\/\"]}]},{\"@type\":\"ImageObject\",\"inLanguage\":\"es\",\"@id\":\"https:\/\/socialpubli.com\/blog\/es\/estevirusloparamosunidos-filtro-stopcovid\/#primaryimage\",\"url\":\"https:\/\/socialpubli.com\/blog\/wp-content\/uploads\/2020\/03\/stop_coronavirus_esp.jpg\",\"contentUrl\":\"https:\/\/socialpubli.com\/blog\/wp-content\/uploads\/2020\/03\/stop_coronavirus_esp.jpg\",\"width\":1422,\"height\":1013,\"caption\":\"#EsteVirusLoParamosUnidos\"},{\"@type\":\"BreadcrumbList\",\"@id\":\"https:\/\/socialpubli.com\/blog\/es\/estevirusloparamosunidos-filtro-stopcovid\/#breadcrumb\",\"itemListElement\":[{\"@type\":\"ListItem\",\"position\":1,\"name\":\"Portada\",\"item\":\"https:\/\/socialpubli.com\/blog\/\"},{\"@type\":\"ListItem\",\"position\":2,\"name\":\"#EsteVirusLoParamosUnidos: SocialPubli colabora con la OMS para difundir su mensaje\"}]},{\"@type\":\"WebSite\",\"@id\":\"https:\/\/socialpubli.com\/blog\/#website\",\"url\":\"https:\/\/socialpubli.com\/blog\/\",\"name\":\"Social Publi Blog\",\"description\":\"Tendencias en marketing de influencers, branded content y estrategia en redes sociales.\",\"publisher\":{\"@id\":\"https:\/\/socialpubli.com\/blog\/#organization\"},\"potentialAction\":[{\"@type\":\"SearchAction\",\"target\":{\"@type\":\"EntryPoint\",\"urlTemplate\":\"https:\/\/socialpubli.com\/blog\/?s={search_term_string}\"},\"query-input\":{\"@type\":\"PropertyValueSpecification\",\"valueRequired\":true,\"valueName\":\"search_term_string\"}}],\"inLanguage\":\"es\"},{\"@type\":\"Organization\",\"@id\":\"https:\/\/socialpubli.com\/blog\/#organization\",\"name\":\"SocialPubli\",\"url\":\"https:\/\/socialpubli.com\/blog\/\",\"logo\":{\"@type\":\"ImageObject\",\"inLanguage\":\"es\",\"@id\":\"https:\/\/socialpubli.com\/blog\/#\/schema\/logo\/image\/\",\"url\":\"https:\/\/socialpubli.com\/blog\/wp-content\/uploads\/2017\/01\/logo-blog.png\",\"contentUrl\":\"https:\/\/socialpubli.com\/blog\/wp-content\/uploads\/2017\/01\/logo-blog.png\",\"width\":284,\"height\":53,\"caption\":\"SocialPubli\"},\"image\":{\"@id\":\"https:\/\/socialpubli.com\/blog\/#\/schema\/logo\/image\/\"}},{\"@type\":\"Person\",\"@id\":\"https:\/\/socialpubli.com\/blog\/#\/schema\/person\/26d7b037bc6b8f6a7086b73d14ce5d63\",\"name\":\"Redacci\u00f3n\",\"image\":{\"@type\":\"ImageObject\",\"inLanguage\":\"es\",\"@id\":\"https:\/\/socialpubli.com\/blog\/#\/schema\/person\/image\/\",\"url\":\"https:\/\/secure.gravatar.com\/avatar\/8eea57b285bdc2d2ad728ea4041506a69ae8e302228a422a8ef819d284c07da2?s=96&d=mm&r=g\",\"contentUrl\":\"https:\/\/secure.gravatar.com\/avatar\/8eea57b285bdc2d2ad728ea4041506a69ae8e302228a422a8ef819d284c07da2?s=96&d=mm&r=g\",\"caption\":\"Redacci\u00f3n\"},\"url\":\"https:\/\/socialpubli.com\/blog\/es\/author\/redaccion\/\"}]}<\/script>\n<!-- \/ Yoast SEO plugin. -->","yoast_head_json":{"title":"#EsteVirusLoParamosUnidos: SocialPubli y la OMS | SocialPubli Blog","description":"La OMS lo ha dicho muy claro #EsteVirusLoParamosUnidos. En SocialPubli queremos saber qu\u00e9 est\u00e1s haciendo t\u00fa para frenarlo y hemos lanzado un filtro para Instagram.","robots":{"index":"index","follow":"follow","max-snippet":"max-snippet:-1","max-image-preview":"max-image-preview:large","max-video-preview":"max-video-preview:-1"},"canonical":"https:\/\/socialpubli.com\/blog\/es\/estevirusloparamosunidos-filtro-stopcovid\/","og_locale":"es_ES","og_type":"article","og_title":"#EsteVirusLoParamosUnidos: SocialPubli y la OMS | SocialPubli Blog","og_description":"La OMS lo ha dicho muy claro #EsteVirusLoParamosUnidos. En SocialPubli queremos saber qu\u00e9 est\u00e1s haciendo t\u00fa para frenarlo y hemos lanzado un filtro para Instagram.","og_url":"https:\/\/socialpubli.com\/blog\/es\/estevirusloparamosunidos-filtro-stopcovid\/","og_site_name":"Social Publi Blog","article_published_time":"2020-03-23T14:04:38+00:00","article_modified_time":"2025-09-08T08:09:13+00:00","og_image":[{"width":1422,"height":1013,"url":"https:\/\/socialpubli.com\/blog\/wp-content\/uploads\/2020\/03\/stop_coronavirus_esp.jpg","type":"image\/jpeg"}],"author":"Redacci\u00f3n","twitter_card":"summary_large_image","twitter_misc":{"Escrito por":"Redacci\u00f3n","Tiempo de lectura":"3 minutos"},"schema":{"@context":"https:\/\/schema.org","@graph":[{"@type":"Article","@id":"https:\/\/socialpubli.com\/blog\/es\/estevirusloparamosunidos-filtro-stopcovid\/#article","isPartOf":{"@id":"https:\/\/socialpubli.com\/blog\/es\/estevirusloparamosunidos-filtro-stopcovid\/"},"author":{"name":"Redacci\u00f3n","@id":"https:\/\/socialpubli.com\/blog\/#\/schema\/person\/26d7b037bc6b8f6a7086b73d14ce5d63"},"headline":"#EsteVirusLoParamosUnidos: SocialPubli colabora con la OMS para difundir su mensaje","datePublished":"2020-03-23T14:04:38+00:00","dateModified":"2025-09-08T08:09:13+00:00","mainEntityOfPage":{"@id":"https:\/\/socialpubli.com\/blog\/es\/estevirusloparamosunidos-filtro-stopcovid\/"},"wordCount":450,"publisher":{"@id":"https:\/\/socialpubli.com\/blog\/#organization"},"image":{"@id":"https:\/\/socialpubli.com\/blog\/es\/estevirusloparamosunidos-filtro-stopcovid\/#primaryimage"},"thumbnailUrl":"https:\/\/socialpubli.com\/blog\/wp-content\/uploads\/2020\/03\/stop_coronavirus_esp.jpg","keywords":["#EsteVirusLoParamosUnidos","coronavirus","Covid19","OMS"],"articleSection":["Campa\u00f1as en Redes Sociales","Redes Sociales"],"inLanguage":"es"},{"@type":"WebPage","@id":"https:\/\/socialpubli.com\/blog\/es\/estevirusloparamosunidos-filtro-stopcovid\/","url":"https:\/\/socialpubli.com\/blog\/es\/estevirusloparamosunidos-filtro-stopcovid\/","name":"#EsteVirusLoParamosUnidos: SocialPubli y la OMS | SocialPubli Blog","isPartOf":{"@id":"https:\/\/socialpubli.com\/blog\/#website"},"primaryImageOfPage":{"@id":"https:\/\/socialpubli.com\/blog\/es\/estevirusloparamosunidos-filtro-stopcovid\/#primaryimage"},"image":{"@id":"https:\/\/socialpubli.com\/blog\/es\/estevirusloparamosunidos-filtro-stopcovid\/#primaryimage"},"thumbnailUrl":"https:\/\/socialpubli.com\/blog\/wp-content\/uploads\/2020\/03\/stop_coronavirus_esp.jpg","datePublished":"2020-03-23T14:04:38+00:00","dateModified":"2025-09-08T08:09:13+00:00","description":"La OMS lo ha dicho muy claro #EsteVirusLoParamosUnidos. En SocialPubli queremos saber qu\u00e9 est\u00e1s haciendo t\u00fa para frenarlo y hemos lanzado un filtro para Instagram.","breadcrumb":{"@id":"https:\/\/socialpubli.com\/blog\/es\/estevirusloparamosunidos-filtro-stopcovid\/#breadcrumb"},"inLanguage":"es","potentialAction":[{"@type":"ReadAction","target":["https:\/\/socialpubli.com\/blog\/es\/estevirusloparamosunidos-filtro-stopcovid\/"]}]},{"@type":"ImageObject","inLanguage":"es","@id":"https:\/\/socialpubli.com\/blog\/es\/estevirusloparamosunidos-filtro-stopcovid\/#primaryimage","url":"https:\/\/socialpubli.com\/blog\/wp-content\/uploads\/2020\/03\/stop_coronavirus_esp.jpg","contentUrl":"https:\/\/socialpubli.com\/blog\/wp-content\/uploads\/2020\/03\/stop_coronavirus_esp.jpg","width":1422,"height":1013,"caption":"#EsteVirusLoParamosUnidos"},{"@type":"BreadcrumbList","@id":"https:\/\/socialpubli.com\/blog\/es\/estevirusloparamosunidos-filtro-stopcovid\/#breadcrumb","itemListElement":[{"@type":"ListItem","position":1,"name":"Portada","item":"https:\/\/socialpubli.com\/blog\/"},{"@type":"ListItem","position":2,"name":"#EsteVirusLoParamosUnidos: SocialPubli colabora con la OMS para difundir su mensaje"}]},{"@type":"WebSite","@id":"https:\/\/socialpubli.com\/blog\/#website","url":"https:\/\/socialpubli.com\/blog\/","name":"Social Publi Blog","description":"Tendencias en marketing de influencers, branded content y estrategia en redes sociales.","publisher":{"@id":"https:\/\/socialpubli.com\/blog\/#organization"},"potentialAction":[{"@type":"SearchAction","target":{"@type":"EntryPoint","urlTemplate":"https:\/\/socialpubli.com\/blog\/?s={search_term_string}"},"query-input":{"@type":"PropertyValueSpecification","valueRequired":true,"valueName":"search_term_string"}}],"inLanguage":"es"},{"@type":"Organization","@id":"https:\/\/socialpubli.com\/blog\/#organization","name":"SocialPubli","url":"https:\/\/socialpubli.com\/blog\/","logo":{"@type":"ImageObject","inLanguage":"es","@id":"https:\/\/socialpubli.com\/blog\/#\/schema\/logo\/image\/","url":"https:\/\/socialpubli.com\/blog\/wp-content\/uploads\/2017\/01\/logo-blog.png","contentUrl":"https:\/\/socialpubli.com\/blog\/wp-content\/uploads\/2017\/01\/logo-blog.png","width":284,"height":53,"caption":"SocialPubli"},"image":{"@id":"https:\/\/socialpubli.com\/blog\/#\/schema\/logo\/image\/"}},{"@type":"Person","@id":"https:\/\/socialpubli.com\/blog\/#\/schema\/person\/26d7b037bc6b8f6a7086b73d14ce5d63","name":"Redacci\u00f3n","image":{"@type":"ImageObject","inLanguage":"es","@id":"https:\/\/socialpubli.com\/blog\/#\/schema\/person\/image\/","url":"https:\/\/secure.gravatar.com\/avatar\/8eea57b285bdc2d2ad728ea4041506a69ae8e302228a422a8ef819d284c07da2?s=96&d=mm&r=g","contentUrl":"https:\/\/secure.gravatar.com\/avatar\/8eea57b285bdc2d2ad728ea4041506a69ae8e302228a422a8ef819d284c07da2?s=96&d=mm&r=g","caption":"Redacci\u00f3n"},"url":"https:\/\/socialpubli.com\/blog\/es\/author\/redaccion\/"}]}},"_links":{"self":[{"href":"https:\/\/socialpubli.com\/blog\/es\/wp-json\/wp\/v2\/posts\/7399","targetHints":{"allow":["GET"]}}],"collection":[{"href":"https:\/\/socialpubli.com\/blog\/es\/wp-json\/wp\/v2\/posts"}],"about":[{"href":"https:\/\/socialpubli.com\/blog\/es\/wp-json\/wp\/v2\/types\/post"}],"author":[{"embeddable":true,"href":"https:\/\/socialpubli.com\/blog\/es\/wp-json\/wp\/v2\/users\/2"}],"replies":[{"embeddable":true,"href":"https:\/\/socialpubli.com\/blog\/es\/wp-json\/wp\/v2\/comments?post=7399"}],"version-history":[{"count":4,"href":"https:\/\/socialpubli.com\/blog\/es\/wp-json\/wp\/v2\/posts\/7399\/revisions"}],"predecessor-version":[{"id":7410,"href":"https:\/\/socialpubli.com\/blog\/es\/wp-json\/wp\/v2\/posts\/7399\/revisions\/7410"}],"wp:featuredmedia":[{"embeddable":true,"href":"https:\/\/socialpubli.com\/blog\/es\/wp-json\/wp\/v2\/media\/7400"}],"wp:attachment":[{"href":"https:\/\/socialpubli.com\/blog\/es\/wp-json\/wp\/v2\/media?parent=7399"}],"wp:term":[{"taxonomy":"category","embeddable":true,"href":"https:\/\/socialpubli.com\/blog\/es\/wp-json\/wp\/v2\/categories?post=7399"},{"taxonomy":"post_tag","embeddable":true,"href":"https:\/\/socialpubli.com\/blog\/es\/wp-json\/wp\/v2\/tags?post=7399"}],"curies":[{"name":"wp","href":"https:\/\/api.w.org\/{rel}","templated":true}]}}