{"id":7648,"date":"2020-04-20T15:04:54","date_gmt":"2020-04-20T13:04:54","guid":{"rendered":"https:\/\/socialpubli.com\/blog\/?p=7648"},"modified":"2020-04-20T15:04:54","modified_gmt":"2020-04-20T13:04:54","slug":"socialpubli-talks-un-dialogo-con-influencers","status":"publish","type":"post","link":"https:\/\/socialpubli.com\/blog\/es\/socialpubli-talks-un-dialogo-con-influencers\/","title":{"rendered":"SocialPubli Talks, un di\u00e1logo con influencers"},"content":{"rendered":"<p>Durante la cuarentena, todos hemos podido darnos cuenta de que <strong>algo ha florecido de manera incre\u00edble: los directos de Instagram<\/strong>. Son muchos los influencers que han decidido <strong>pasar un ratito al d\u00eda con sus seguidores<\/strong> a trav\u00e9s de su perfil de Instagram: cocinan, se maquillan, cantan, resuelven dudas a su comunidad\u2026 \u00a1de todo!<\/p>\n<h2>SocialPubli Talks&#8230; \u00bfqu\u00e9 es?<\/h2>\n<p>Por eso, en <a href=\"https:\/\/socialpubli.com\/users\/home\" target=\"_blank\" rel=\"noopener noreferrer\">SocialPubli<\/a> pensamos que <strong>podr\u00edamos usar nuestras redes sociales para haceros sentir m\u00e1s cerca de algunos de nuestros influencers<\/strong> y hablar con ellos de diversos temas.<\/p>\n<p>Con este pensamiento, <strong>\u00a1lanzamos SocialPubli Talks!<\/strong> Como su propio nombre indica, ser\u00e1n c<strong>onversaciones, di\u00e1logos con algunos de nuestros influencers en los que trataremos diversos temas.<\/strong><\/p>\n<p>Estas conversaciones ser\u00e1n, en principio, los <strong>martes, a las 18:00h espa\u00f1ola<\/strong> (13:00h en Argentina, 11:00h M\u00e9xico y 11:00 en Per\u00fa).<\/p>\n<p><strong>Esta semana<\/strong>, por ejemplo, la tem\u00e1tica es <strong>\u2018Familias en cuarentena\u2019<\/strong>. <strong>Hemos invitado a distintas mamis influencers<\/strong> que colaboran con SocialPubli para que nos cuenten <strong>c\u00f3mo est\u00e1n llevando la cuarentena con los ni\u00f1os, c\u00f3mo siguen trabajando desde casa<\/strong>&#8230; Tambi\u00e9n <strong>pueden surgir temas sobre la marcha<\/strong>, se trata de un di\u00e1logo y una conversaci\u00f3n que queremos haceros llegar de la manera m\u00e1s natural posible y en este sentido, la improvisaci\u00f3n reinar\u00e1, aunque siempre siguiendo un esquema.<\/p>\n<p>Estas charlas, di\u00e1logos estar\u00e1n <strong>presentadas o moderadas por nuestra compa\u00f1era Paloma Teijeiro<\/strong> e ir\u00e1n variando de tem\u00e1tica.<\/p>\n<p>Sobre la mesa tenemos ya algunos perfiles que podemos adelantar, como <strong>una charla con gamers o con influencers de lifestyle<\/strong>. Si estos temas te interesan, permanece atento a nuestras redes sociales, porque<strong> iremos anunciando en <a href=\"https:\/\/www.instagram.com\/socialpubli_esp\/\" target=\"_blank\" rel=\"noopener noreferrer\">Instagram<\/a>, <a href=\"https:\/\/www.twitter.com\/socialpubli_es\" target=\"_blank\" rel=\"noopener noreferrer\">Twitter<\/a> y <a href=\"https:\/\/www.facebook.com\/socialpubliES\" target=\"_blank\" rel=\"noopener noreferrer\">Facebook<\/a> distintas tem\u00e1ticas y personas<\/strong> que ir\u00e1n pasando por nuestro Instagram live.<\/p>\n<h2>Un proyecto a largo plazo<\/h2>\n<p>Pese a que esta inciativa haya nacido en unas circunstancias at\u00edpicas, <strong>queremos incorporarla a nuestra rutina en SocialPubli<\/strong> y que sea un evento en nuestra agenda cada semana cuando acabe la crisis del coronavirus.<\/p>\n<p>Esta idea nace con el objetivo de hacer m\u00e1s amenos los d\u00edas ahora que no podemos salir de casa, pero <strong>tambi\u00e9n tiene el fin de entretener a nuestros seguidores y hacerles part\u00edcipes de c\u00f3mo es el trabajo de influencer<\/strong>, las diferentes categor\u00edas que existen, c\u00f3mo se trabaja, c\u00f3mo es su vida\u2026 <strong>todo ello en un tono distendido<\/strong> y en el que vosotros tambi\u00e9n pod\u00e1is participar con los comentarios en directo.<\/p>\n","protected":false},"excerpt":{"rendered":"<p>Durante la cuarentena, todos hemos podido darnos cuenta de que algo ha florecido de manera incre\u00edble: los directos de Instagram. Son muchos los influencers que han decidido pasar un ratito al d\u00eda con sus seguidores a trav\u00e9s de su perfil de Instagram: cocinan, se maquillan, cantan, resuelven dudas a su comunidad\u2026 \u00a1de todo! SocialPubli Talks&#8230; [&hellip;]<\/p>\n","protected":false},"author":2,"featured_media":7649,"comment_status":"open","ping_status":"open","sticky":false,"template":"","format":"standard","meta":{"footnotes":""},"categories":[16,236],"tags":[48,492,21,491],"class_list":["post-7648","post","type-post","status-publish","format-standard","has-post-thumbnail","hentry","category-redes-sociales","category-socialpubli","tag-instagram","tag-instagram-live","tag-socialpubli","tag-socialpubli-talks"],"yoast_head":"<!-- This site is optimized with the Yoast SEO plugin v27.0 - https:\/\/yoast.com\/product\/yoast-seo-wordpress\/ -->\n<title>SocialPubli Talks, un di\u00e1logo con influencers | Social Publi Blog<\/title>\n<meta name=\"description\" content=\"Durante la cuarentena, todos hemos podido darnos cuenta de que algo ha florecido de manera incre\u00edble: los directos de Instagram. Son muchos los\" \/>\n<meta name=\"robots\" content=\"index, follow, max-snippet:-1, max-image-preview:large, max-video-preview:-1\" \/>\n<link rel=\"canonical\" href=\"https:\/\/socialpubli.com\/blog\/es\/socialpubli-talks-un-dialogo-con-influencers\/\" \/>\n<meta property=\"og:locale\" content=\"es_ES\" \/>\n<meta property=\"og:type\" content=\"article\" \/>\n<meta property=\"og:title\" content=\"SocialPubli Talks, un di\u00e1logo con influencers | Social Publi Blog\" \/>\n<meta property=\"og:description\" content=\"Durante la cuarentena, todos hemos podido darnos cuenta de que algo ha florecido de manera incre\u00edble: los directos de Instagram. Son muchos los\" \/>\n<meta property=\"og:url\" content=\"https:\/\/socialpubli.com\/blog\/es\/socialpubli-talks-un-dialogo-con-influencers\/\" \/>\n<meta property=\"og:site_name\" content=\"Social Publi Blog\" \/>\n<meta property=\"article:published_time\" content=\"2020-04-20T13:04:54+00:00\" \/>\n<meta property=\"og:image\" content=\"https:\/\/socialpubli.com\/blog\/wp-content\/uploads\/2020\/04\/Blog_SPtalks.jpg\" \/>\n\t<meta property=\"og:image:width\" content=\"700\" \/>\n\t<meta property=\"og:image:height\" content=\"250\" \/>\n\t<meta property=\"og:image:type\" content=\"image\/jpeg\" \/>\n<meta name=\"author\" content=\"Redacci\u00f3n\" \/>\n<meta name=\"twitter:card\" content=\"summary_large_image\" \/>\n<meta name=\"twitter:label1\" content=\"Escrito por\" \/>\n\t<meta name=\"twitter:data1\" content=\"Redacci\u00f3n\" \/>\n\t<meta name=\"twitter:label2\" content=\"Tiempo de lectura\" \/>\n\t<meta name=\"twitter:data2\" content=\"2 minutos\" \/>\n<script type=\"application\/ld+json\" class=\"yoast-schema-graph\">{\"@context\":\"https:\/\/schema.org\",\"@graph\":[{\"@type\":\"Article\",\"@id\":\"https:\/\/socialpubli.com\/blog\/es\/socialpubli-talks-un-dialogo-con-influencers\/#article\",\"isPartOf\":{\"@id\":\"https:\/\/socialpubli.com\/blog\/es\/socialpubli-talks-un-dialogo-con-influencers\/\"},\"author\":{\"name\":\"Redacci\u00f3n\",\"@id\":\"https:\/\/socialpubli.com\/blog\/#\/schema\/person\/26d7b037bc6b8f6a7086b73d14ce5d63\"},\"headline\":\"SocialPubli Talks, un di\u00e1logo con influencers\",\"datePublished\":\"2020-04-20T13:04:54+00:00\",\"mainEntityOfPage\":{\"@id\":\"https:\/\/socialpubli.com\/blog\/es\/socialpubli-talks-un-dialogo-con-influencers\/\"},\"wordCount\":424,\"commentCount\":0,\"publisher\":{\"@id\":\"https:\/\/socialpubli.com\/blog\/#organization\"},\"image\":{\"@id\":\"https:\/\/socialpubli.com\/blog\/es\/socialpubli-talks-un-dialogo-con-influencers\/#primaryimage\"},\"thumbnailUrl\":\"https:\/\/socialpubli.com\/blog\/wp-content\/uploads\/2020\/04\/Blog_SPtalks.jpg\",\"keywords\":[\"Instagram\",\"Instagram Live\",\"SocialPubli\",\"SocialPubli Talks\"],\"articleSection\":[\"Redes Sociales\",\"Sobre Nosotros\"],\"inLanguage\":\"es\",\"potentialAction\":[{\"@type\":\"CommentAction\",\"name\":\"Comment\",\"target\":[\"https:\/\/socialpubli.com\/blog\/es\/socialpubli-talks-un-dialogo-con-influencers\/#respond\"]}]},{\"@type\":\"WebPage\",\"@id\":\"https:\/\/socialpubli.com\/blog\/es\/socialpubli-talks-un-dialogo-con-influencers\/\",\"url\":\"https:\/\/socialpubli.com\/blog\/es\/socialpubli-talks-un-dialogo-con-influencers\/\",\"name\":\"SocialPubli Talks, un di\u00e1logo con influencers | Social Publi Blog\",\"isPartOf\":{\"@id\":\"https:\/\/socialpubli.com\/blog\/#website\"},\"primaryImageOfPage\":{\"@id\":\"https:\/\/socialpubli.com\/blog\/es\/socialpubli-talks-un-dialogo-con-influencers\/#primaryimage\"},\"image\":{\"@id\":\"https:\/\/socialpubli.com\/blog\/es\/socialpubli-talks-un-dialogo-con-influencers\/#primaryimage\"},\"thumbnailUrl\":\"https:\/\/socialpubli.com\/blog\/wp-content\/uploads\/2020\/04\/Blog_SPtalks.jpg\",\"datePublished\":\"2020-04-20T13:04:54+00:00\",\"description\":\"Durante la cuarentena, todos hemos podido darnos cuenta de que algo ha florecido de manera incre\u00edble: los directos de Instagram. Son muchos los\",\"breadcrumb\":{\"@id\":\"https:\/\/socialpubli.com\/blog\/es\/socialpubli-talks-un-dialogo-con-influencers\/#breadcrumb\"},\"inLanguage\":\"es\",\"potentialAction\":[{\"@type\":\"ReadAction\",\"target\":[\"https:\/\/socialpubli.com\/blog\/es\/socialpubli-talks-un-dialogo-con-influencers\/\"]}]},{\"@type\":\"ImageObject\",\"inLanguage\":\"es\",\"@id\":\"https:\/\/socialpubli.com\/blog\/es\/socialpubli-talks-un-dialogo-con-influencers\/#primaryimage\",\"url\":\"https:\/\/socialpubli.com\/blog\/wp-content\/uploads\/2020\/04\/Blog_SPtalks.jpg\",\"contentUrl\":\"https:\/\/socialpubli.com\/blog\/wp-content\/uploads\/2020\/04\/Blog_SPtalks.jpg\",\"width\":700,\"height\":250,\"caption\":\"SocialPubli Talks, un di\u00e1logo con influencers\"},{\"@type\":\"BreadcrumbList\",\"@id\":\"https:\/\/socialpubli.com\/blog\/es\/socialpubli-talks-un-dialogo-con-influencers\/#breadcrumb\",\"itemListElement\":[{\"@type\":\"ListItem\",\"position\":1,\"name\":\"Portada\",\"item\":\"https:\/\/socialpubli.com\/blog\/\"},{\"@type\":\"ListItem\",\"position\":2,\"name\":\"SocialPubli Talks, un di\u00e1logo con influencers\"}]},{\"@type\":\"WebSite\",\"@id\":\"https:\/\/socialpubli.com\/blog\/#website\",\"url\":\"https:\/\/socialpubli.com\/blog\/\",\"name\":\"Social Publi Blog\",\"description\":\"Tendencias en marketing de influencers, branded content y estrategia en redes sociales.\",\"publisher\":{\"@id\":\"https:\/\/socialpubli.com\/blog\/#organization\"},\"potentialAction\":[{\"@type\":\"SearchAction\",\"target\":{\"@type\":\"EntryPoint\",\"urlTemplate\":\"https:\/\/socialpubli.com\/blog\/?s={search_term_string}\"},\"query-input\":{\"@type\":\"PropertyValueSpecification\",\"valueRequired\":true,\"valueName\":\"search_term_string\"}}],\"inLanguage\":\"es\"},{\"@type\":\"Organization\",\"@id\":\"https:\/\/socialpubli.com\/blog\/#organization\",\"name\":\"SocialPubli\",\"url\":\"https:\/\/socialpubli.com\/blog\/\",\"logo\":{\"@type\":\"ImageObject\",\"inLanguage\":\"es\",\"@id\":\"https:\/\/socialpubli.com\/blog\/#\/schema\/logo\/image\/\",\"url\":\"https:\/\/socialpubli.com\/blog\/wp-content\/uploads\/2017\/01\/logo-blog.png\",\"contentUrl\":\"https:\/\/socialpubli.com\/blog\/wp-content\/uploads\/2017\/01\/logo-blog.png\",\"width\":284,\"height\":53,\"caption\":\"SocialPubli\"},\"image\":{\"@id\":\"https:\/\/socialpubli.com\/blog\/#\/schema\/logo\/image\/\"}},{\"@type\":\"Person\",\"@id\":\"https:\/\/socialpubli.com\/blog\/#\/schema\/person\/26d7b037bc6b8f6a7086b73d14ce5d63\",\"name\":\"Redacci\u00f3n\",\"image\":{\"@type\":\"ImageObject\",\"inLanguage\":\"es\",\"@id\":\"https:\/\/socialpubli.com\/blog\/#\/schema\/person\/image\/\",\"url\":\"https:\/\/secure.gravatar.com\/avatar\/8eea57b285bdc2d2ad728ea4041506a69ae8e302228a422a8ef819d284c07da2?s=96&d=mm&r=g\",\"contentUrl\":\"https:\/\/secure.gravatar.com\/avatar\/8eea57b285bdc2d2ad728ea4041506a69ae8e302228a422a8ef819d284c07da2?s=96&d=mm&r=g\",\"caption\":\"Redacci\u00f3n\"},\"url\":\"https:\/\/socialpubli.com\/blog\/es\/author\/redaccion\/\"}]}<\/script>\n<!-- \/ Yoast SEO plugin. -->","yoast_head_json":{"title":"SocialPubli Talks, un di\u00e1logo con influencers | Social Publi Blog","description":"Durante la cuarentena, todos hemos podido darnos cuenta de que algo ha florecido de manera incre\u00edble: los directos de Instagram. Son muchos los","robots":{"index":"index","follow":"follow","max-snippet":"max-snippet:-1","max-image-preview":"max-image-preview:large","max-video-preview":"max-video-preview:-1"},"canonical":"https:\/\/socialpubli.com\/blog\/es\/socialpubli-talks-un-dialogo-con-influencers\/","og_locale":"es_ES","og_type":"article","og_title":"SocialPubli Talks, un di\u00e1logo con influencers | Social Publi Blog","og_description":"Durante la cuarentena, todos hemos podido darnos cuenta de que algo ha florecido de manera incre\u00edble: los directos de Instagram. Son muchos los","og_url":"https:\/\/socialpubli.com\/blog\/es\/socialpubli-talks-un-dialogo-con-influencers\/","og_site_name":"Social Publi Blog","article_published_time":"2020-04-20T13:04:54+00:00","og_image":[{"width":700,"height":250,"url":"https:\/\/socialpubli.com\/blog\/wp-content\/uploads\/2020\/04\/Blog_SPtalks.jpg","type":"image\/jpeg"}],"author":"Redacci\u00f3n","twitter_card":"summary_large_image","twitter_misc":{"Escrito por":"Redacci\u00f3n","Tiempo de lectura":"2 minutos"},"schema":{"@context":"https:\/\/schema.org","@graph":[{"@type":"Article","@id":"https:\/\/socialpubli.com\/blog\/es\/socialpubli-talks-un-dialogo-con-influencers\/#article","isPartOf":{"@id":"https:\/\/socialpubli.com\/blog\/es\/socialpubli-talks-un-dialogo-con-influencers\/"},"author":{"name":"Redacci\u00f3n","@id":"https:\/\/socialpubli.com\/blog\/#\/schema\/person\/26d7b037bc6b8f6a7086b73d14ce5d63"},"headline":"SocialPubli Talks, un di\u00e1logo con influencers","datePublished":"2020-04-20T13:04:54+00:00","mainEntityOfPage":{"@id":"https:\/\/socialpubli.com\/blog\/es\/socialpubli-talks-un-dialogo-con-influencers\/"},"wordCount":424,"commentCount":0,"publisher":{"@id":"https:\/\/socialpubli.com\/blog\/#organization"},"image":{"@id":"https:\/\/socialpubli.com\/blog\/es\/socialpubli-talks-un-dialogo-con-influencers\/#primaryimage"},"thumbnailUrl":"https:\/\/socialpubli.com\/blog\/wp-content\/uploads\/2020\/04\/Blog_SPtalks.jpg","keywords":["Instagram","Instagram Live","SocialPubli","SocialPubli Talks"],"articleSection":["Redes Sociales","Sobre Nosotros"],"inLanguage":"es","potentialAction":[{"@type":"CommentAction","name":"Comment","target":["https:\/\/socialpubli.com\/blog\/es\/socialpubli-talks-un-dialogo-con-influencers\/#respond"]}]},{"@type":"WebPage","@id":"https:\/\/socialpubli.com\/blog\/es\/socialpubli-talks-un-dialogo-con-influencers\/","url":"https:\/\/socialpubli.com\/blog\/es\/socialpubli-talks-un-dialogo-con-influencers\/","name":"SocialPubli Talks, un di\u00e1logo con influencers | Social Publi Blog","isPartOf":{"@id":"https:\/\/socialpubli.com\/blog\/#website"},"primaryImageOfPage":{"@id":"https:\/\/socialpubli.com\/blog\/es\/socialpubli-talks-un-dialogo-con-influencers\/#primaryimage"},"image":{"@id":"https:\/\/socialpubli.com\/blog\/es\/socialpubli-talks-un-dialogo-con-influencers\/#primaryimage"},"thumbnailUrl":"https:\/\/socialpubli.com\/blog\/wp-content\/uploads\/2020\/04\/Blog_SPtalks.jpg","datePublished":"2020-04-20T13:04:54+00:00","description":"Durante la cuarentena, todos hemos podido darnos cuenta de que algo ha florecido de manera incre\u00edble: los directos de Instagram. Son muchos los","breadcrumb":{"@id":"https:\/\/socialpubli.com\/blog\/es\/socialpubli-talks-un-dialogo-con-influencers\/#breadcrumb"},"inLanguage":"es","potentialAction":[{"@type":"ReadAction","target":["https:\/\/socialpubli.com\/blog\/es\/socialpubli-talks-un-dialogo-con-influencers\/"]}]},{"@type":"ImageObject","inLanguage":"es","@id":"https:\/\/socialpubli.com\/blog\/es\/socialpubli-talks-un-dialogo-con-influencers\/#primaryimage","url":"https:\/\/socialpubli.com\/blog\/wp-content\/uploads\/2020\/04\/Blog_SPtalks.jpg","contentUrl":"https:\/\/socialpubli.com\/blog\/wp-content\/uploads\/2020\/04\/Blog_SPtalks.jpg","width":700,"height":250,"caption":"SocialPubli Talks, un di\u00e1logo con influencers"},{"@type":"BreadcrumbList","@id":"https:\/\/socialpubli.com\/blog\/es\/socialpubli-talks-un-dialogo-con-influencers\/#breadcrumb","itemListElement":[{"@type":"ListItem","position":1,"name":"Portada","item":"https:\/\/socialpubli.com\/blog\/"},{"@type":"ListItem","position":2,"name":"SocialPubli Talks, un di\u00e1logo con influencers"}]},{"@type":"WebSite","@id":"https:\/\/socialpubli.com\/blog\/#website","url":"https:\/\/socialpubli.com\/blog\/","name":"Social Publi Blog","description":"Tendencias en marketing de influencers, branded content y estrategia en redes sociales.","publisher":{"@id":"https:\/\/socialpubli.com\/blog\/#organization"},"potentialAction":[{"@type":"SearchAction","target":{"@type":"EntryPoint","urlTemplate":"https:\/\/socialpubli.com\/blog\/?s={search_term_string}"},"query-input":{"@type":"PropertyValueSpecification","valueRequired":true,"valueName":"search_term_string"}}],"inLanguage":"es"},{"@type":"Organization","@id":"https:\/\/socialpubli.com\/blog\/#organization","name":"SocialPubli","url":"https:\/\/socialpubli.com\/blog\/","logo":{"@type":"ImageObject","inLanguage":"es","@id":"https:\/\/socialpubli.com\/blog\/#\/schema\/logo\/image\/","url":"https:\/\/socialpubli.com\/blog\/wp-content\/uploads\/2017\/01\/logo-blog.png","contentUrl":"https:\/\/socialpubli.com\/blog\/wp-content\/uploads\/2017\/01\/logo-blog.png","width":284,"height":53,"caption":"SocialPubli"},"image":{"@id":"https:\/\/socialpubli.com\/blog\/#\/schema\/logo\/image\/"}},{"@type":"Person","@id":"https:\/\/socialpubli.com\/blog\/#\/schema\/person\/26d7b037bc6b8f6a7086b73d14ce5d63","name":"Redacci\u00f3n","image":{"@type":"ImageObject","inLanguage":"es","@id":"https:\/\/socialpubli.com\/blog\/#\/schema\/person\/image\/","url":"https:\/\/secure.gravatar.com\/avatar\/8eea57b285bdc2d2ad728ea4041506a69ae8e302228a422a8ef819d284c07da2?s=96&d=mm&r=g","contentUrl":"https:\/\/secure.gravatar.com\/avatar\/8eea57b285bdc2d2ad728ea4041506a69ae8e302228a422a8ef819d284c07da2?s=96&d=mm&r=g","caption":"Redacci\u00f3n"},"url":"https:\/\/socialpubli.com\/blog\/es\/author\/redaccion\/"}]}},"_links":{"self":[{"href":"https:\/\/socialpubli.com\/blog\/es\/wp-json\/wp\/v2\/posts\/7648","targetHints":{"allow":["GET"]}}],"collection":[{"href":"https:\/\/socialpubli.com\/blog\/es\/wp-json\/wp\/v2\/posts"}],"about":[{"href":"https:\/\/socialpubli.com\/blog\/es\/wp-json\/wp\/v2\/types\/post"}],"author":[{"embeddable":true,"href":"https:\/\/socialpubli.com\/blog\/es\/wp-json\/wp\/v2\/users\/2"}],"replies":[{"embeddable":true,"href":"https:\/\/socialpubli.com\/blog\/es\/wp-json\/wp\/v2\/comments?post=7648"}],"version-history":[{"count":1,"href":"https:\/\/socialpubli.com\/blog\/es\/wp-json\/wp\/v2\/posts\/7648\/revisions"}],"predecessor-version":[{"id":7653,"href":"https:\/\/socialpubli.com\/blog\/es\/wp-json\/wp\/v2\/posts\/7648\/revisions\/7653"}],"wp:featuredmedia":[{"embeddable":true,"href":"https:\/\/socialpubli.com\/blog\/es\/wp-json\/wp\/v2\/media\/7649"}],"wp:attachment":[{"href":"https:\/\/socialpubli.com\/blog\/es\/wp-json\/wp\/v2\/media?parent=7648"}],"wp:term":[{"taxonomy":"category","embeddable":true,"href":"https:\/\/socialpubli.com\/blog\/es\/wp-json\/wp\/v2\/categories?post=7648"},{"taxonomy":"post_tag","embeddable":true,"href":"https:\/\/socialpubli.com\/blog\/es\/wp-json\/wp\/v2\/tags?post=7648"}],"curies":[{"name":"wp","href":"https:\/\/api.w.org\/{rel}","templated":true}]}}