{"id":776,"date":"2015-09-22T14:03:27","date_gmt":"2015-09-22T12:03:27","guid":{"rendered":"https:\/\/socialpubli.com\/news\/?p=776"},"modified":"2018-05-28T11:19:58","modified_gmt":"2018-05-28T09:19:58","slug":"ya-esta-aqui-el-festival-of-media-de-latam","status":"publish","type":"post","link":"https:\/\/socialpubli.com\/blog\/es\/ya-esta-aqui-el-festival-of-media-de-latam\/","title":{"rendered":"\u00a1Ya est\u00e1 aqu\u00ed el Festival of Media de LatAm!"},"content":{"rendered":"<p>Apenas quedan unas horas para que de comienzo <strong>el mayor festival de medios de Latinoam\u00e9rica<\/strong>. S\u00ed, hablamos del Festival of Media que tendr\u00e1 lugar desde el mi\u00e9rcoles 23 hasta el viernes 25 de septiembre, en el Hotel Ritz-Carlton Key Biscayne de Miami. En esta edici\u00f3n, SocialPubli.com colabora como media partner\u00a0del evento. \u00a1No te lo pierdas!<\/p>\n<h2>\u00bfDe qu\u00e9 trata?<\/h2>\n<blockquote><p>El Festival of Media de Latinoam\u00e9rica (FOMLA)\u00a0es un evento anual, celebrado\u00a0en diferentes ciudades del mundo, que proporciona una <strong>plataforma \u00fanica de interacci\u00f3n, reconocimiento y celebraci\u00f3n<\/strong> para\u00a0perfiles del mundo del marketing y media. Examinando c\u00f3mo las marcas, anunciantes, agencias y entidades de media desarrollan sus estrategias, el prop\u00f3sito es informar, deducir y recomendar, para\u00a0estimular progresos en negocios del sector.\u00a0En definitiva, el FOMLA representa <strong>una exhibici\u00f3n de creatividad y talento<\/strong>.<\/p><\/blockquote>\n<p>Mientras que cada a\u00f1o cuenta con numerosos ponentes de la industria, tan poderosos como influyentes, el resultado siempre es un<strong> intercambio de informaci\u00f3n\u00a0objetivo, relevante y detallado<\/strong>. A \u00e9l acuden, desde directivos de redes sociales tan poderosas como <em>Facebook, Twitter <\/em>o<em> Instagram<\/em>, hasta\u00a0responsables de agencias internacionales<em>, <\/em>pasando por\u00a0<em>influencers<\/em> latinoamericanos de alcance global. Pincha <strong><a href=\"http:\/\/www.festivalofmedia.com\/latam\/speakers\" target=\"_blank\" rel=\"noopener\">aqu\u00ed<\/a> <\/strong>para descubrir la lista completa de ponentes de la edici\u00f3n de 2015.<\/p>\n<h2>Programa oficial<\/h2>\n<p>El evento, que se estrenar\u00e1 con una recepci\u00f3n de bienvenida ofrecida por AMC Networks, consistir\u00e1 en <strong>dos jornadas ajetreadas de conferencias y encuentros sociales<\/strong>. Por si a\u00fan no le has echado un vistazo, te dejamos un resumen resumen del programa oficial del evento:<\/p>\n<p><a href=\"https:\/\/socialpubli.com\/news\/wp-content\/uploads\/2015\/09\/programa-FOMLA.png\"><img fetchpriority=\"high\" decoding=\"async\" class=\"alignnone wp-image-779\" src=\"https:\/\/socialpubli.com\/news\/wp-content\/uploads\/2015\/09\/programa-FOMLA.png\" alt=\"programa FOMLA\" width=\"615\" height=\"590\" srcset=\"https:\/\/socialpubli.com\/blog\/wp-content\/uploads\/2015\/09\/programa-FOMLA.png 558w, https:\/\/socialpubli.com\/blog\/wp-content\/uploads\/2015\/09\/programa-FOMLA-200x192.png 200w, https:\/\/socialpubli.com\/blog\/wp-content\/uploads\/2015\/09\/programa-FOMLA-300x288.png 300w, https:\/\/socialpubli.com\/blog\/wp-content\/uploads\/2015\/09\/programa-FOMLA-400x384.png 400w, https:\/\/socialpubli.com\/blog\/wp-content\/uploads\/2015\/09\/programa-FOMLA-50x48.png 50w\" sizes=\"(max-width: 615px) 100vw, 615px\" \/><\/a><\/p>\n<p>\u00bfQuieres m\u00e1s detalles? Recuerda que puedes descargarte el folleto completo de la agenda <strong><a href=\"http:\/\/www.festivalofmedia.com\/latam\/agenda\" target=\"_blank\" rel=\"noopener\">aqu\u00ed.<\/a><\/strong><\/p>\n<p>El viernes 25, el evento se despedir\u00e1 con una gala de premios por todo lo alto: el Festival of Media LatAm Awards, un homenaje a la innovaci\u00f3n y creatividad.\u00a0De entre la\u00a0<strong><a href=\"http:\/\/www.festivalofmedia.com\/media\/14032\/Festival%20of%20Media%20LatAm%20Awards%20Shortlist.pdf\" target=\"_blank\" rel=\"noopener\">lista de finalistas<\/a><\/strong>, un equipo de profesionales senior de la industria se encargar\u00e1 de elegir a los premiados de\u00a0cuatro categor\u00edas: <strong>medios, contenido, tecnolog\u00eda e informaci\u00f3n<\/strong>.\u00a0Obtener un premio de tal reconocimiento no s\u00f3lo contribuir\u00e1 a una <strong>expansi\u00f3n de negocios e influencia en el mercado<\/strong>, sino tambi\u00e9n a <strong>progresar con clientes existentes y potenciales<\/strong>.<\/p>\n<p>\u00bfQuieres saber m\u00e1s? Dale al <em>play<\/em> para descubrir todo lo que el Festival of Media nos tiene preparado&#8230;<\/p>\n<p><iframe title=\"Festival of Media Global 2015 Highlights from Day One\" width=\"800\" height=\"450\" src=\"https:\/\/www.youtube.com\/embed\/NSpFbH5Znbw?start=2&#038;feature=oembed\" frameborder=\"0\" allow=\"accelerometer; autoplay; clipboard-write; encrypted-media; gyroscope; picture-in-picture; web-share\" referrerpolicy=\"strict-origin-when-cross-origin\" allowfullscreen><\/iframe><\/p>\n<p>Si todav\u00eda no has\u00a0<a href=\"https:\/\/www.regonline.com\/Register\/Checkin.aspx?EventID=1698483\" target=\"_blank\" rel=\"noopener\"><strong>reservado tu entrada<\/strong><\/a>, tranqui, \u00a1a\u00fan est\u00e1s a tiempo! Pero, si no puedes acudir, p\u00e9gate a las redes sociales y ent\u00e9rate de todas las novedades del evento. \u00a1Ah! Y recuerda que podr\u00e1s seguirlo en directo a trav\u00e9s de <strong><a href=\"https:\/\/www.facebook.com\/thefestivalofmedia\" target=\"_blank\" rel=\"noopener\">Facebook<\/a>, <a href=\"https:\/\/twitter.com\/FestivalOfMedia\" target=\"_blank\" rel=\"noopener\">Twitter<\/a>, <a href=\"https:\/\/www.youtube.com\/user\/TheFestivalofMedia\" target=\"_blank\" rel=\"noopener\">YouTube<\/a>, <a href=\"https:\/\/www.linkedin.com\/grp\/home?gid=1773664&amp;sort=POPULAR&amp;trkInfo=&amp;trk=\" target=\"_blank\" rel=\"noopener\">LinkedIn<\/a> <\/strong>y<strong> <a href=\"https:\/\/plus.google.com\/+Festivalofmedia\/videos\" target=\"_blank\" rel=\"noopener\">Google+<\/a><\/strong>.<\/p>\n<p>\u00bfTe lo vas a perder?<\/p>\n","protected":false},"excerpt":{"rendered":"<p>Apenas quedan unas horas para que de comienzo el mayor festival de medios de Latinoam\u00e9rica. S\u00ed, hablamos del Festival of Media que tendr\u00e1 lugar desde el mi\u00e9rcoles 23 hasta el viernes 25 de septiembre, en el Hotel Ritz-Carlton Key Biscayne de Miami. En esta edici\u00f3n, SocialPubli.com colabora como media partner\u00a0del evento. \u00a1No te lo pierdas! [&hellip;]<\/p>\n","protected":false},"author":2,"featured_media":778,"comment_status":"open","ping_status":"open","sticky":false,"template":"","format":"standard","meta":{"footnotes":""},"categories":[236],"tags":[71,106,107,86,108],"class_list":["post-776","post","type-post","status-publish","format-standard","has-post-thumbnail","hentry","category-socialpubli","tag-contenido","tag-festival-of-media","tag-latinoamerica","tag-marketing","tag-medios"],"yoast_head":"<!-- This site is optimized with the Yoast SEO plugin v27.0 - https:\/\/yoast.com\/product\/yoast-seo-wordpress\/ -->\n<title>\u00a1Ya est\u00e1 aqu\u00ed el Festival of Media de LatAm!<\/title>\n<meta name=\"description\" content=\"Ya est\u00e1 aqu\u00ed el Festival of Media, el mayor evento de medios de Latinoam\u00e9rica. Descubre el programa oficial y todas sus novedades. \u00bfTe lo vas a perder?\" \/>\n<meta name=\"robots\" content=\"index, follow, max-snippet:-1, max-image-preview:large, max-video-preview:-1\" \/>\n<link rel=\"canonical\" href=\"https:\/\/socialpubli.com\/blog\/es\/ya-esta-aqui-el-festival-of-media-de-latam\/\" \/>\n<meta property=\"og:locale\" content=\"es_ES\" \/>\n<meta property=\"og:type\" content=\"article\" \/>\n<meta property=\"og:title\" content=\"\u00a1Ya est\u00e1 aqu\u00ed el Festival of Media de LatAm!\" \/>\n<meta property=\"og:description\" content=\"Ya est\u00e1 aqu\u00ed el Festival of Media, el mayor evento de medios de Latinoam\u00e9rica. Descubre el programa oficial y todas sus novedades. \u00bfTe lo vas a perder?\" \/>\n<meta property=\"og:url\" content=\"https:\/\/socialpubli.com\/blog\/es\/ya-esta-aqui-el-festival-of-media-de-latam\/\" \/>\n<meta property=\"og:site_name\" content=\"Social Publi Blog\" \/>\n<meta property=\"article:published_time\" content=\"2015-09-22T12:03:27+00:00\" \/>\n<meta property=\"article:modified_time\" content=\"2018-05-28T09:19:58+00:00\" \/>\n<meta property=\"og:image\" content=\"https:\/\/socialpubli.com\/blog\/wp-content\/uploads\/2015\/09\/FOMLA.jpg\" \/>\n\t<meta property=\"og:image:width\" content=\"1773\" \/>\n\t<meta property=\"og:image:height\" content=\"656\" \/>\n\t<meta property=\"og:image:type\" content=\"image\/jpeg\" \/>\n<meta name=\"author\" content=\"Redacci\u00f3n\" \/>\n<meta name=\"twitter:card\" content=\"summary_large_image\" \/>\n<meta name=\"twitter:label1\" content=\"Escrito por\" \/>\n\t<meta name=\"twitter:data1\" content=\"Redacci\u00f3n\" \/>\n\t<meta name=\"twitter:label2\" content=\"Tiempo de lectura\" \/>\n\t<meta name=\"twitter:data2\" content=\"2 minutos\" \/>\n<script type=\"application\/ld+json\" class=\"yoast-schema-graph\">{\"@context\":\"https:\/\/schema.org\",\"@graph\":[{\"@type\":\"Article\",\"@id\":\"https:\/\/socialpubli.com\/blog\/es\/ya-esta-aqui-el-festival-of-media-de-latam\/#article\",\"isPartOf\":{\"@id\":\"https:\/\/socialpubli.com\/blog\/es\/ya-esta-aqui-el-festival-of-media-de-latam\/\"},\"author\":{\"name\":\"Redacci\u00f3n\",\"@id\":\"https:\/\/socialpubli.com\/blog\/#\/schema\/person\/26d7b037bc6b8f6a7086b73d14ce5d63\"},\"headline\":\"\u00a1Ya est\u00e1 aqu\u00ed el Festival of Media de LatAm!\",\"datePublished\":\"2015-09-22T12:03:27+00:00\",\"dateModified\":\"2018-05-28T09:19:58+00:00\",\"mainEntityOfPage\":{\"@id\":\"https:\/\/socialpubli.com\/blog\/es\/ya-esta-aqui-el-festival-of-media-de-latam\/\"},\"wordCount\":460,\"commentCount\":0,\"publisher\":{\"@id\":\"https:\/\/socialpubli.com\/blog\/#organization\"},\"image\":{\"@id\":\"https:\/\/socialpubli.com\/blog\/es\/ya-esta-aqui-el-festival-of-media-de-latam\/#primaryimage\"},\"thumbnailUrl\":\"https:\/\/socialpubli.com\/blog\/wp-content\/uploads\/2015\/09\/FOMLA.jpg\",\"keywords\":[\"Contenido\",\"Festival of Media\",\"Latinoam\u00e9rica\",\"marketing\",\"medios\"],\"articleSection\":[\"Sobre Nosotros\"],\"inLanguage\":\"es\",\"potentialAction\":[{\"@type\":\"CommentAction\",\"name\":\"Comment\",\"target\":[\"https:\/\/socialpubli.com\/blog\/es\/ya-esta-aqui-el-festival-of-media-de-latam\/#respond\"]}]},{\"@type\":\"WebPage\",\"@id\":\"https:\/\/socialpubli.com\/blog\/es\/ya-esta-aqui-el-festival-of-media-de-latam\/\",\"url\":\"https:\/\/socialpubli.com\/blog\/es\/ya-esta-aqui-el-festival-of-media-de-latam\/\",\"name\":\"\u00a1Ya est\u00e1 aqu\u00ed el Festival of Media de LatAm!\",\"isPartOf\":{\"@id\":\"https:\/\/socialpubli.com\/blog\/#website\"},\"primaryImageOfPage\":{\"@id\":\"https:\/\/socialpubli.com\/blog\/es\/ya-esta-aqui-el-festival-of-media-de-latam\/#primaryimage\"},\"image\":{\"@id\":\"https:\/\/socialpubli.com\/blog\/es\/ya-esta-aqui-el-festival-of-media-de-latam\/#primaryimage\"},\"thumbnailUrl\":\"https:\/\/socialpubli.com\/blog\/wp-content\/uploads\/2015\/09\/FOMLA.jpg\",\"datePublished\":\"2015-09-22T12:03:27+00:00\",\"dateModified\":\"2018-05-28T09:19:58+00:00\",\"description\":\"Ya est\u00e1 aqu\u00ed el Festival of Media, el mayor evento de medios de Latinoam\u00e9rica. Descubre el programa oficial y todas sus novedades. \u00bfTe lo vas a perder?\",\"breadcrumb\":{\"@id\":\"https:\/\/socialpubli.com\/blog\/es\/ya-esta-aqui-el-festival-of-media-de-latam\/#breadcrumb\"},\"inLanguage\":\"es\",\"potentialAction\":[{\"@type\":\"ReadAction\",\"target\":[\"https:\/\/socialpubli.com\/blog\/es\/ya-esta-aqui-el-festival-of-media-de-latam\/\"]}]},{\"@type\":\"ImageObject\",\"inLanguage\":\"es\",\"@id\":\"https:\/\/socialpubli.com\/blog\/es\/ya-esta-aqui-el-festival-of-media-de-latam\/#primaryimage\",\"url\":\"https:\/\/socialpubli.com\/blog\/wp-content\/uploads\/2015\/09\/FOMLA.jpg\",\"contentUrl\":\"https:\/\/socialpubli.com\/blog\/wp-content\/uploads\/2015\/09\/FOMLA.jpg\",\"width\":1773,\"height\":656},{\"@type\":\"BreadcrumbList\",\"@id\":\"https:\/\/socialpubli.com\/blog\/es\/ya-esta-aqui-el-festival-of-media-de-latam\/#breadcrumb\",\"itemListElement\":[{\"@type\":\"ListItem\",\"position\":1,\"name\":\"Portada\",\"item\":\"https:\/\/socialpubli.com\/blog\/\"},{\"@type\":\"ListItem\",\"position\":2,\"name\":\"\u00a1Ya est\u00e1 aqu\u00ed el Festival of Media de LatAm!\"}]},{\"@type\":\"WebSite\",\"@id\":\"https:\/\/socialpubli.com\/blog\/#website\",\"url\":\"https:\/\/socialpubli.com\/blog\/\",\"name\":\"Social Publi Blog\",\"description\":\"Tendencias en marketing de influencers, branded content y estrategia en redes sociales.\",\"publisher\":{\"@id\":\"https:\/\/socialpubli.com\/blog\/#organization\"},\"potentialAction\":[{\"@type\":\"SearchAction\",\"target\":{\"@type\":\"EntryPoint\",\"urlTemplate\":\"https:\/\/socialpubli.com\/blog\/?s={search_term_string}\"},\"query-input\":{\"@type\":\"PropertyValueSpecification\",\"valueRequired\":true,\"valueName\":\"search_term_string\"}}],\"inLanguage\":\"es\"},{\"@type\":\"Organization\",\"@id\":\"https:\/\/socialpubli.com\/blog\/#organization\",\"name\":\"SocialPubli\",\"url\":\"https:\/\/socialpubli.com\/blog\/\",\"logo\":{\"@type\":\"ImageObject\",\"inLanguage\":\"es\",\"@id\":\"https:\/\/socialpubli.com\/blog\/#\/schema\/logo\/image\/\",\"url\":\"https:\/\/socialpubli.com\/blog\/wp-content\/uploads\/2017\/01\/logo-blog.png\",\"contentUrl\":\"https:\/\/socialpubli.com\/blog\/wp-content\/uploads\/2017\/01\/logo-blog.png\",\"width\":284,\"height\":53,\"caption\":\"SocialPubli\"},\"image\":{\"@id\":\"https:\/\/socialpubli.com\/blog\/#\/schema\/logo\/image\/\"}},{\"@type\":\"Person\",\"@id\":\"https:\/\/socialpubli.com\/blog\/#\/schema\/person\/26d7b037bc6b8f6a7086b73d14ce5d63\",\"name\":\"Redacci\u00f3n\",\"image\":{\"@type\":\"ImageObject\",\"inLanguage\":\"es\",\"@id\":\"https:\/\/socialpubli.com\/blog\/#\/schema\/person\/image\/\",\"url\":\"https:\/\/secure.gravatar.com\/avatar\/8eea57b285bdc2d2ad728ea4041506a69ae8e302228a422a8ef819d284c07da2?s=96&d=mm&r=g\",\"contentUrl\":\"https:\/\/secure.gravatar.com\/avatar\/8eea57b285bdc2d2ad728ea4041506a69ae8e302228a422a8ef819d284c07da2?s=96&d=mm&r=g\",\"caption\":\"Redacci\u00f3n\"},\"url\":\"https:\/\/socialpubli.com\/blog\/es\/author\/redaccion\/\"}]}<\/script>\n<!-- \/ Yoast SEO plugin. -->","yoast_head_json":{"title":"\u00a1Ya est\u00e1 aqu\u00ed el Festival of Media de LatAm!","description":"Ya est\u00e1 aqu\u00ed el Festival of Media, el mayor evento de medios de Latinoam\u00e9rica. Descubre el programa oficial y todas sus novedades. \u00bfTe lo vas a perder?","robots":{"index":"index","follow":"follow","max-snippet":"max-snippet:-1","max-image-preview":"max-image-preview:large","max-video-preview":"max-video-preview:-1"},"canonical":"https:\/\/socialpubli.com\/blog\/es\/ya-esta-aqui-el-festival-of-media-de-latam\/","og_locale":"es_ES","og_type":"article","og_title":"\u00a1Ya est\u00e1 aqu\u00ed el Festival of Media de LatAm!","og_description":"Ya est\u00e1 aqu\u00ed el Festival of Media, el mayor evento de medios de Latinoam\u00e9rica. Descubre el programa oficial y todas sus novedades. \u00bfTe lo vas a perder?","og_url":"https:\/\/socialpubli.com\/blog\/es\/ya-esta-aqui-el-festival-of-media-de-latam\/","og_site_name":"Social Publi Blog","article_published_time":"2015-09-22T12:03:27+00:00","article_modified_time":"2018-05-28T09:19:58+00:00","og_image":[{"width":1773,"height":656,"url":"https:\/\/socialpubli.com\/blog\/wp-content\/uploads\/2015\/09\/FOMLA.jpg","type":"image\/jpeg"}],"author":"Redacci\u00f3n","twitter_card":"summary_large_image","twitter_misc":{"Escrito por":"Redacci\u00f3n","Tiempo de lectura":"2 minutos"},"schema":{"@context":"https:\/\/schema.org","@graph":[{"@type":"Article","@id":"https:\/\/socialpubli.com\/blog\/es\/ya-esta-aqui-el-festival-of-media-de-latam\/#article","isPartOf":{"@id":"https:\/\/socialpubli.com\/blog\/es\/ya-esta-aqui-el-festival-of-media-de-latam\/"},"author":{"name":"Redacci\u00f3n","@id":"https:\/\/socialpubli.com\/blog\/#\/schema\/person\/26d7b037bc6b8f6a7086b73d14ce5d63"},"headline":"\u00a1Ya est\u00e1 aqu\u00ed el Festival of Media de LatAm!","datePublished":"2015-09-22T12:03:27+00:00","dateModified":"2018-05-28T09:19:58+00:00","mainEntityOfPage":{"@id":"https:\/\/socialpubli.com\/blog\/es\/ya-esta-aqui-el-festival-of-media-de-latam\/"},"wordCount":460,"commentCount":0,"publisher":{"@id":"https:\/\/socialpubli.com\/blog\/#organization"},"image":{"@id":"https:\/\/socialpubli.com\/blog\/es\/ya-esta-aqui-el-festival-of-media-de-latam\/#primaryimage"},"thumbnailUrl":"https:\/\/socialpubli.com\/blog\/wp-content\/uploads\/2015\/09\/FOMLA.jpg","keywords":["Contenido","Festival of Media","Latinoam\u00e9rica","marketing","medios"],"articleSection":["Sobre Nosotros"],"inLanguage":"es","potentialAction":[{"@type":"CommentAction","name":"Comment","target":["https:\/\/socialpubli.com\/blog\/es\/ya-esta-aqui-el-festival-of-media-de-latam\/#respond"]}]},{"@type":"WebPage","@id":"https:\/\/socialpubli.com\/blog\/es\/ya-esta-aqui-el-festival-of-media-de-latam\/","url":"https:\/\/socialpubli.com\/blog\/es\/ya-esta-aqui-el-festival-of-media-de-latam\/","name":"\u00a1Ya est\u00e1 aqu\u00ed el Festival of Media de LatAm!","isPartOf":{"@id":"https:\/\/socialpubli.com\/blog\/#website"},"primaryImageOfPage":{"@id":"https:\/\/socialpubli.com\/blog\/es\/ya-esta-aqui-el-festival-of-media-de-latam\/#primaryimage"},"image":{"@id":"https:\/\/socialpubli.com\/blog\/es\/ya-esta-aqui-el-festival-of-media-de-latam\/#primaryimage"},"thumbnailUrl":"https:\/\/socialpubli.com\/blog\/wp-content\/uploads\/2015\/09\/FOMLA.jpg","datePublished":"2015-09-22T12:03:27+00:00","dateModified":"2018-05-28T09:19:58+00:00","description":"Ya est\u00e1 aqu\u00ed el Festival of Media, el mayor evento de medios de Latinoam\u00e9rica. Descubre el programa oficial y todas sus novedades. \u00bfTe lo vas a perder?","breadcrumb":{"@id":"https:\/\/socialpubli.com\/blog\/es\/ya-esta-aqui-el-festival-of-media-de-latam\/#breadcrumb"},"inLanguage":"es","potentialAction":[{"@type":"ReadAction","target":["https:\/\/socialpubli.com\/blog\/es\/ya-esta-aqui-el-festival-of-media-de-latam\/"]}]},{"@type":"ImageObject","inLanguage":"es","@id":"https:\/\/socialpubli.com\/blog\/es\/ya-esta-aqui-el-festival-of-media-de-latam\/#primaryimage","url":"https:\/\/socialpubli.com\/blog\/wp-content\/uploads\/2015\/09\/FOMLA.jpg","contentUrl":"https:\/\/socialpubli.com\/blog\/wp-content\/uploads\/2015\/09\/FOMLA.jpg","width":1773,"height":656},{"@type":"BreadcrumbList","@id":"https:\/\/socialpubli.com\/blog\/es\/ya-esta-aqui-el-festival-of-media-de-latam\/#breadcrumb","itemListElement":[{"@type":"ListItem","position":1,"name":"Portada","item":"https:\/\/socialpubli.com\/blog\/"},{"@type":"ListItem","position":2,"name":"\u00a1Ya est\u00e1 aqu\u00ed el Festival of Media de LatAm!"}]},{"@type":"WebSite","@id":"https:\/\/socialpubli.com\/blog\/#website","url":"https:\/\/socialpubli.com\/blog\/","name":"Social Publi Blog","description":"Tendencias en marketing de influencers, branded content y estrategia en redes sociales.","publisher":{"@id":"https:\/\/socialpubli.com\/blog\/#organization"},"potentialAction":[{"@type":"SearchAction","target":{"@type":"EntryPoint","urlTemplate":"https:\/\/socialpubli.com\/blog\/?s={search_term_string}"},"query-input":{"@type":"PropertyValueSpecification","valueRequired":true,"valueName":"search_term_string"}}],"inLanguage":"es"},{"@type":"Organization","@id":"https:\/\/socialpubli.com\/blog\/#organization","name":"SocialPubli","url":"https:\/\/socialpubli.com\/blog\/","logo":{"@type":"ImageObject","inLanguage":"es","@id":"https:\/\/socialpubli.com\/blog\/#\/schema\/logo\/image\/","url":"https:\/\/socialpubli.com\/blog\/wp-content\/uploads\/2017\/01\/logo-blog.png","contentUrl":"https:\/\/socialpubli.com\/blog\/wp-content\/uploads\/2017\/01\/logo-blog.png","width":284,"height":53,"caption":"SocialPubli"},"image":{"@id":"https:\/\/socialpubli.com\/blog\/#\/schema\/logo\/image\/"}},{"@type":"Person","@id":"https:\/\/socialpubli.com\/blog\/#\/schema\/person\/26d7b037bc6b8f6a7086b73d14ce5d63","name":"Redacci\u00f3n","image":{"@type":"ImageObject","inLanguage":"es","@id":"https:\/\/socialpubli.com\/blog\/#\/schema\/person\/image\/","url":"https:\/\/secure.gravatar.com\/avatar\/8eea57b285bdc2d2ad728ea4041506a69ae8e302228a422a8ef819d284c07da2?s=96&d=mm&r=g","contentUrl":"https:\/\/secure.gravatar.com\/avatar\/8eea57b285bdc2d2ad728ea4041506a69ae8e302228a422a8ef819d284c07da2?s=96&d=mm&r=g","caption":"Redacci\u00f3n"},"url":"https:\/\/socialpubli.com\/blog\/es\/author\/redaccion\/"}]}},"_links":{"self":[{"href":"https:\/\/socialpubli.com\/blog\/es\/wp-json\/wp\/v2\/posts\/776","targetHints":{"allow":["GET"]}}],"collection":[{"href":"https:\/\/socialpubli.com\/blog\/es\/wp-json\/wp\/v2\/posts"}],"about":[{"href":"https:\/\/socialpubli.com\/blog\/es\/wp-json\/wp\/v2\/types\/post"}],"author":[{"embeddable":true,"href":"https:\/\/socialpubli.com\/blog\/es\/wp-json\/wp\/v2\/users\/2"}],"replies":[{"embeddable":true,"href":"https:\/\/socialpubli.com\/blog\/es\/wp-json\/wp\/v2\/comments?post=776"}],"version-history":[{"count":11,"href":"https:\/\/socialpubli.com\/blog\/es\/wp-json\/wp\/v2\/posts\/776\/revisions"}],"predecessor-version":[{"id":3531,"href":"https:\/\/socialpubli.com\/blog\/es\/wp-json\/wp\/v2\/posts\/776\/revisions\/3531"}],"wp:featuredmedia":[{"embeddable":true,"href":"https:\/\/socialpubli.com\/blog\/es\/wp-json\/wp\/v2\/media\/778"}],"wp:attachment":[{"href":"https:\/\/socialpubli.com\/blog\/es\/wp-json\/wp\/v2\/media?parent=776"}],"wp:term":[{"taxonomy":"category","embeddable":true,"href":"https:\/\/socialpubli.com\/blog\/es\/wp-json\/wp\/v2\/categories?post=776"},{"taxonomy":"post_tag","embeddable":true,"href":"https:\/\/socialpubli.com\/blog\/es\/wp-json\/wp\/v2\/tags?post=776"}],"curies":[{"name":"wp","href":"https:\/\/api.w.org\/{rel}","templated":true}]}}