{"id":7844,"date":"2020-07-10T09:18:18","date_gmt":"2020-07-10T07:18:18","guid":{"rendered":"https:\/\/socialpubli.com\/blog\/?p=7844"},"modified":"2025-10-07T17:13:13","modified_gmt":"2025-10-07T15:13:13","slug":"los-memes-que-lo-han-petado-este-2020","status":"publish","type":"post","link":"https:\/\/socialpubli.com\/blog\/es\/los-memes-que-lo-han-petado-este-2020\/","title":{"rendered":"Los memes que lo han petado este 2020"},"content":{"rendered":"<p><strong>2020, en general, no est\u00e1 siendo un buen a\u00f1o a nivel global<\/strong>. El 31 de diciembre todos dimos la bienvenida a la nueva d\u00e9cada ilusionados y pensando que ven\u00eda algo genial. Nadie se pod\u00eda esperar que<strong> una pandemia mundial paralizar\u00eda nuestras vidas<\/strong>.<\/p>\n<p>Sin embargo, en un momento tan malo, <strong>hemos sabido encontrar un rayito de luz y buscar motivos para re\u00edr. Y, \u00bfd\u00f3nde?<\/strong> Pues donde siempre, <strong>en las redes sociales<\/strong>. Y en <a href=\"https:\/\/socialpubli.com\/es\" target=\"_blank\" rel=\"noopener noreferrer\">SocialPubli<\/a> hemos querido recuperarlos todos.<\/p>\n<h2>Cuando 2020 cambi\u00f3 todos nuestros planes<\/h2>\n<p>En Mayo, despu\u00e9s de dos meses en casa, muchos se dieron cuenta de lo que el 2020 no era lo que hab\u00edamos imaginado el 1 de enero y que <strong>si ten\u00edamos planes, la vida estaba all\u00ed para cambi\u00e1rnoslos<\/strong>. Y se puso de moda en twitter comparar nuestros planes con lo que en realidad nos ha dado el 2020. Y salieron joyas maravillosas.<\/p>\n<blockquote class=\"twitter-tweet\">\n<p dir=\"ltr\" lang=\"es\">Mis planes El 2020 <a href=\"https:\/\/t.co\/rc7eOq6kXy\">pic.twitter.com\/rc7eOq6kXy<\/a><\/p>\n<p>\u2014 El Profeta (@EiProfeta) <a href=\"https:\/\/twitter.com\/EiProfeta\/status\/1262477526309494785?ref_src=twsrc%5Etfw\">May 18, 2020<\/a><\/p><\/blockquote>\n<p><script async src=\"https:\/\/platform.twitter.com\/widgets.js\" charset=\"utf-8\"><\/script><\/p>\n<blockquote class=\"twitter-tweet\">\n<p dir=\"ltr\" lang=\"en\">my plans 2020 <a href=\"https:\/\/t.co\/lQvnKE1nIZ\">pic.twitter.com\/lQvnKE1nIZ<\/a><\/p>\n<p>\u2014 Isomaeru (@Timainas_) <a href=\"https:\/\/twitter.com\/Timainas_\/status\/1262498718168875018?ref_src=twsrc%5Etfw\">May 18, 2020<\/a><\/p><\/blockquote>\n<p><script async src=\"https:\/\/platform.twitter.com\/widgets.js\" charset=\"utf-8\"><\/script><\/p>\n<blockquote class=\"twitter-tweet\">\n<p dir=\"ltr\" lang=\"en\">mis planes \/ 2020 <a href=\"https:\/\/t.co\/80sHsder96\">pic.twitter.com\/80sHsder96<\/a><\/p>\n<p>\u2014 Javier Calvo &#x1f3f3;&#xfe0f;&#x200d;&#x1f308; (@javviercalvo) <a href=\"https:\/\/twitter.com\/javviercalvo\/status\/1262743350077091841?ref_src=twsrc%5Etfw\">May 19, 2020<\/a><\/p><\/blockquote>\n<p><script async src=\"https:\/\/platform.twitter.com\/widgets.js\" charset=\"utf-8\"><\/script><\/p>\n<blockquote class=\"twitter-tweet\">\n<p dir=\"ltr\" lang=\"en\">mis planes \/ 2020 <a href=\"https:\/\/t.co\/uu4QUE23Gu\">pic.twitter.com\/uu4QUE23Gu<\/a><\/p>\n<p>\u2014 SocialPubli_es (@SocialPubli_es) <a href=\"https:\/\/twitter.com\/SocialPubli_es\/status\/1262842943200690183?ref_src=twsrc%5Etfw\">May 19, 2020<\/a><\/p><\/blockquote>\n<p><script async src=\"https:\/\/platform.twitter.com\/widgets.js\" charset=\"utf-8\"><\/script><\/p>\n<h2>El teletrabajo no es lo que esper\u00e1bamos<\/h2>\n<p>Cuando nos dijeron que \u00edbamos a empezar a trabajar desde casa, se nos iluminaron los ojos: <strong>conciliaci\u00f3n familiar, dormir m\u00e1s, ahorrarse el tiempo de camino al trabajo, poder estar c\u00f3modo trabajando<\/strong>. Todo parec\u00edan ventajas. Pero al igual que con nuestros planes, hemos aprendido que <strong>no todo pod\u00eda ser tan id\u00edlico<\/strong>.<\/p>\n<p>Hay quien ha tenido que sumar a su trabajo la labor de cuidar y entretener a sus hijos. Y no, no es tarea f\u00e1cil.<\/p>\n<blockquote class=\"twitter-tweet\">\n<p dir=\"ltr\" lang=\"es\">El teletrabajo, en la mente de los pol\u00edticos:<br \/>\n&#8211; Ni\u00f1os, por favor, silencio que los papis tenemos que teletrabajar.<br \/>\n&#8211; \u00a1Por supuesto!<br \/>\n&#8211; Muchas gracias por vuestra comprensi\u00f3n.<br \/>\n&#8211; No hay de qu\u00e9. \u00bfOs preparamos un caf\u00e9 mientras teletrabaj\u00e1is, recogemos la casa, o hacemos la comida?<\/p>\n<p>\u2014 Alberto Soler (@asolers) <a href=\"https:\/\/twitter.com\/asolers\/status\/1237295003828998145?ref_src=twsrc%5Etfw\">March 10, 2020<\/a><\/p><\/blockquote>\n<p><script async src=\"https:\/\/platform.twitter.com\/widgets.js\" charset=\"utf-8\"><\/script><\/p>\n<blockquote class=\"twitter-tweet\">\n<p dir=\"ltr\" lang=\"es\">Primera ma\u00f1ana de teletrabajo con 2 ni\u00f1os en casa: calent\u00e1ndome una sopita de murci\u00e9lago y abriendo una lata de pangol\u00edn en escabeche.<\/p>\n<p>\u2014 Usuario Arroba (@Mongolear) <a href=\"https:\/\/twitter.com\/Mongolear\/status\/1237731388490727426?ref_src=twsrc%5Etfw\">March 11, 2020<\/a><\/p><\/blockquote>\n<p><script async src=\"https:\/\/platform.twitter.com\/widgets.js\" charset=\"utf-8\"><\/script><br \/>\nTambi\u00e9n hemos descubierto que<strong> la comodidad puede hacer que luzcamos nuestra peor versi\u00f3n<\/strong>. Y hab\u00eda que tener cuidado, porque a la hora de salir a la calle pod\u00edamos llegar a dar miedo. Y eso que ya est\u00e1bamos avisados.<\/p>\n<blockquote class=\"twitter-tweet\">\n<p dir=\"ltr\" lang=\"es\">Reglas para teletrabajar: No lleves pijama, d\u00fachate, arr\u00e9glate, cuida tu postura corporal, establece horarios y rutinas.<br \/>\nYo al tercer d\u00eda: <a href=\"https:\/\/t.co\/KsSaqU6ky5\">pic.twitter.com\/KsSaqU6ky5<\/a><\/p>\n<p>\u2014 Se\u00f1orita Puri &#x1f3f3;&#xfe0f;&#x200d;&#x1f308; (@SenoritaPuri) <a href=\"https:\/\/twitter.com\/SenoritaPuri\/status\/1238496483818831878?ref_src=twsrc%5Etfw\">March 13, 2020<\/a><\/p><\/blockquote>\n<p><script async src=\"https:\/\/platform.twitter.com\/widgets.js\" charset=\"utf-8\"><\/script><\/p>\n<blockquote class=\"twitter-tweet\">\n<p dir=\"ltr\" lang=\"es\">A los que acced\u00e9is al teletrabajo por primera vez: no es recomendable abrirse la primera cerveza antes de las 12 del mediod\u00eda. Y a las 13.30h se baja a tomar el vermut <a href=\"https:\/\/twitter.com\/hashtag\/INFOCoronavirus?src=hash&amp;ref_src=twsrc%5Etfw\">#INFOCoronavirus<\/a><\/p>\n<p>\u2014 David Garc\u00eda (@srgarcia) <a href=\"https:\/\/twitter.com\/srgarcia\/status\/1237641819682476032?ref_src=twsrc%5Etfw\">March 11, 2020<\/a><\/p><\/blockquote>\n<p><script async src=\"https:\/\/platform.twitter.com\/widgets.js\" charset=\"utf-8\"><\/script><\/p>\n<blockquote class=\"twitter-tweet\">\n<p dir=\"ltr\" lang=\"es\">Un asalariado teletrabajando desde casa<\/p>\n<p>D\u00cdA 1 \/ D\u00cdA 8 <a href=\"https:\/\/t.co\/0oRI2jfPBl\">pic.twitter.com\/0oRI2jfPBl<\/a><\/p>\n<p>\u2014 Un Freelance (@Yo_freelance) <a href=\"https:\/\/twitter.com\/Yo_freelance\/status\/1238403419867615232?ref_src=twsrc%5Etfw\">March 13, 2020<\/a><\/p><\/blockquote>\n<p><script async src=\"https:\/\/platform.twitter.com\/widgets.js\" charset=\"utf-8\"><\/script><\/p>\n<h2>La desescalada, en contenido meme<\/h2>\n<p>Cuando los Gobiernos comenzaron a explicar, all\u00e1 por abril, c\u00f3mo podr\u00edamos ir saliendo de casa y <strong>lo llamaron \u201cdesescalada\u201d, muchos nos quedamos tal que as\u00ed<\/strong>:<\/p>\n<blockquote class=\"twitter-tweet\">\n<p dir=\"ltr\" lang=\"es\">Haciendo c\u00e1lculos de fechas con todo lo que va hablando Pedrito <a href=\"https:\/\/twitter.com\/hashtag\/desescalada?src=hash&amp;ref_src=twsrc%5Etfw\">#desescalada<\/a> <a href=\"https:\/\/t.co\/3LrENbQAiU\">pic.twitter.com\/3LrENbQAiU<\/a><\/p>\n<p>\u2014 Ricardo Botella (@rbot93) <a href=\"https:\/\/twitter.com\/rbot93\/status\/1255169447872155650?ref_src=twsrc%5Etfw\">April 28, 2020<\/a><\/p><\/blockquote>\n<p><script async src=\"https:\/\/platform.twitter.com\/widgets.js\" charset=\"utf-8\"><\/script><br \/>\nPor no hablar de cuando empezamos a intentar entenderla y a <strong>hacer c\u00e1lculos de cu\u00e1ndo podr\u00edamos ver a nuestras familias o tomarnos una cervecita en un bar.<\/strong> Que no os enga\u00f1en, es lo que todos quer\u00edamos. Y entonces nuestra vida fue algo parecido a esto:<\/p>\n<blockquote class=\"twitter-tweet\">\n<p dir=\"ltr\" lang=\"es\">Las fases de la desescalada. <a href=\"https:\/\/t.co\/ReODFKZ0Of\">pic.twitter.com\/ReODFKZ0Of<\/a><\/p>\n<p>\u2014 Olal\u00e1 de fua (@olaladefua) <a href=\"https:\/\/twitter.com\/olaladefua\/status\/1255175720055246849?ref_src=twsrc%5Etfw\">April 28, 2020<\/a><\/p><\/blockquote>\n<p><script async src=\"https:\/\/platform.twitter.com\/widgets.js\" charset=\"utf-8\"><\/script><\/p>\n<blockquote class=\"twitter-tweet\">\n<p dir=\"ltr\" lang=\"es\">Yo intentado entender las fases de desescalada.<a href=\"https:\/\/twitter.com\/hashtag\/NuevaNormalidad?src=hash&amp;ref_src=twsrc%5Etfw\">#NuevaNormalidad<\/a> <a href=\"https:\/\/t.co\/jSr6wHOqzI\">pic.twitter.com\/jSr6wHOqzI<\/a><\/p>\n<p>\u2014 Javier Dur\u00e1n (@tortondo) <a href=\"https:\/\/twitter.com\/tortondo\/status\/1255174206276407296?ref_src=twsrc%5Etfw\">April 28, 2020<\/a><\/p><\/blockquote>\n<p><script async src=\"https:\/\/platform.twitter.com\/widgets.js\" charset=\"utf-8\"><\/script><\/p>\n<h2>La televisi\u00f3n, fuente de inspiraci\u00f3n<\/h2>\n<p>Si tenemos que decidir <strong>cu\u00e1l ha sido el boom televisivo de 2020<\/strong>, aunque ahora parezca muy lejano, ser\u00eda <strong>\u2018La Isla de las Tentaciones\u2019.<\/strong> Fue en s\u00ed una f\u00e1brica de memes y no pod\u00edamos olvidarnos de ellos en este resumen de la primera mitad del 2020.<\/p>\n<p>El tri\u00e1ngulo amoroso <strong>Fani-Cristopher-Rub\u00e9n fue oro puro<\/strong>:<\/p>\n<blockquote class=\"twitter-tweet\">\n<p dir=\"ltr\" lang=\"es\">Fani: me dijiste que yo era la \u00fanica<\/p>\n<p>Rub\u00e9n: la \u00fanica dentro de la isla<a href=\"https:\/\/twitter.com\/hashtag\/LaIsla6mesesDespu%C3%A9s?src=hash&amp;ref_src=twsrc%5Etfw\">#LaIsla6mesesDespu\u00e9s<\/a> <a href=\"https:\/\/t.co\/GEbrQcjcI7\">pic.twitter.com\/GEbrQcjcI7<\/a><\/p>\n<p>\u2014 karry (@karry3275) <a href=\"https:\/\/twitter.com\/karry3275\/status\/1228099368445718528?ref_src=twsrc%5Etfw\">February 13, 2020<\/a><\/p><\/blockquote>\n<p><script async src=\"https:\/\/platform.twitter.com\/widgets.js\" charset=\"utf-8\"><\/script><\/p>\n<blockquote class=\"twitter-tweet\">\n<p dir=\"ltr\" lang=\"es\">Espa\u00f1a cuando ve que Rub\u00e9n se va sin Fani\/ Espa\u00f1a cuando ve que Cristofer ha decidido perdonarla y volver con ella.<a href=\"https:\/\/twitter.com\/hashtag\/LaIsla6mesesDespu%C3%A9s?src=hash&amp;ref_src=twsrc%5Etfw\">#LaIsla6mesesDespu\u00e9s<\/a> <a href=\"https:\/\/t.co\/TwKQXumiXl\">pic.twitter.com\/TwKQXumiXl<\/a><\/p>\n<p>\u2014 AlexGv (@alexgv_10) <a href=\"https:\/\/twitter.com\/alexgv_10\/status\/1228101716018696192?ref_src=twsrc%5Etfw\">February 13, 2020<\/a><\/p><\/blockquote>\n<p><script async src=\"https:\/\/platform.twitter.com\/widgets.js\" charset=\"utf-8\"><\/script><\/p>\n<p>Tanto, que se estudiar\u00e1 en los libros de historia:<\/p>\n<blockquote class=\"twitter-tweet\">\n<p dir=\"ltr\" lang=\"es\">Selectividad, a\u00f1o 2054. Historia de Espa\u00f1a. Comente la siguiente imagen <a href=\"https:\/\/twitter.com\/hashtag\/LaIsla6MesesDespues?src=hash&amp;ref_src=twsrc%5Etfw\">#LaIsla6MesesDespues<\/a> <a href=\"https:\/\/t.co\/BMYQYlSmUc\">pic.twitter.com\/BMYQYlSmUc<\/a><\/p>\n<p>\u2014 Vir (@queeeenv) <a href=\"https:\/\/twitter.com\/queeeenv\/status\/1228097418874494976?ref_src=twsrc%5Etfw\">February 13, 2020<\/a><\/p><\/blockquote>\n<p><script async src=\"https:\/\/platform.twitter.com\/widgets.js\" charset=\"utf-8\"><\/script><br \/>\nNo s\u00e9 vosotros, pero yo jam\u00e1s olvidar\u00e9 la frase: \u201chay m\u00e1s im\u00e1genes para ti\u201d.<\/p>\n<p>Y si hay un lugar donde tambi\u00e9n se generan memes es en las <strong>galas de premios<\/strong>. En Espa\u00f1a, la famosa gala de los Goya siempre nos deja contenido y este a\u00f1o no iba a ser menos.<\/p>\n<blockquote class=\"twitter-tweet\">\n<p dir=\"ltr\" lang=\"es\">Yo a finales de mes despu\u00e9s de ver mi cuenta bancaria <a href=\"https:\/\/twitter.com\/hashtag\/Goya2020?src=hash&amp;ref_src=twsrc%5Etfw\">#Goya2020<\/a> <a href=\"https:\/\/t.co\/1elFsknMCx\">pic.twitter.com\/1elFsknMCx<\/a><\/p>\n<p>\u2014 Alexsinos (@alexsinos) <a href=\"https:\/\/twitter.com\/alexsinos\/status\/1221184084610822145?ref_src=twsrc%5Etfw\">January 25, 2020<\/a><\/p><\/blockquote>\n<p><script async src=\"https:\/\/platform.twitter.com\/widgets.js\" charset=\"utf-8\"><\/script><\/p>\n<blockquote class=\"twitter-tweet\">\n<p dir=\"ltr\" lang=\"es\">Ojal\u00e1 alguien tuviera el chichi de oro de decir: \u00abY el Goya es para&#8230; ESTEFANIIIIIAAAAAAA\u00bb.<a href=\"https:\/\/twitter.com\/hashtag\/Goya2020?src=hash&amp;ref_src=twsrc%5Etfw\">#Goya2020<\/a><\/p>\n<p>\u2014 Henar \u00c1lvarez (@henarconh) <a href=\"https:\/\/twitter.com\/henarconh\/status\/1221196251087228933?ref_src=twsrc%5Etfw\">January 25, 2020<\/a><\/p><\/blockquote>\n<p><script async src=\"https:\/\/platform.twitter.com\/widgets.js\" charset=\"utf-8\"><\/script><\/p>\n<p>Si otros a\u00f1os lo ten\u00edamos muy claro, este se ha hecho m\u00e1s que evidente: <strong>los memes son necesarios y han venido aqu\u00ed para quedarse<\/strong>. En mitad de una pandemia hemos conseguido re\u00edr gracias a ellos y <strong>encontrar un punto de positividad<\/strong>.<\/p>\n","protected":false},"excerpt":{"rendered":"<p>2020, en general, no est\u00e1 siendo un buen a\u00f1o a nivel global. El 31 de diciembre todos dimos la bienvenida a la nueva d\u00e9cada ilusionados y pensando que ven\u00eda algo genial. Nadie se pod\u00eda esperar que una pandemia mundial paralizar\u00eda nuestras vidas. Sin embargo, en un momento tan malo, hemos sabido encontrar un rayito de [&hellip;]<\/p>\n","protected":false},"author":2,"featured_media":7853,"comment_status":"closed","ping_status":"closed","sticky":false,"template":"","format":"standard","meta":{"footnotes":""},"categories":[16],"tags":[534,455,533,26],"class_list":["post-7844","post","type-post","status-publish","format-standard","has-post-thumbnail","hentry","category-redes-sociales","tag-534","tag-coronavirus","tag-memes","tag-twitter"],"yoast_head":"<!-- This site is optimized with the Yoast SEO plugin v27.0 - https:\/\/yoast.com\/product\/yoast-seo-wordpress\/ -->\n<title>Los memes que lo han petado este 2020 | SocialPubli Blog<\/title>\n<meta name=\"description\" content=\"Los memes nos alegran la vida, especialmente en tiempos dif\u00edciles. En un a\u00f1o tan complicado como 2020, los memes se convirtieron en nuestro escape. \u00a1Qu\u00e9 risa!\" \/>\n<meta name=\"robots\" content=\"index, follow, max-snippet:-1, max-image-preview:large, max-video-preview:-1\" \/>\n<link rel=\"canonical\" href=\"https:\/\/socialpubli.com\/blog\/es\/los-memes-que-lo-han-petado-este-2020\/\" \/>\n<meta property=\"og:locale\" content=\"es_ES\" \/>\n<meta property=\"og:type\" content=\"article\" \/>\n<meta property=\"og:title\" content=\"Los memes que lo han petado este 2020 | SocialPubli Blog\" \/>\n<meta property=\"og:description\" content=\"Los memes nos alegran la vida, especialmente en tiempos dif\u00edciles. En un a\u00f1o tan complicado como 2020, los memes se convirtieron en nuestro escape. \u00a1Qu\u00e9 risa!\" \/>\n<meta property=\"og:url\" content=\"https:\/\/socialpubli.com\/blog\/es\/los-memes-que-lo-han-petado-este-2020\/\" \/>\n<meta property=\"og:site_name\" content=\"Social Publi Blog\" \/>\n<meta property=\"article:published_time\" content=\"2020-07-10T07:18:18+00:00\" \/>\n<meta property=\"article:modified_time\" content=\"2025-10-07T15:13:13+00:00\" \/>\n<meta property=\"og:image\" content=\"https:\/\/socialpubli.com\/blog\/wp-content\/uploads\/2020\/07\/2597366.jpg\" \/>\n\t<meta property=\"og:image:width\" content=\"700\" \/>\n\t<meta property=\"og:image:height\" content=\"250\" \/>\n\t<meta property=\"og:image:type\" content=\"image\/jpeg\" \/>\n<meta name=\"author\" content=\"Redacci\u00f3n\" \/>\n<meta name=\"twitter:card\" content=\"summary_large_image\" \/>\n<meta name=\"twitter:label1\" content=\"Escrito por\" \/>\n\t<meta name=\"twitter:data1\" content=\"Redacci\u00f3n\" \/>\n\t<meta name=\"twitter:label2\" content=\"Tiempo de lectura\" \/>\n\t<meta name=\"twitter:data2\" content=\"3 minutos\" \/>\n<script type=\"application\/ld+json\" class=\"yoast-schema-graph\">{\"@context\":\"https:\/\/schema.org\",\"@graph\":[{\"@type\":\"Article\",\"@id\":\"https:\/\/socialpubli.com\/blog\/es\/los-memes-que-lo-han-petado-este-2020\/#article\",\"isPartOf\":{\"@id\":\"https:\/\/socialpubli.com\/blog\/es\/los-memes-que-lo-han-petado-este-2020\/\"},\"author\":{\"name\":\"Redacci\u00f3n\",\"@id\":\"https:\/\/socialpubli.com\/blog\/#\/schema\/person\/26d7b037bc6b8f6a7086b73d14ce5d63\"},\"headline\":\"Los memes que lo han petado este 2020\",\"datePublished\":\"2020-07-10T07:18:18+00:00\",\"dateModified\":\"2025-10-07T15:13:13+00:00\",\"mainEntityOfPage\":{\"@id\":\"https:\/\/socialpubli.com\/blog\/es\/los-memes-que-lo-han-petado-este-2020\/\"},\"wordCount\":957,\"publisher\":{\"@id\":\"https:\/\/socialpubli.com\/blog\/#organization\"},\"image\":{\"@id\":\"https:\/\/socialpubli.com\/blog\/es\/los-memes-que-lo-han-petado-este-2020\/#primaryimage\"},\"thumbnailUrl\":\"https:\/\/socialpubli.com\/blog\/wp-content\/uploads\/2020\/07\/2597366.jpg\",\"keywords\":[\"2020\",\"coronavirus\",\"memes\",\"twitter\"],\"articleSection\":[\"Redes Sociales\"],\"inLanguage\":\"es\"},{\"@type\":\"WebPage\",\"@id\":\"https:\/\/socialpubli.com\/blog\/es\/los-memes-que-lo-han-petado-este-2020\/\",\"url\":\"https:\/\/socialpubli.com\/blog\/es\/los-memes-que-lo-han-petado-este-2020\/\",\"name\":\"Los memes que lo han petado este 2020 | SocialPubli Blog\",\"isPartOf\":{\"@id\":\"https:\/\/socialpubli.com\/blog\/#website\"},\"primaryImageOfPage\":{\"@id\":\"https:\/\/socialpubli.com\/blog\/es\/los-memes-que-lo-han-petado-este-2020\/#primaryimage\"},\"image\":{\"@id\":\"https:\/\/socialpubli.com\/blog\/es\/los-memes-que-lo-han-petado-este-2020\/#primaryimage\"},\"thumbnailUrl\":\"https:\/\/socialpubli.com\/blog\/wp-content\/uploads\/2020\/07\/2597366.jpg\",\"datePublished\":\"2020-07-10T07:18:18+00:00\",\"dateModified\":\"2025-10-07T15:13:13+00:00\",\"description\":\"Los memes nos alegran la vida, especialmente en tiempos dif\u00edciles. En un a\u00f1o tan complicado como 2020, los memes se convirtieron en nuestro escape. \u00a1Qu\u00e9 risa!\",\"breadcrumb\":{\"@id\":\"https:\/\/socialpubli.com\/blog\/es\/los-memes-que-lo-han-petado-este-2020\/#breadcrumb\"},\"inLanguage\":\"es\",\"potentialAction\":[{\"@type\":\"ReadAction\",\"target\":[\"https:\/\/socialpubli.com\/blog\/es\/los-memes-que-lo-han-petado-este-2020\/\"]}]},{\"@type\":\"ImageObject\",\"inLanguage\":\"es\",\"@id\":\"https:\/\/socialpubli.com\/blog\/es\/los-memes-que-lo-han-petado-este-2020\/#primaryimage\",\"url\":\"https:\/\/socialpubli.com\/blog\/wp-content\/uploads\/2020\/07\/2597366.jpg\",\"contentUrl\":\"https:\/\/socialpubli.com\/blog\/wp-content\/uploads\/2020\/07\/2597366.jpg\",\"width\":700,\"height\":250,\"caption\":\"Los memes que nos han alegrado la vida en 2020.\"},{\"@type\":\"BreadcrumbList\",\"@id\":\"https:\/\/socialpubli.com\/blog\/es\/los-memes-que-lo-han-petado-este-2020\/#breadcrumb\",\"itemListElement\":[{\"@type\":\"ListItem\",\"position\":1,\"name\":\"Portada\",\"item\":\"https:\/\/socialpubli.com\/blog\/\"},{\"@type\":\"ListItem\",\"position\":2,\"name\":\"Los memes que lo han petado este 2020\"}]},{\"@type\":\"WebSite\",\"@id\":\"https:\/\/socialpubli.com\/blog\/#website\",\"url\":\"https:\/\/socialpubli.com\/blog\/\",\"name\":\"Social Publi Blog\",\"description\":\"Tendencias en marketing de influencers, branded content y estrategia en redes sociales.\",\"publisher\":{\"@id\":\"https:\/\/socialpubli.com\/blog\/#organization\"},\"potentialAction\":[{\"@type\":\"SearchAction\",\"target\":{\"@type\":\"EntryPoint\",\"urlTemplate\":\"https:\/\/socialpubli.com\/blog\/?s={search_term_string}\"},\"query-input\":{\"@type\":\"PropertyValueSpecification\",\"valueRequired\":true,\"valueName\":\"search_term_string\"}}],\"inLanguage\":\"es\"},{\"@type\":\"Organization\",\"@id\":\"https:\/\/socialpubli.com\/blog\/#organization\",\"name\":\"SocialPubli\",\"url\":\"https:\/\/socialpubli.com\/blog\/\",\"logo\":{\"@type\":\"ImageObject\",\"inLanguage\":\"es\",\"@id\":\"https:\/\/socialpubli.com\/blog\/#\/schema\/logo\/image\/\",\"url\":\"https:\/\/socialpubli.com\/blog\/wp-content\/uploads\/2017\/01\/logo-blog.png\",\"contentUrl\":\"https:\/\/socialpubli.com\/blog\/wp-content\/uploads\/2017\/01\/logo-blog.png\",\"width\":284,\"height\":53,\"caption\":\"SocialPubli\"},\"image\":{\"@id\":\"https:\/\/socialpubli.com\/blog\/#\/schema\/logo\/image\/\"}},{\"@type\":\"Person\",\"@id\":\"https:\/\/socialpubli.com\/blog\/#\/schema\/person\/26d7b037bc6b8f6a7086b73d14ce5d63\",\"name\":\"Redacci\u00f3n\",\"image\":{\"@type\":\"ImageObject\",\"inLanguage\":\"es\",\"@id\":\"https:\/\/socialpubli.com\/blog\/#\/schema\/person\/image\/\",\"url\":\"https:\/\/secure.gravatar.com\/avatar\/8eea57b285bdc2d2ad728ea4041506a69ae8e302228a422a8ef819d284c07da2?s=96&d=mm&r=g\",\"contentUrl\":\"https:\/\/secure.gravatar.com\/avatar\/8eea57b285bdc2d2ad728ea4041506a69ae8e302228a422a8ef819d284c07da2?s=96&d=mm&r=g\",\"caption\":\"Redacci\u00f3n\"},\"url\":\"https:\/\/socialpubli.com\/blog\/es\/author\/redaccion\/\"}]}<\/script>\n<!-- \/ Yoast SEO plugin. -->","yoast_head_json":{"title":"Los memes que lo han petado este 2020 | SocialPubli Blog","description":"Los memes nos alegran la vida, especialmente en tiempos dif\u00edciles. En un a\u00f1o tan complicado como 2020, los memes se convirtieron en nuestro escape. \u00a1Qu\u00e9 risa!","robots":{"index":"index","follow":"follow","max-snippet":"max-snippet:-1","max-image-preview":"max-image-preview:large","max-video-preview":"max-video-preview:-1"},"canonical":"https:\/\/socialpubli.com\/blog\/es\/los-memes-que-lo-han-petado-este-2020\/","og_locale":"es_ES","og_type":"article","og_title":"Los memes que lo han petado este 2020 | SocialPubli Blog","og_description":"Los memes nos alegran la vida, especialmente en tiempos dif\u00edciles. En un a\u00f1o tan complicado como 2020, los memes se convirtieron en nuestro escape. \u00a1Qu\u00e9 risa!","og_url":"https:\/\/socialpubli.com\/blog\/es\/los-memes-que-lo-han-petado-este-2020\/","og_site_name":"Social Publi Blog","article_published_time":"2020-07-10T07:18:18+00:00","article_modified_time":"2025-10-07T15:13:13+00:00","og_image":[{"width":700,"height":250,"url":"https:\/\/socialpubli.com\/blog\/wp-content\/uploads\/2020\/07\/2597366.jpg","type":"image\/jpeg"}],"author":"Redacci\u00f3n","twitter_card":"summary_large_image","twitter_misc":{"Escrito por":"Redacci\u00f3n","Tiempo de lectura":"3 minutos"},"schema":{"@context":"https:\/\/schema.org","@graph":[{"@type":"Article","@id":"https:\/\/socialpubli.com\/blog\/es\/los-memes-que-lo-han-petado-este-2020\/#article","isPartOf":{"@id":"https:\/\/socialpubli.com\/blog\/es\/los-memes-que-lo-han-petado-este-2020\/"},"author":{"name":"Redacci\u00f3n","@id":"https:\/\/socialpubli.com\/blog\/#\/schema\/person\/26d7b037bc6b8f6a7086b73d14ce5d63"},"headline":"Los memes que lo han petado este 2020","datePublished":"2020-07-10T07:18:18+00:00","dateModified":"2025-10-07T15:13:13+00:00","mainEntityOfPage":{"@id":"https:\/\/socialpubli.com\/blog\/es\/los-memes-que-lo-han-petado-este-2020\/"},"wordCount":957,"publisher":{"@id":"https:\/\/socialpubli.com\/blog\/#organization"},"image":{"@id":"https:\/\/socialpubli.com\/blog\/es\/los-memes-que-lo-han-petado-este-2020\/#primaryimage"},"thumbnailUrl":"https:\/\/socialpubli.com\/blog\/wp-content\/uploads\/2020\/07\/2597366.jpg","keywords":["2020","coronavirus","memes","twitter"],"articleSection":["Redes Sociales"],"inLanguage":"es"},{"@type":"WebPage","@id":"https:\/\/socialpubli.com\/blog\/es\/los-memes-que-lo-han-petado-este-2020\/","url":"https:\/\/socialpubli.com\/blog\/es\/los-memes-que-lo-han-petado-este-2020\/","name":"Los memes que lo han petado este 2020 | SocialPubli Blog","isPartOf":{"@id":"https:\/\/socialpubli.com\/blog\/#website"},"primaryImageOfPage":{"@id":"https:\/\/socialpubli.com\/blog\/es\/los-memes-que-lo-han-petado-este-2020\/#primaryimage"},"image":{"@id":"https:\/\/socialpubli.com\/blog\/es\/los-memes-que-lo-han-petado-este-2020\/#primaryimage"},"thumbnailUrl":"https:\/\/socialpubli.com\/blog\/wp-content\/uploads\/2020\/07\/2597366.jpg","datePublished":"2020-07-10T07:18:18+00:00","dateModified":"2025-10-07T15:13:13+00:00","description":"Los memes nos alegran la vida, especialmente en tiempos dif\u00edciles. En un a\u00f1o tan complicado como 2020, los memes se convirtieron en nuestro escape. \u00a1Qu\u00e9 risa!","breadcrumb":{"@id":"https:\/\/socialpubli.com\/blog\/es\/los-memes-que-lo-han-petado-este-2020\/#breadcrumb"},"inLanguage":"es","potentialAction":[{"@type":"ReadAction","target":["https:\/\/socialpubli.com\/blog\/es\/los-memes-que-lo-han-petado-este-2020\/"]}]},{"@type":"ImageObject","inLanguage":"es","@id":"https:\/\/socialpubli.com\/blog\/es\/los-memes-que-lo-han-petado-este-2020\/#primaryimage","url":"https:\/\/socialpubli.com\/blog\/wp-content\/uploads\/2020\/07\/2597366.jpg","contentUrl":"https:\/\/socialpubli.com\/blog\/wp-content\/uploads\/2020\/07\/2597366.jpg","width":700,"height":250,"caption":"Los memes que nos han alegrado la vida en 2020."},{"@type":"BreadcrumbList","@id":"https:\/\/socialpubli.com\/blog\/es\/los-memes-que-lo-han-petado-este-2020\/#breadcrumb","itemListElement":[{"@type":"ListItem","position":1,"name":"Portada","item":"https:\/\/socialpubli.com\/blog\/"},{"@type":"ListItem","position":2,"name":"Los memes que lo han petado este 2020"}]},{"@type":"WebSite","@id":"https:\/\/socialpubli.com\/blog\/#website","url":"https:\/\/socialpubli.com\/blog\/","name":"Social Publi Blog","description":"Tendencias en marketing de influencers, branded content y estrategia en redes sociales.","publisher":{"@id":"https:\/\/socialpubli.com\/blog\/#organization"},"potentialAction":[{"@type":"SearchAction","target":{"@type":"EntryPoint","urlTemplate":"https:\/\/socialpubli.com\/blog\/?s={search_term_string}"},"query-input":{"@type":"PropertyValueSpecification","valueRequired":true,"valueName":"search_term_string"}}],"inLanguage":"es"},{"@type":"Organization","@id":"https:\/\/socialpubli.com\/blog\/#organization","name":"SocialPubli","url":"https:\/\/socialpubli.com\/blog\/","logo":{"@type":"ImageObject","inLanguage":"es","@id":"https:\/\/socialpubli.com\/blog\/#\/schema\/logo\/image\/","url":"https:\/\/socialpubli.com\/blog\/wp-content\/uploads\/2017\/01\/logo-blog.png","contentUrl":"https:\/\/socialpubli.com\/blog\/wp-content\/uploads\/2017\/01\/logo-blog.png","width":284,"height":53,"caption":"SocialPubli"},"image":{"@id":"https:\/\/socialpubli.com\/blog\/#\/schema\/logo\/image\/"}},{"@type":"Person","@id":"https:\/\/socialpubli.com\/blog\/#\/schema\/person\/26d7b037bc6b8f6a7086b73d14ce5d63","name":"Redacci\u00f3n","image":{"@type":"ImageObject","inLanguage":"es","@id":"https:\/\/socialpubli.com\/blog\/#\/schema\/person\/image\/","url":"https:\/\/secure.gravatar.com\/avatar\/8eea57b285bdc2d2ad728ea4041506a69ae8e302228a422a8ef819d284c07da2?s=96&d=mm&r=g","contentUrl":"https:\/\/secure.gravatar.com\/avatar\/8eea57b285bdc2d2ad728ea4041506a69ae8e302228a422a8ef819d284c07da2?s=96&d=mm&r=g","caption":"Redacci\u00f3n"},"url":"https:\/\/socialpubli.com\/blog\/es\/author\/redaccion\/"}]}},"_links":{"self":[{"href":"https:\/\/socialpubli.com\/blog\/es\/wp-json\/wp\/v2\/posts\/7844","targetHints":{"allow":["GET"]}}],"collection":[{"href":"https:\/\/socialpubli.com\/blog\/es\/wp-json\/wp\/v2\/posts"}],"about":[{"href":"https:\/\/socialpubli.com\/blog\/es\/wp-json\/wp\/v2\/types\/post"}],"author":[{"embeddable":true,"href":"https:\/\/socialpubli.com\/blog\/es\/wp-json\/wp\/v2\/users\/2"}],"replies":[{"embeddable":true,"href":"https:\/\/socialpubli.com\/blog\/es\/wp-json\/wp\/v2\/comments?post=7844"}],"version-history":[{"count":6,"href":"https:\/\/socialpubli.com\/blog\/es\/wp-json\/wp\/v2\/posts\/7844\/revisions"}],"predecessor-version":[{"id":7852,"href":"https:\/\/socialpubli.com\/blog\/es\/wp-json\/wp\/v2\/posts\/7844\/revisions\/7852"}],"wp:featuredmedia":[{"embeddable":true,"href":"https:\/\/socialpubli.com\/blog\/es\/wp-json\/wp\/v2\/media\/7853"}],"wp:attachment":[{"href":"https:\/\/socialpubli.com\/blog\/es\/wp-json\/wp\/v2\/media?parent=7844"}],"wp:term":[{"taxonomy":"category","embeddable":true,"href":"https:\/\/socialpubli.com\/blog\/es\/wp-json\/wp\/v2\/categories?post=7844"},{"taxonomy":"post_tag","embeddable":true,"href":"https:\/\/socialpubli.com\/blog\/es\/wp-json\/wp\/v2\/tags?post=7844"}],"curies":[{"name":"wp","href":"https:\/\/api.w.org\/{rel}","templated":true}]}}