{"id":937,"date":"2015-11-02T18:52:50","date_gmt":"2015-11-02T16:52:50","guid":{"rendered":"https:\/\/socialpubli.com\/news\/?p=937"},"modified":"2025-09-03T12:19:16","modified_gmt":"2025-09-03T10:19:16","slug":"esta-semana-nos-vemos-en-web-summit","status":"publish","type":"post","link":"https:\/\/socialpubli.com\/blog\/es\/esta-semana-nos-vemos-en-web-summit\/","title":{"rendered":"\u00a1Esta semana nos vemos en Web Summit!"},"content":{"rendered":"<p>Esta semana <strong>Dubl\u00edn se llena de techies y talentos gracias a uno de los eventos de tecnolog\u00eda m\u00e1s esperados del a\u00f1o: <a href=\"https:\/\/websummit.net\/\" target=\"_blank\" rel=\"noopener\">Web Summit<\/a>.<\/strong> \u00bfY sab\u00e9is qu\u00e9? \u00a1SocialPubli.com estar\u00e1 all\u00ed!<\/p>\n<p>\u00a1As\u00ed es! <strong>Vamos a estar en el evento de tecnolog\u00eda de internet m\u00e1s grande de Europa<\/strong>, presentando nuestro trabajo a m\u00e1s de 30.000 asistentes, entre los que se encuentran los fundadores de empresas tan importantes como Instagram, con Mike Krieger o Ed Catmull de Pixar &amp; Disney Animation.<\/p>\n<p>Adem\u00e1s, la capital, conocida como la tierra de los tr\u00e9boles de la suerte, une a un gran n\u00famero de CEOs y miembros de diferentes startups repartidas por todo el mundo, para <strong>compartir sus proyectos y experiencias con sus compa\u00f1eros del sector.<\/strong><\/p>\n<p>La celebraci\u00f3n de este evento empez\u00f3 en el a\u00f1o 2010 y esta es la primera vez que acuden empresas de Espa\u00f1a a la conferencia, entre ellas nosotros.<\/p>\n<p>\u00bfQu\u00e9 os parece? Estamos tan contentos que no podemos dejar de <strong>agradecer que form\u00e9is parte de esta plataforma que pone en contacto a anunciantes con influencers<\/strong>, porque todos somos parte de esto.<\/p>\n<p>As\u00ed que\u2026 \u00a1Nos vemos en Web Summit!<\/p>\n","protected":false},"excerpt":{"rendered":"<p>Esta semana Dubl\u00edn se llena de techies y talentos gracias a uno de los eventos de tecnolog\u00eda m\u00e1s esperados del a\u00f1o: Web Summit. \u00bfY sab\u00e9is qu\u00e9? \u00a1SocialPubli.com estar\u00e1 all\u00ed! \u00a1As\u00ed es! Vamos a estar en el evento de tecnolog\u00eda de internet m\u00e1s grande de Europa, presentando nuestro trabajo a m\u00e1s de 30.000 asistentes, entre los [&hellip;]<\/p>\n","protected":false},"author":2,"featured_media":939,"comment_status":"closed","ping_status":"closed","sticky":false,"template":"","format":"standard","meta":{"footnotes":""},"categories":[236],"tags":[86,76],"class_list":["post-937","post","type-post","status-publish","format-standard","has-post-thumbnail","hentry","category-socialpubli","tag-marketing","tag-tecnologia"],"yoast_head":"<!-- This site is optimized with the Yoast SEO plugin v27.0 - https:\/\/yoast.com\/product\/yoast-seo-wordpress\/ -->\n<title>\u00a1Nos vemos en Web Summit esta semana! | SocialPubli Blog<\/title>\n<meta name=\"description\" content=\"Ma\u00f1ana empieza el evento de tecnolog\u00eda de internet m\u00e1s grande de Europa y nosotros vamos a estar all\u00ed. \u00a1Esta semana nos vemos en Web Summit! No faltes.\" \/>\n<meta name=\"robots\" content=\"index, follow, max-snippet:-1, max-image-preview:large, max-video-preview:-1\" \/>\n<link rel=\"canonical\" href=\"https:\/\/socialpubli.com\/blog\/es\/esta-semana-nos-vemos-en-web-summit\/\" \/>\n<meta property=\"og:locale\" content=\"es_ES\" \/>\n<meta property=\"og:type\" content=\"article\" \/>\n<meta property=\"og:title\" content=\"\u00a1Nos vemos en Web Summit esta semana! | SocialPubli Blog\" \/>\n<meta property=\"og:description\" content=\"Ma\u00f1ana empieza el evento de tecnolog\u00eda de internet m\u00e1s grande de Europa y nosotros vamos a estar all\u00ed. \u00a1Esta semana nos vemos en Web Summit! No faltes.\" \/>\n<meta property=\"og:url\" content=\"https:\/\/socialpubli.com\/blog\/es\/esta-semana-nos-vemos-en-web-summit\/\" \/>\n<meta property=\"og:site_name\" content=\"Social Publi Blog\" \/>\n<meta property=\"article:published_time\" content=\"2015-11-02T16:52:50+00:00\" \/>\n<meta property=\"article:modified_time\" content=\"2025-09-03T10:19:16+00:00\" \/>\n<meta property=\"og:image\" content=\"https:\/\/socialpubli.com\/blog\/wp-content\/uploads\/2015\/11\/WebSummit-Logo.png\" \/>\n\t<meta property=\"og:image:width\" content=\"623\" \/>\n\t<meta property=\"og:image:height\" content=\"361\" \/>\n\t<meta property=\"og:image:type\" content=\"image\/png\" \/>\n<meta name=\"author\" content=\"Redacci\u00f3n\" \/>\n<meta name=\"twitter:card\" content=\"summary_large_image\" \/>\n<meta name=\"twitter:label1\" content=\"Escrito por\" \/>\n\t<meta name=\"twitter:data1\" content=\"Redacci\u00f3n\" \/>\n\t<meta name=\"twitter:label2\" content=\"Tiempo de lectura\" \/>\n\t<meta name=\"twitter:data2\" content=\"2 minutos\" \/>\n<script type=\"application\/ld+json\" class=\"yoast-schema-graph\">{\"@context\":\"https:\/\/schema.org\",\"@graph\":[{\"@type\":\"Article\",\"@id\":\"https:\/\/socialpubli.com\/blog\/es\/esta-semana-nos-vemos-en-web-summit\/#article\",\"isPartOf\":{\"@id\":\"https:\/\/socialpubli.com\/blog\/es\/esta-semana-nos-vemos-en-web-summit\/\"},\"author\":{\"name\":\"Redacci\u00f3n\",\"@id\":\"https:\/\/socialpubli.com\/blog\/#\/schema\/person\/26d7b037bc6b8f6a7086b73d14ce5d63\"},\"headline\":\"\u00a1Esta semana nos vemos en Web Summit!\",\"datePublished\":\"2015-11-02T16:52:50+00:00\",\"dateModified\":\"2025-09-03T10:19:16+00:00\",\"mainEntityOfPage\":{\"@id\":\"https:\/\/socialpubli.com\/blog\/es\/esta-semana-nos-vemos-en-web-summit\/\"},\"wordCount\":206,\"publisher\":{\"@id\":\"https:\/\/socialpubli.com\/blog\/#organization\"},\"image\":{\"@id\":\"https:\/\/socialpubli.com\/blog\/es\/esta-semana-nos-vemos-en-web-summit\/#primaryimage\"},\"thumbnailUrl\":\"https:\/\/socialpubli.com\/blog\/wp-content\/uploads\/2015\/11\/WebSummit-Logo.png\",\"keywords\":[\"marketing\",\"Tecnolog\u00eda\"],\"articleSection\":[\"Sobre Nosotros\"],\"inLanguage\":\"es\"},{\"@type\":\"WebPage\",\"@id\":\"https:\/\/socialpubli.com\/blog\/es\/esta-semana-nos-vemos-en-web-summit\/\",\"url\":\"https:\/\/socialpubli.com\/blog\/es\/esta-semana-nos-vemos-en-web-summit\/\",\"name\":\"\u00a1Nos vemos en Web Summit esta semana! | SocialPubli Blog\",\"isPartOf\":{\"@id\":\"https:\/\/socialpubli.com\/blog\/#website\"},\"primaryImageOfPage\":{\"@id\":\"https:\/\/socialpubli.com\/blog\/es\/esta-semana-nos-vemos-en-web-summit\/#primaryimage\"},\"image\":{\"@id\":\"https:\/\/socialpubli.com\/blog\/es\/esta-semana-nos-vemos-en-web-summit\/#primaryimage\"},\"thumbnailUrl\":\"https:\/\/socialpubli.com\/blog\/wp-content\/uploads\/2015\/11\/WebSummit-Logo.png\",\"datePublished\":\"2015-11-02T16:52:50+00:00\",\"dateModified\":\"2025-09-03T10:19:16+00:00\",\"description\":\"Ma\u00f1ana empieza el evento de tecnolog\u00eda de internet m\u00e1s grande de Europa y nosotros vamos a estar all\u00ed. \u00a1Esta semana nos vemos en Web Summit! No faltes.\",\"breadcrumb\":{\"@id\":\"https:\/\/socialpubli.com\/blog\/es\/esta-semana-nos-vemos-en-web-summit\/#breadcrumb\"},\"inLanguage\":\"es\",\"potentialAction\":[{\"@type\":\"ReadAction\",\"target\":[\"https:\/\/socialpubli.com\/blog\/es\/esta-semana-nos-vemos-en-web-summit\/\"]}]},{\"@type\":\"ImageObject\",\"inLanguage\":\"es\",\"@id\":\"https:\/\/socialpubli.com\/blog\/es\/esta-semana-nos-vemos-en-web-summit\/#primaryimage\",\"url\":\"https:\/\/socialpubli.com\/blog\/wp-content\/uploads\/2015\/11\/WebSummit-Logo.png\",\"contentUrl\":\"https:\/\/socialpubli.com\/blog\/wp-content\/uploads\/2015\/11\/WebSummit-Logo.png\",\"width\":623,\"height\":361,\"caption\":\"WebSummit Logo\"},{\"@type\":\"BreadcrumbList\",\"@id\":\"https:\/\/socialpubli.com\/blog\/es\/esta-semana-nos-vemos-en-web-summit\/#breadcrumb\",\"itemListElement\":[{\"@type\":\"ListItem\",\"position\":1,\"name\":\"Portada\",\"item\":\"https:\/\/socialpubli.com\/blog\/\"},{\"@type\":\"ListItem\",\"position\":2,\"name\":\"\u00a1Esta semana nos vemos en Web Summit!\"}]},{\"@type\":\"WebSite\",\"@id\":\"https:\/\/socialpubli.com\/blog\/#website\",\"url\":\"https:\/\/socialpubli.com\/blog\/\",\"name\":\"Social Publi Blog\",\"description\":\"Tendencias en marketing de influencers, branded content y estrategia en redes sociales.\",\"publisher\":{\"@id\":\"https:\/\/socialpubli.com\/blog\/#organization\"},\"potentialAction\":[{\"@type\":\"SearchAction\",\"target\":{\"@type\":\"EntryPoint\",\"urlTemplate\":\"https:\/\/socialpubli.com\/blog\/?s={search_term_string}\"},\"query-input\":{\"@type\":\"PropertyValueSpecification\",\"valueRequired\":true,\"valueName\":\"search_term_string\"}}],\"inLanguage\":\"es\"},{\"@type\":\"Organization\",\"@id\":\"https:\/\/socialpubli.com\/blog\/#organization\",\"name\":\"SocialPubli\",\"url\":\"https:\/\/socialpubli.com\/blog\/\",\"logo\":{\"@type\":\"ImageObject\",\"inLanguage\":\"es\",\"@id\":\"https:\/\/socialpubli.com\/blog\/#\/schema\/logo\/image\/\",\"url\":\"https:\/\/socialpubli.com\/blog\/wp-content\/uploads\/2017\/01\/logo-blog.png\",\"contentUrl\":\"https:\/\/socialpubli.com\/blog\/wp-content\/uploads\/2017\/01\/logo-blog.png\",\"width\":284,\"height\":53,\"caption\":\"SocialPubli\"},\"image\":{\"@id\":\"https:\/\/socialpubli.com\/blog\/#\/schema\/logo\/image\/\"}},{\"@type\":\"Person\",\"@id\":\"https:\/\/socialpubli.com\/blog\/#\/schema\/person\/26d7b037bc6b8f6a7086b73d14ce5d63\",\"name\":\"Redacci\u00f3n\",\"image\":{\"@type\":\"ImageObject\",\"inLanguage\":\"es\",\"@id\":\"https:\/\/socialpubli.com\/blog\/#\/schema\/person\/image\/\",\"url\":\"https:\/\/secure.gravatar.com\/avatar\/8eea57b285bdc2d2ad728ea4041506a69ae8e302228a422a8ef819d284c07da2?s=96&d=mm&r=g\",\"contentUrl\":\"https:\/\/secure.gravatar.com\/avatar\/8eea57b285bdc2d2ad728ea4041506a69ae8e302228a422a8ef819d284c07da2?s=96&d=mm&r=g\",\"caption\":\"Redacci\u00f3n\"},\"url\":\"https:\/\/socialpubli.com\/blog\/es\/author\/redaccion\/\"}]}<\/script>\n<!-- \/ Yoast SEO plugin. -->","yoast_head_json":{"title":"\u00a1Nos vemos en Web Summit esta semana! | SocialPubli Blog","description":"Ma\u00f1ana empieza el evento de tecnolog\u00eda de internet m\u00e1s grande de Europa y nosotros vamos a estar all\u00ed. \u00a1Esta semana nos vemos en Web Summit! No faltes.","robots":{"index":"index","follow":"follow","max-snippet":"max-snippet:-1","max-image-preview":"max-image-preview:large","max-video-preview":"max-video-preview:-1"},"canonical":"https:\/\/socialpubli.com\/blog\/es\/esta-semana-nos-vemos-en-web-summit\/","og_locale":"es_ES","og_type":"article","og_title":"\u00a1Nos vemos en Web Summit esta semana! | SocialPubli Blog","og_description":"Ma\u00f1ana empieza el evento de tecnolog\u00eda de internet m\u00e1s grande de Europa y nosotros vamos a estar all\u00ed. \u00a1Esta semana nos vemos en Web Summit! No faltes.","og_url":"https:\/\/socialpubli.com\/blog\/es\/esta-semana-nos-vemos-en-web-summit\/","og_site_name":"Social Publi Blog","article_published_time":"2015-11-02T16:52:50+00:00","article_modified_time":"2025-09-03T10:19:16+00:00","og_image":[{"width":623,"height":361,"url":"https:\/\/socialpubli.com\/blog\/wp-content\/uploads\/2015\/11\/WebSummit-Logo.png","type":"image\/png"}],"author":"Redacci\u00f3n","twitter_card":"summary_large_image","twitter_misc":{"Escrito por":"Redacci\u00f3n","Tiempo de lectura":"2 minutos"},"schema":{"@context":"https:\/\/schema.org","@graph":[{"@type":"Article","@id":"https:\/\/socialpubli.com\/blog\/es\/esta-semana-nos-vemos-en-web-summit\/#article","isPartOf":{"@id":"https:\/\/socialpubli.com\/blog\/es\/esta-semana-nos-vemos-en-web-summit\/"},"author":{"name":"Redacci\u00f3n","@id":"https:\/\/socialpubli.com\/blog\/#\/schema\/person\/26d7b037bc6b8f6a7086b73d14ce5d63"},"headline":"\u00a1Esta semana nos vemos en Web Summit!","datePublished":"2015-11-02T16:52:50+00:00","dateModified":"2025-09-03T10:19:16+00:00","mainEntityOfPage":{"@id":"https:\/\/socialpubli.com\/blog\/es\/esta-semana-nos-vemos-en-web-summit\/"},"wordCount":206,"publisher":{"@id":"https:\/\/socialpubli.com\/blog\/#organization"},"image":{"@id":"https:\/\/socialpubli.com\/blog\/es\/esta-semana-nos-vemos-en-web-summit\/#primaryimage"},"thumbnailUrl":"https:\/\/socialpubli.com\/blog\/wp-content\/uploads\/2015\/11\/WebSummit-Logo.png","keywords":["marketing","Tecnolog\u00eda"],"articleSection":["Sobre Nosotros"],"inLanguage":"es"},{"@type":"WebPage","@id":"https:\/\/socialpubli.com\/blog\/es\/esta-semana-nos-vemos-en-web-summit\/","url":"https:\/\/socialpubli.com\/blog\/es\/esta-semana-nos-vemos-en-web-summit\/","name":"\u00a1Nos vemos en Web Summit esta semana! | SocialPubli Blog","isPartOf":{"@id":"https:\/\/socialpubli.com\/blog\/#website"},"primaryImageOfPage":{"@id":"https:\/\/socialpubli.com\/blog\/es\/esta-semana-nos-vemos-en-web-summit\/#primaryimage"},"image":{"@id":"https:\/\/socialpubli.com\/blog\/es\/esta-semana-nos-vemos-en-web-summit\/#primaryimage"},"thumbnailUrl":"https:\/\/socialpubli.com\/blog\/wp-content\/uploads\/2015\/11\/WebSummit-Logo.png","datePublished":"2015-11-02T16:52:50+00:00","dateModified":"2025-09-03T10:19:16+00:00","description":"Ma\u00f1ana empieza el evento de tecnolog\u00eda de internet m\u00e1s grande de Europa y nosotros vamos a estar all\u00ed. \u00a1Esta semana nos vemos en Web Summit! No faltes.","breadcrumb":{"@id":"https:\/\/socialpubli.com\/blog\/es\/esta-semana-nos-vemos-en-web-summit\/#breadcrumb"},"inLanguage":"es","potentialAction":[{"@type":"ReadAction","target":["https:\/\/socialpubli.com\/blog\/es\/esta-semana-nos-vemos-en-web-summit\/"]}]},{"@type":"ImageObject","inLanguage":"es","@id":"https:\/\/socialpubli.com\/blog\/es\/esta-semana-nos-vemos-en-web-summit\/#primaryimage","url":"https:\/\/socialpubli.com\/blog\/wp-content\/uploads\/2015\/11\/WebSummit-Logo.png","contentUrl":"https:\/\/socialpubli.com\/blog\/wp-content\/uploads\/2015\/11\/WebSummit-Logo.png","width":623,"height":361,"caption":"WebSummit Logo"},{"@type":"BreadcrumbList","@id":"https:\/\/socialpubli.com\/blog\/es\/esta-semana-nos-vemos-en-web-summit\/#breadcrumb","itemListElement":[{"@type":"ListItem","position":1,"name":"Portada","item":"https:\/\/socialpubli.com\/blog\/"},{"@type":"ListItem","position":2,"name":"\u00a1Esta semana nos vemos en Web Summit!"}]},{"@type":"WebSite","@id":"https:\/\/socialpubli.com\/blog\/#website","url":"https:\/\/socialpubli.com\/blog\/","name":"Social Publi Blog","description":"Tendencias en marketing de influencers, branded content y estrategia en redes sociales.","publisher":{"@id":"https:\/\/socialpubli.com\/blog\/#organization"},"potentialAction":[{"@type":"SearchAction","target":{"@type":"EntryPoint","urlTemplate":"https:\/\/socialpubli.com\/blog\/?s={search_term_string}"},"query-input":{"@type":"PropertyValueSpecification","valueRequired":true,"valueName":"search_term_string"}}],"inLanguage":"es"},{"@type":"Organization","@id":"https:\/\/socialpubli.com\/blog\/#organization","name":"SocialPubli","url":"https:\/\/socialpubli.com\/blog\/","logo":{"@type":"ImageObject","inLanguage":"es","@id":"https:\/\/socialpubli.com\/blog\/#\/schema\/logo\/image\/","url":"https:\/\/socialpubli.com\/blog\/wp-content\/uploads\/2017\/01\/logo-blog.png","contentUrl":"https:\/\/socialpubli.com\/blog\/wp-content\/uploads\/2017\/01\/logo-blog.png","width":284,"height":53,"caption":"SocialPubli"},"image":{"@id":"https:\/\/socialpubli.com\/blog\/#\/schema\/logo\/image\/"}},{"@type":"Person","@id":"https:\/\/socialpubli.com\/blog\/#\/schema\/person\/26d7b037bc6b8f6a7086b73d14ce5d63","name":"Redacci\u00f3n","image":{"@type":"ImageObject","inLanguage":"es","@id":"https:\/\/socialpubli.com\/blog\/#\/schema\/person\/image\/","url":"https:\/\/secure.gravatar.com\/avatar\/8eea57b285bdc2d2ad728ea4041506a69ae8e302228a422a8ef819d284c07da2?s=96&d=mm&r=g","contentUrl":"https:\/\/secure.gravatar.com\/avatar\/8eea57b285bdc2d2ad728ea4041506a69ae8e302228a422a8ef819d284c07da2?s=96&d=mm&r=g","caption":"Redacci\u00f3n"},"url":"https:\/\/socialpubli.com\/blog\/es\/author\/redaccion\/"}]}},"_links":{"self":[{"href":"https:\/\/socialpubli.com\/blog\/es\/wp-json\/wp\/v2\/posts\/937","targetHints":{"allow":["GET"]}}],"collection":[{"href":"https:\/\/socialpubli.com\/blog\/es\/wp-json\/wp\/v2\/posts"}],"about":[{"href":"https:\/\/socialpubli.com\/blog\/es\/wp-json\/wp\/v2\/types\/post"}],"author":[{"embeddable":true,"href":"https:\/\/socialpubli.com\/blog\/es\/wp-json\/wp\/v2\/users\/2"}],"replies":[{"embeddable":true,"href":"https:\/\/socialpubli.com\/blog\/es\/wp-json\/wp\/v2\/comments?post=937"}],"version-history":[{"count":10,"href":"https:\/\/socialpubli.com\/blog\/es\/wp-json\/wp\/v2\/posts\/937\/revisions"}],"predecessor-version":[{"id":3536,"href":"https:\/\/socialpubli.com\/blog\/es\/wp-json\/wp\/v2\/posts\/937\/revisions\/3536"}],"wp:featuredmedia":[{"embeddable":true,"href":"https:\/\/socialpubli.com\/blog\/es\/wp-json\/wp\/v2\/media\/939"}],"wp:attachment":[{"href":"https:\/\/socialpubli.com\/blog\/es\/wp-json\/wp\/v2\/media?parent=937"}],"wp:term":[{"taxonomy":"category","embeddable":true,"href":"https:\/\/socialpubli.com\/blog\/es\/wp-json\/wp\/v2\/categories?post=937"},{"taxonomy":"post_tag","embeddable":true,"href":"https:\/\/socialpubli.com\/blog\/es\/wp-json\/wp\/v2\/tags?post=937"}],"curies":[{"name":"wp","href":"https:\/\/api.w.org\/{rel}","templated":true}]}}